{"id":87716,"date":"2025-10-28T03:22:06","date_gmt":"2025-10-28T02:22:06","guid":{"rendered":"https:\/\/www.die-stadtzeitung.de\/?p=87716"},"modified":"2025-11-03T17:53:45","modified_gmt":"2025-11-03T16:53:45","slug":"second-skin-haushaltsartikel-als-kunstobjekte","status":"publish","type":"post","link":"https:\/\/www.die-stadtzeitung.de\/index.php\/2025\/10\/28\/second-skin-haushaltsartikel-als-kunstobjekte\/","title":{"rendered":"&#8222;Second Skin&#8220;: Haushaltsartikel als Kunstobjekte"},"content":{"rendered":"<div id=\"attachment_87720\" class=\"wp-caption alignnone\" style=\"max-width: 908px;\"><img loading=\"lazy\" decoding=\"async\" class=\"size-full wp-image-87720\" src=\"\/wp-content\/uploads\/2025\/10\/IMG_9005.jpeg\" alt=\"\" width=\"898\" height=\"696\" \/><span class=\"wp-caption-text\">Die au\u00dfergew\u00f6hnliche K\u00fcnstlerin Inge Heinicke-Baldau &#8211; \u00a9 Dr. Jutta H\u00f6fel<\/span><\/div>\n<p class=\"p1\"><span class=\"s1\">Aufwendige Roben mit R\u00fcschenmiedern arrangiert sie aus Vinylhandschuhen, vielfach gestufte R\u00f6cke aus Staubwischern und Einmalwaschlappen und ein feschleichtes Sommerh\u00e4ngerchenaus zwei seidenmatten M\u00fcllbeuteln mit gelbem Schleifenzug. Haushaltsartikel wie Topfreiniger, Zwirnkn\u00e4uel und Frischhaltefolie tragen auch die \u201ePoup\u00e9es\u201c, die in einer Fotoserie portr\u00e4tiert sind.\u00a0<\/span><\/p>\n<p class=\"p1\"><span class=\"s1\">\u00a0<\/span><span class=\"s1\">Das gewitzte Changieren der Werke zwischen Schein und Sein st\u00f6\u00dft Fragen an zur Wertigkeit der Gegenst\u00e4nde, die wir auf uns tragen, mit denen wir uns umgeben und zu den ausbeuterischen Bedingungen unserer Produktion \u201ef\u00fcr die Tonne\u201c, aber auch zu Ordnungs- und Sauberkeitskulten, mit denen wir unsere ersten, zweiten und weiteren H\u00fcllen zu sch\u00fctzen versuchen.\u00a0<\/span><\/p>\n<h4>Ungew\u00f6hnliche Materialien<\/h4>\n<p class=\"p1\"><span class=\"s1\">\u00a0<\/span><span class=\"s1\">Andere Perspektiven entwirft eine Reihe mehrschichtiger\u201eM\u00e4rchenkleider\u201c, die ebenso wie das Puppenspiel zur\u00fcckgreift auf fr\u00fchere kindliche Erfahrungen mit der Bedeutsamkeit von \u201eAnziehsachen\u201c. Wer h\u00e4tte nicht gern die Gew\u00e4nder und Rollen von Prinzessinnen und Prinzen ausprobiert?\u00a0<\/span><\/p>\n<p class=\"p1\"><span class=\"s1\">Inge Heinicke-Baldau collagiert Ausschnitte aus romantisierend-naturalistischen Illustrationen mit gestischgestalteten Papieren, figurativen Linoldrucken und grafischen Neonelementen in einer gleichbleibenden Kleidkontur. Darin treffen verschiedene k\u00fcnstlerische Stile und mit ihnen historische Epochen aufeinander und verbinden sich zu \u00fcberzeitlichen bildnerischen Erz\u00e4hlungen und Symbolen nicht nur europ\u00e4ischer Tradition.\u00a0<\/span><\/p>\n<p class=\"p1\"><span class=\"s1\">Zu Bildern aufgel\u00f6ste Muster auf kleidhafter Leinwand, sensible Gem\u00e4lde, textile Objekte und farbige auf Holz gesetzte Piktogramme \u2013 es gibt viel zu entdecken in dieser Ausstellung, viele \u00e4sthetische Augenblicke und viele Anregungen, die wir daraus mitnehmen k\u00f6nnen. \u00a0<\/span><\/p>\n<p><strong>Termin:<\/strong><\/p>\n<h4>\u201eSecond Skin\u201c<\/h4>\n<p><strong>Eine Ausstellung von <span class=\"s1\">Inge Heinicke-Baldau<\/span><\/strong><\/p>\n<p><span class=\"s1\">Einf\u00fchrung: Dr. Jutta H\u00f6fel <\/span><\/p>\n<p>Musikalische Untermalung: <span class=\"s1\">Carlos Gabriel Klein<\/span><\/p>\n<p class=\"p1\"><span class=\"s1\">Sonntag &#8211; 09. November 2025 &#8211; 12:00 Uhr\u00a0<\/span><\/p>\n<p>BKG-Studio &#8211; Kolkmannhaus &#8211; 3. OG &#8211; Hofaue 55 &#8211; 42103 Wuppertal<\/p>\n<p><span class=\"s1\">Die Ausstellung ist bis zum 30. 11. an Samstagen und Sonntagen jeweils von 14 bis 17 Uhr ge\u00f6ffnet.<\/span><\/p>\n<p class=\"p1\"><span class=\"s1\">Die Ausstellung wird am Sonntag, 9. November 2025 um 12 Uhr im BKG-Studio im Kolkmannhaus, Hofaue 55, 3. OG er\u00f6ffnet. Zur Vernissage gibt Dr. Jutta H\u00f6fel eine Einf\u00fchrung, Carlos Gabriel Klein umrahmt mit Gitarre und Gesang die Veranstaltung.\u00a0<\/span><\/p>\n","protected":false},"excerpt":{"rendered":"<p>Haushaltsartikel als Kunstobjekte! Inge Heinicke-Baldau l\u00e4dt zu ihrer au\u00dfergew\u00f6hnlichen Ausstellung \u201eSecond Skin\u201c in BKG-Studio ein. Die Kunst-Fans sollen auf am\u00fcsant-hintergr\u00fcndige Weise existentielle und essentielle Aspekte unserer Kleidung erkunden. \u00a0Mit ungew\u00f6hnlichen Materialien schafft die K\u00fcnstlerin ihren Modellen verbl\u00fcffende Auftritte.<\/p>\n","protected":false},"author":7,"featured_media":0,"comment_status":"open","ping_status":"open","sticky":false,"template":"","format":"standard","meta":{"footnotes":""},"categories":[29],"tags":[],"class_list":["post-87716","post","type-post","status-publish","format-standard","hentry","category-kultur"],"publishpress_future_action":{"enabled":false,"date":"2026-05-05 12:27:02","action":"change-status","newStatus":"draft","terms":[],"taxonomy":"category","extraData":[]},"publishpress_future_workflow_manual_trigger":{"enabledWorkflows":[]},"_links":{"self":[{"href":"https:\/\/www.die-stadtzeitung.de\/index.php\/wp-json\/wp\/v2\/posts\/87716","targetHints":{"allow":["GET"]}}],"collection":[{"href":"https:\/\/www.die-stadtzeitung.de\/index.php\/wp-json\/wp\/v2\/posts"}],"about":[{"href":"https:\/\/www.die-stadtzeitung.de\/index.php\/wp-json\/wp\/v2\/types\/post"}],"author":[{"embeddable":true,"href":"https:\/\/www.die-stadtzeitung.de\/index.php\/wp-json\/wp\/v2\/users\/7"}],"replies":[{"embeddable":true,"href":"https:\/\/www.die-stadtzeitung.de\/index.php\/wp-json\/wp\/v2\/comments?post=87716"}],"version-history":[{"count":6,"href":"https:\/\/www.die-stadtzeitung.de\/index.php\/wp-json\/wp\/v2\/posts\/87716\/revisions"}],"predecessor-version":[{"id":87831,"href":"https:\/\/www.die-stadtzeitung.de\/index.php\/wp-json\/wp\/v2\/posts\/87716\/revisions\/87831"}],"wp:attachment":[{"href":"https:\/\/www.die-stadtzeitung.de\/index.php\/wp-json\/wp\/v2\/media?parent=87716"}],"wp:term":[{"taxonomy":"category","embeddable":true,"href":"https:\/\/www.die-stadtzeitung.de\/index.php\/wp-json\/wp\/v2\/categories?post=87716"},{"taxonomy":"post_tag","embeddable":true,"href":"https:\/\/www.die-stadtzeitung.de\/index.php\/wp-json\/wp\/v2\/tags?post=87716"}],"curies":[{"name":"wp","href":"https:\/\/api.w.org\/{rel}","templated":true}]}}