{"id":87696,"date":"2025-10-18T07:33:41","date_gmt":"2025-10-18T05:33:41","guid":{"rendered":"https:\/\/www.die-stadtzeitung.de\/?p=87696"},"modified":"2025-10-29T17:56:28","modified_gmt":"2025-10-29T16:56:28","slug":"wsv-fahrstuhl-nach-oben-erst-einmal-besetzt","status":"publish","type":"post","link":"https:\/\/www.die-stadtzeitung.de\/index.php\/2025\/10\/18\/wsv-fahrstuhl-nach-oben-erst-einmal-besetzt\/","title":{"rendered":"WSV: Fahrstuhl nach oben erst einmal besetzt"},"content":{"rendered":"<div id=\"attachment_87700\" class=\"wp-caption alignnone\" style=\"max-width: 2570px;\"><img loading=\"lazy\" decoding=\"async\" class=\"wp-image-87700 size-full\" src=\"\/wp-content\/uploads\/2025\/10\/Luyumbala-im-Einsatz-JC-scaled-1.jpg\" alt=\"\" width=\"2560\" height=\"1818\" \/><span class=\"wp-caption-text\">Dem sonst so zuverl\u00e4ssigen WSV-Torh\u00fcter Michael Luyambula rutschte diesmal ein Ball durch die Finger &#8211; \u00a9 Archivfot Jochen Classen<\/span><\/div>\n<p>Ganze 515 Zuschauer hatten sich zu dieser Partie um 14 Uhr bei str\u00f6menden Regen in das altehrw\u00fcrdige Rheydter Grenzland-Stadion verlaufen, das 10.000 Zuschauern Platz bieten k\u00f6nnte. Die meisten kamen vermutlich sogar aus Wuppertal, wie man ihrem\u00a0 Schlachtruf entnehme konnten: \u201eWuppertaler SV wir werden immer bei dir sein\u201c, skandierten die Fans bei Spielbeginn, nachdem sie wegen des scheusslichen Wetters ohne zus\u00e4tzliche Kosten auf der \u00fcberdachten Trib\u00fcne \u00a0&#8211; an der, nach der Trainer-Ikone benannten Hennes-Weisweiler-Allee-Platz nehmen durften.<\/p>\n<h4>Jung-Fohlen im Schatten des Bundesligisten<\/h4>\n<p>Der Grund f\u00fcr das fehlende Interesse aber d\u00fcrfte an der im Borussen-Park 6,4 km entfernten Bundesliga Partie von Borussia M\u00f6nchengladbach gegen Bundesliga-Spitzenreiter Bayern M\u00fcnchen zu suchen sein, die im Borussia Park wegen eines Verkehrsstaus mit 15 min\u00fctigen Versp\u00e4tung um 15:45 angepfiffen wurde und mit\u00a0 3:0 f\u00fcr die Bayern endete. Hier hatten sich 54.042 Zuschauer eingefunden.<\/p>\n<p>\u201eAuch wenn Gladbach nat\u00fcrlich eine gute Mannschaft hat, insgesamt war aber mehr m\u00f6glich\u201c, brachte WSV-Sport-Direktor Gaetano Manno seine Entt\u00e4uschung zum Ausdruck. Er empfand\u00a0 den 1:1-Ausgleich f\u00fcr den Gastgeber direkt nach der Pause als \u201eTiefschlag\u201c. Tats\u00e4chlich hatte die verdiente 1:0 F\u00fchrung nach Elfmetertor durch den herausragenden Cellar Aydogan in der 23. Minute dem WSV im ersten Spielabschnitt Fl\u00fcgel wachsen lassen.<\/p>\n<div id=\"attachment_86797\" class=\"wp-caption alignnone\" style=\"max-width: 2570px;\"><img loading=\"lazy\" decoding=\"async\" class=\"wp-image-86797 size-full\" src=\"\/wp-content\/uploads\/2025\/09\/Fehr-Jeff-Denis-1-JC-scaled.jpg\" alt=\"\" width=\"2560\" height=\"1707\" \/><span class=\"wp-caption-text\">St\u00fcrmer Jeff Fehr (r.) musste wegen einer erneuten Verletzung in der 35. Minute ausgewechselt werden &#8211; \u00a9 Archivfoto Jochen Classen<\/span><\/div>\n<p>Zuvor hatte der luxemburgische Nationaltorwart Tiago Pereira Cardoso (19) im Kasten der Gladbacher einen Schuss von Aydogan nicht festhalten k\u00f6nnen. Cardoso foulte den nachsetzenden Daiki Kamo, so dass Schiri Cedric Gottschalk (Bottrop) zu Recht auf Elfmeter entschied. Ein Erfolgsrezept der im traditionellen rot-blauen Trikots angetretenen Wuppertaler waren das Mittelfeld schnell \u00fcberber\u00fcckende, von hinten vorgetragene lange B\u00e4lle, die dem WSV in der ersten Spielh\u00e4lfte deutliche Vorteile brachten und zu einer h\u00f6heren F\u00fchrung\u00a0 h\u00e4tten f\u00fchren k\u00f6nnen.<\/p>\n<h4>Tyrala: \u201eDa kann man schon mal sauer werden\u201c<\/h4>\n<p>Das Team von U23-Trainer Sascha Eickel hatte Torj\u00e4ger Jan Ulbricht (elf Treffer) diesmal f\u00fcr die Bundesliga-Mannschaft der Gladbacher abstellen m\u00fcssen, wo er gegen Bayern M\u00fcnchen in der 76. Minute f\u00fcr Netz eingewechselt wurde. Das Eickel Team kam hochmotiviert aus der Kabine und erh\u00f6hte den Druck sofort erkennbar. Die Gladbacher liessen die bis dahin stabile WSV-Abwehr jetzt \u201ealt\u201c aussehen. Fritz Henri Flecks Schuss rutscht dem einmal mehr dem sehr guten Michael Luyambula im Tor des WSV durch die Finger (47.) und f\u00fchrte zum (zu) fr\u00fchen Ausgleich. WSV-Trainer Tyrala reagierte mit er Auswechselung von Kamo und Arambasic, f\u00fcr die Vincent Schaub und Ronay Arabaci (61.) kamen.<\/p>\n<p>Die folgende F\u00fchrung f\u00fcr die Gastgeber war deshalb f\u00fcr den WSV \u00e4rgerlich, weil\u00a0 der als Joker im Team von Trainer Eickel eingewechselte Justin Adozi v\u00f6llig frei zum Kopfball kam (78.).\u00a0 Dominic Duncan und Hans Juraj Hartmann waren in dieser Szene nicht ganz auf Ballh\u00f6he. Tyrala: \u201eDa haben sich alle zugeguckt. Wir haben uns um den eigenen Lohn gebracht. Da kann man auch mal sauer werden.\u201c In der Folge drehte der WSV noch ein mal auf, ohne zu wirklich torreifen Abschl\u00fcssen zu kommen. Das, obwohl die Jungfohlen nach dem Platzverweis ihres Innenverteidigers Tyler Louis Meiser (Ampelkarte) ab der 81. nur noch mit zehn Akteuren auf dem regennassen Rasen standen.<\/p>\n<div id=\"attachment_87005\" class=\"wp-caption alignnone\" style=\"max-width: 2509px;\"><img loading=\"lazy\" decoding=\"async\" class=\"wp-image-87005 size-full\" src=\"\/wp-content\/uploads\/2025\/09\/Tyrala-S.-12-JC.jpg\" alt=\"\" width=\"2499\" height=\"1666\" \/><span class=\"wp-caption-text\">Trainer Sebastian Tyrala konnte nicht verhindern, dass seine Abwehr in der zweiten Halbzeit einige Male den \u00dcberblick verlor &#8211; \u00a9 Archivfoto Jochen Classen<\/span><\/div>\n<p>WSV-Trainer Sebastian Tyrala erkannte den Sieg der Gastgeber an: \u201eWir waren nicht chancenlos, haben aber auch nicht unberechtigt verloren.&#8220;\u00a0 \u00c4rgerlich f\u00fcr ihn indessen die h\u00e4ufigen Verletzungen von Jeff Fehr und Kadi Atmaca. Hier scheint die medizinische Abteilung einmal mehr gefragt zu sein. \u201eWir m\u00fcssen da mal auf Ursachenforschung gehen\u201c, erkl\u00e4rte der Coach, der nunmehr seit einem Jahr auf der WSV Kommando-Br\u00fccke steht und in schwierigen Zeiten eine beachtlichen Bilanz vorweisen kann.<\/p>\n<h4>Losgl\u00fcck: WSV winkt Final-Teilnahme<\/h4>\n<p>Im Niederrhein-Pokal stehen einige Zeichen inzwischen auf Final-Teilnahme, denn die beiden n\u00e4chsten Gegner werden ausschlie\u00dflich Oberligisten sein. Der WSV muss zun\u00e4chst zum FC B\u00fcderich, im Halbfinale wartet dann der Sieger der Partie SC St. T\u00f6nis gegen den VfB Hilden. Auf dem Papier also l\u00f6sbare Aufgaben. Favorit f\u00fcr das Finale ist Drittligist MSV Duisburg. Da w\u00e4re man nat\u00fcrlich gerne mit im Rennen. Und da darf man hoffen, dass der Aufzug nach oben, frei nach dem \u201eHazy Osterwald Sextett\u201c, dann nicht wieder besetzt ist.<\/p>\n<p><b>Text: Siegfried J\u00e4hne<\/b><\/p>\n<h4>Borussia M\u00f6nchengladbach U 23 &#8211; Wuppertaler SV 2:1 (0:1)<\/h4>\n<p><b>Aufstellung VfL Borussia M\u00f6nchengladbach U23<\/b>:<\/p>\n<p>Tiago Pereira Cardoso (TW) &#8211; Yannick Michaelis (ab 85. Korb), Fritz Henri Fleck (ab 71. B\u00fcy\u00fckarslan),\u00a0 Lion Schweers (K),\u00a0 Grant-Leon Ranos (ab 90. Uwakhonye),\u00a0 Veit Stange, Charles Kwablan Herrmann (ab 71. Adozi), Kilian Sauck (ab 85. Cirpan), Niklas Swider, 4 Tyler Louis Meiser, Nico Vidic.<\/p>\n<p><b>Trainer: <\/b>Sascha Eickel<\/p>\n<p><b>Aufstellung Wuppertaler SV:<\/b><\/p>\n<p>Ngemba Michael Luyambula (TW, K) &#8211; Toshiaki Miyamoto, Salmin Rebronja (ab 82. Kleiner),\u00a0 Aldin Dervisevic,\u00a0 Dominic-Maximilian Constantine Duncan, Jeremy Celal Aydogan,\u00a0 Daiki Kamo (ab 62. Schaub), Hans Juraj Hartmann, Jeff-Denis Fehr (ab 35. Bouzraa), Levin M\u00fcller,\u00a0 Alessio Arambasic (ab 62. Arabaci).<\/p>\n<p><b>Trainer: <\/b>Sebastian Tyrala<\/p>\n<p><strong>Tore:<\/strong> 0:1 Aydogan (23. FE) &#8211; 1:1 Fleck (47.) &#8211; 2:1 Adozi (78.)<\/p>\n<p><b>Zuschauer:<\/b> 515<\/p>\n<p><b>Gelbe Karten: <\/b>Vidic (36.), Herrmann (58.), Meiser (65.) -Arambasic (31.)<\/p>\n<p><b>Gelb-Rote Karten:<\/b> Meiser (81.)<\/p>\n<p><b>Schiedsrichter: <\/b>Cedric Gottschalk<\/p>\n","protected":false},"excerpt":{"rendered":"<p>F\u00fcr den WSV ist der Fahrstuhl nach oben erst einmal besetzt. Nach vier Spielen ohne Niederlage verloren die Wuppertaler bei Borussia M\u00f6nchengladbachs U23 trotz einer 1:0 Halbzeitf\u00fchrung etwas ungl\u00fccklich mit 2:1 Toren. Statt eines Platzes im oberen Mittelfeld findet sich das Tyrala-Team am 13. Spieltag auf dem 12. Tabellenplatz der Regionalliga West wieder.<\/p>\n","protected":false},"author":7,"featured_media":0,"comment_status":"open","ping_status":"open","sticky":false,"template":"","format":"standard","meta":{"footnotes":""},"categories":[20],"tags":[],"class_list":["post-87696","post","type-post","status-publish","format-standard","hentry","category-sport"],"publishpress_future_action":{"enabled":false,"date":"2026-05-07 00:43:55","action":"change-status","newStatus":"draft","terms":[],"taxonomy":"category","extraData":[]},"publishpress_future_workflow_manual_trigger":{"enabledWorkflows":[]},"_links":{"self":[{"href":"https:\/\/www.die-stadtzeitung.de\/index.php\/wp-json\/wp\/v2\/posts\/87696","targetHints":{"allow":["GET"]}}],"collection":[{"href":"https:\/\/www.die-stadtzeitung.de\/index.php\/wp-json\/wp\/v2\/posts"}],"about":[{"href":"https:\/\/www.die-stadtzeitung.de\/index.php\/wp-json\/wp\/v2\/types\/post"}],"author":[{"embeddable":true,"href":"https:\/\/www.die-stadtzeitung.de\/index.php\/wp-json\/wp\/v2\/users\/7"}],"replies":[{"embeddable":true,"href":"https:\/\/www.die-stadtzeitung.de\/index.php\/wp-json\/wp\/v2\/comments?post=87696"}],"version-history":[{"count":5,"href":"https:\/\/www.die-stadtzeitung.de\/index.php\/wp-json\/wp\/v2\/posts\/87696\/revisions"}],"predecessor-version":[{"id":87715,"href":"https:\/\/www.die-stadtzeitung.de\/index.php\/wp-json\/wp\/v2\/posts\/87696\/revisions\/87715"}],"wp:attachment":[{"href":"https:\/\/www.die-stadtzeitung.de\/index.php\/wp-json\/wp\/v2\/media?parent=87696"}],"wp:term":[{"taxonomy":"category","embeddable":true,"href":"https:\/\/www.die-stadtzeitung.de\/index.php\/wp-json\/wp\/v2\/categories?post=87696"},{"taxonomy":"post_tag","embeddable":true,"href":"https:\/\/www.die-stadtzeitung.de\/index.php\/wp-json\/wp\/v2\/tags?post=87696"}],"curies":[{"name":"wp","href":"https:\/\/api.w.org\/{rel}","templated":true}]}}