{"id":87563,"date":"2025-10-14T12:16:56","date_gmt":"2025-10-14T10:16:56","guid":{"rendered":"https:\/\/www.die-stadtzeitung.de\/?p=87563"},"modified":"2025-10-23T08:33:51","modified_gmt":"2025-10-23T06:33:51","slug":"wsv-trainer-tyrala-das-war-fussball-brutal","status":"publish","type":"post","link":"https:\/\/www.die-stadtzeitung.de\/index.php\/2025\/10\/14\/wsv-trainer-tyrala-das-war-fussball-brutal\/","title":{"rendered":"WSV-Trainer Sebastian Tyrala: \u201eDas war Fu\u00dfball brutal\u201c"},"content":{"rendered":"<div id=\"attachment_87567\" class=\"wp-caption alignnone\" style=\"max-width: 2570px;\"><img loading=\"lazy\" decoding=\"async\" class=\"wp-image-87567 size-full\" src=\"\/wp-content\/uploads\/2025\/10\/Classen-18-10-2025-107-scaled.jpg\" alt=\"\" width=\"2560\" height=\"1706\" \/><span class=\"wp-caption-text\">Ronay Aarabaci (l.) jubelt mit Fritz Kleiner, der in letzter Sekunde das 2:2 erzielte &#8211; \u00a9 Jochen Classen<\/span><\/div>\n<p>Damit blieb der WSV im vierten Spiel in Folge ohne Niederlage und r\u00fcckte in der Tabelle an diesem 12. Spieltag der Regionalliga West auf den 11. Tabellenplatz vor. Dabei sahen die Rotblauen gegen den Tabellenvorletzten schon wie der sichere Verlieren aus. Denn der VfL hatte nach den Worten von ihrem Trainer Heiko Butscher \u201eseine bisher beste Ausw\u00e4rtsleistung\u201c gezeigt.<\/p>\n<p>Aufsteiger Bochum zahlte in seiner ersten Regionalliga-Saison schon Lehrgeld, zeigte aber immer wieder gute Ans\u00e4tze und wurde meist unter Wert bezwungen. Einem einzigen Sieg (gegen R\u00f6dinghausen) standen f\u00fcnf Niederlagen, aber auch f\u00fcnf Unentschieden gegen\u00fcber, die dem junge Team einen Abstiegsplatz einbrachten. Zuletzt verloren die Westfalen nach F\u00fchrung gegen SF Lotte 1:2. Ihr UEFA-Pro-Lizenz-Trainer Butscher (45) hatte da von \u201ezwei Minuten Tiefschlaf\u201c gesprochen, die erst die Niederlage verursachten.<\/p>\n<p>Folgerichtig ging das Wuppertaler Trainerteam die Partie betont vorsichtig an und so operierte das Team zun\u00e4chst wieder aus einer gefestigten Abwehr. Schaub und Bouzraa standen f\u00fcr Kamo und Bielitza in der Start-Elf. Beide Teams riskierten nichts, kamen aber durchaus zu einigen, wenn auch wenigen Torchancen. Die beiden besten M\u00f6glichkeiten der ersten H\u00e4lfe vergab f\u00fcr die Gastgeber Dominic Duncan.<\/p>\n<div id=\"attachment_87568\" class=\"wp-caption alignnone\" style=\"max-width: 2570px;\"><img loading=\"lazy\" decoding=\"async\" class=\"wp-image-87568 size-full\" src=\"\/wp-content\/uploads\/2025\/10\/Classen-18-10-2025-327-scaled.jpg\" alt=\"\" width=\"2560\" height=\"1707\" \/><span class=\"wp-caption-text\">Chestrin Oustwood kam nach der Pause zu seiner Regionalliga-Premiere f\u00fcr den WSV &#8211; \u00a9 Jochen Classen<\/span><\/div>\n<p>W\u00e4hrend der WSV insgesamt blass blieb, kamen die G\u00e4ste zu einer optischen \u00dcberlegenheit, die in der 28. Minute mit der 1:0-F\u00fchrung belohnt wurde. Ein Fehlpass von WSV-Torwart\u00a0 Michael Luyambula, abgefangen von Alessandro Crimaldi, war Ausgangspunkt f\u00fcr den dann unhaltbaren Treffer.<\/p>\n<h4>Sturm-Star Dildar Atmaca spielte nur 14 Minuten<\/h4>\n<p>In der zweiten Spielh\u00e4lfte wechselte Trainer Tyrala f\u00fcr Juraj Hartmann Neuzugang Chestrin Oustwood ein, der damit sein Regionalliga-Deb\u00fct hatte. Die erhoffte Wirkung entfaltete das nicht, so dass Tyrala in der 59.Minute mit einem Dreifach-Wechsel reagierte: Daiki Kamo (f\u00fcr Schaub), Dildar Atmaca (f\u00fcr Fehr) und Ronay Arabaci (f\u00fcr Bouzraa).<\/p>\n<p>Der im Pokalspiel ob seines tollen Siegtores zuletzt in Essen noch gefeierte Dildar Atmaca mu\u00dfte aber bereits in der 73. verletzungsbedingt wieder ausgewechselt werden. Offenbar traten die Probleme erneut auf, die ihm schon seit Beginn der Saison schmerzhaft begleiteten und zum mehrw\u00f6chigen Ausfall f\u00fchrten. Prognosen waren auch nach Spielschluss noch nicht m\u00f6glich, da er aus verst\u00e4ndlichen Gr\u00fcnden, wohl auch schmerzbedingt wohl das Schweigen vorzog. F\u00fcr ihn kam Fritz Kleiner, der dann noch von sich reden machen sollte.<\/p>\n<div id=\"attachment_87569\" class=\"wp-caption alignnone\" style=\"max-width: 2570px;\"><img loading=\"lazy\" decoding=\"async\" class=\"wp-image-87569 size-full\" src=\"\/wp-content\/uploads\/2025\/10\/Bild-18.10.25-um-21.53-scaled.jpg\" alt=\"\" width=\"2560\" height=\"1283\" \/><span class=\"wp-caption-text\">Die WSV-Spieler Ronay Aarabaci (l.) und Torsch\u00fctze Fritz Kleiner &#8211; \u00a9 Jochen Classen<\/span><\/div>\n<p>Doch es dauerte zur 82. Minute, bis etwas z\u00e4hlbares herauskam. Levin M\u00fcller startete in feiner Einzelleistung von der Mittellinie einen engagierten, schnellen Vorsto\u00df. Seine Flanke in den Strafraum verwertete der eingewechselte Ronay Arabaci per Kopf zum vielumjubelten Ausgleich. Ein Jubel, der nicht lange hielt, denn die Bochumer konterten quasi im Gegenzug. Der bei ihnen gerade erst eigewechselte Vahidin Turudija traf nach einer Crimaldi-Flanke zur erneuten VfL-F\u00fchrung zum 2:1 (85.)<\/p>\n<h4>Fritz Kleiner schaffte mit dem Abpfiff den 2:2-Ausgleich<\/h4>\n<p>Der Wuppertaler Anhang hatte sich schon auf eine erneute Heimniederlage eingestellt, als der besagte Fritz Kleiner in der f\u00fcnften Minute der Nachspielzeit, exakt mit dem Schlusspfiff doch noch zum 2:2-Ausgleich eink\u00f6pfen konnte. Ein Treffer, der wie ein Sieg gefeiert wurde. Der 2,04 m gro\u00dfe Bochumer Schlussmann Hugo R\u00f6lleke, ein gro\u00dfer Hoffnungstr\u00e4ger im Team der G\u00e4ste, war an diesem Tag zum zweiten Male machtlos.<\/p>\n<p>Immerhin 1.814 Zuschauer sahen die erst um 18 Uhr angepfiffene Begegnung. Der Verein hatte mit Erm\u00e4\u00dfigung des Eitrittsgeldes sowie einem speziellen Unterhaltungsprogramm reagiert. Der wahre Grund f\u00fcr die Verlegung von dem urspr\u00fcngliche auf 14 Uhr angesetzten Partie blieb relativ unklar, stand aber sicher auch im Zusammenhang mit dem Zweitligaspiel der Bochumer gegen Hertha BSC Berlin, das am Abend im Bochumer Vonovia Ruhr-Stadion vor etwa 27.000 Zuschauen um 20:30 Uhr angepfiffen wurde und von Bochum in einem tollen Spiel nach 3:0-F\u00fchrung noch 3:2 gewonnen wurde.<\/p>\n<div id=\"attachment_87570\" class=\"wp-caption alignnone\" style=\"max-width: 2169px;\"><img loading=\"lazy\" decoding=\"async\" class=\"wp-image-87570 size-full\" src=\"\/wp-content\/uploads\/2025\/10\/Classen-18-10-2025-164.jpg\" alt=\"\" width=\"2159\" height=\"1439\" \/><span class=\"wp-caption-text\">WSV-Sportdirektor Thomas Richter (3.v.l.) mit Cheftrainer Sebastian Tyrala (2.v.l.) und seinem Stuff &#8211; \u00a9 Jochen Classen<\/span><\/div>\n<p>Wollte man einmal mehr das Aufeinandertreffen gewaltbereiter Fans aus beiden Lagern vorbeugen? Auch der um 18:30 Uhr zeitnah angepfiffene Bundesliga-Hit Bayern M\u00fcnchen gegen Borussia Dortmund (2:1 f\u00fcr die Bayern) k\u00f6nnte ein Motiv f\u00fcr die Verlegung in Wuppertal gewesen sein.<\/p>\n<h4>Spielzeitverlegung gibt Raum f\u00fcr Spekulationen<\/h4>\n<p>Spekuliert wurde \u00fcber polizeirelevante \u201eSicherheitsaspekte\u201c , TV-\u00dcbertragungen und auch dar\u00fcber, ob die Verlegung Marketinggr\u00fcnde hatte. Wie auch immer, aus hiesiger Sicht eine kritikw\u00fcrdige Entscheidung, bei einem an sich zuschauertr\u00e4chtigen Duell der Traditionsvereine. Jedenfalls Bochumer Fans konnte der auf Zuschauer-Einnahmen angewiesene WSV im Nachbarschaftsreffen nur ganz vereinzelt ausmachen.<\/p>\n<h4>Der besondere Abschied von Marvin Klotzkowsky<\/h4>\n<p>Unter den Besuchern befand sich allerdings auch das etwas sang- und klanglos scheidende Vorstandsmitglied Marvin\u00a0 Klotzkowsky. Der war erst am 1.M\u00e4rz 2024 mit der Verantwortung f\u00fcr die kommerziellen Bereichen Marketing\/ Sponsoring und gro\u00dfen Erwartungen zum WSV gesto\u00dfen. In einem Interview mit unserer Stadtzeitung am 14. Juni 2024 spr\u00fchte der damalig 30j\u00e4hrige noch voller Leidenschaft und Ideen f\u00fcr den BergischenTraditionsverein.<\/p>\n<div id=\"attachment_87571\" class=\"wp-caption alignnone\" style=\"max-width: 2570px;\"><img loading=\"lazy\" decoding=\"async\" class=\"wp-image-87571 size-full\" src=\"\/wp-content\/uploads\/2025\/10\/Classen-18-10-2025-214-scaled.jpg\" alt=\"\" width=\"2560\" height=\"961\" \/><span class=\"wp-caption-text\">Die Pressekonferenz mit Bochums Trainer Heiko Butscher (l.) und Sebastian Tyrala (r.) &#8211; \u00a9 Jochen Classen<\/span><\/div>\n<p>Marvin Klotzkowsky sah im absehbaren Ausbleiben der EMKA-Sponsorengelder nicht das Problem und sagte uns: \u201eWir haben einen F\u00fcnf-Jahresplan. Erstes Ziel ist die Schaffung eines starken, tragf\u00e4higen Fundaments mit Struktur und in erster Linie den Aufbau von Vertrauen und Glaubw\u00fcrdigkeit im Rahmen eines neuen Leitbildes. Daneben gilt es, den Verein insgesamt wieder breiter aufzustellen\u201c.<\/p>\n<p>Seine diesbez\u00fcgliche, schon im Fr\u00fchjahr 2025 beendete T\u00e4tigkeit, soll mit einem sechsstelligem Sal\u00e4r ausgestattet gewesen sein. In den letzten Monaten \u00fcbte er seine begleitende Vorstandst\u00e4tigkeit nur noch ehrenamtlich aus. Kein Wunder, dass sein Ausscheiden beim WSV, gerade in einer Phase des Neuaufbaus, ambivalent gesehen wird.<\/p>\n<h4>\u201eKlotzkowskys Aussendarstellung war gut\u201c<\/h4>\n<p>Neben guten W\u00fcnschen war auch vereinzelt H\u00e4me zu vernehmen, wenn da im Fanbereich von \u201chei\u00dfer Luft\u201c geschrieben wurde, und dass man ihm keine Tr\u00e4ne nachweine. Eine der wenigen WSV-Stellungnahmen kam auf unsere Nachfrage hin von Sportdirektor Gaetano Manno, der vielsagend, kurz und diplomatisch meinte: \u201eNicht meine Baustelle, seine Aussendarstellung war gut\u201c.<\/p>\n<p>Dem Vernehmen nach arbeitet Klotzkowsky wohl\u00a0 k\u00fcnftig f\u00fcr Sport die Marketing-Agentur SPORTFIVE, die seit 2007 u.a. die Vermarktung der Marketingrechte von Bayer Leverkusen verantwortet.<\/p>\n<p><b>Text: Siegfried J\u00e4hne<\/b><\/p>\n<h4>Wuppertaler SV &#8211; VfL Bochum U23 2:2 (0:1)<\/h4>\n<p><strong>Aufstellung des WSV:\u00a0<\/strong><\/p>\n<p>Luyambula &#8211; Dervisevic &#8211; Hartmann (46. Oostwoud) &#8211; Miyamoto &#8211; M\u00fcller &#8211; Rebronja &#8211; Aydogan -Bourzraa (59. Kamo) &#8211; Duncan &#8211; Schaub (59. Atmaca &#8211; 75. Kleiner) &#8211; Fehr (59. Arabaci) &#8211; Trainer: Sebastian Tyrala<\/p>\n<p><strong>Aufstellung des VfL Bochum U23:<\/strong><\/p>\n<p>R\u00f6lleke &#8211; Abdat &#8211; H\u00fclsenbusch &#8211; Kleine-Bekel &#8211; Crimaldi (84. \u00d6zdemir) &#8211; Holtkamp &#8211; Jahn (88. Koerdt ) &#8211; Kerbsties &#8211; Matter (74. Turudija) &#8211; Akaegbobi (88. Bozickovic) &#8211; Heuser (76. Hartwig) &#8211; Trainer: Heiko Butscher<\/p>\n<p><strong>Tore:<\/strong> 0:1 Akaegbobi (28.) &#8211; 1:1 Arabaci (79.) &#8211; 1:2 Turudija (80.) &#8211; 2:2 Kleiner (90.+1)<\/p>\n<p><strong>Zuschauer:<\/strong> 1.814<\/p>\n<p><strong>Stadion: S<\/strong>tadion am Zoo<\/p>\n<p>&nbsp;<\/p>\n","protected":false},"excerpt":{"rendered":"<p>\u201eDieser Punktverlust im eigene Stadion ist f\u00fcr uns wie ein Sieg, definitiv!\u201c WSV-Trainer Sebastian Tyrala mu\u00dfte sich nach dem gl\u00fccklichen 2:2 (0:1) gegen die U23 des VfL Bochum erst einmal sortieren und sprach von \u201eFu\u00dfball brutal\u201c. Seinem Team war das Tor zum Remis erst in der letzten Sekunde der f\u00fcnfmin\u00fctigen Nachspielzeit gelungen.<\/p>\n","protected":false},"author":7,"featured_media":0,"comment_status":"open","ping_status":"open","sticky":false,"template":"","format":"standard","meta":{"footnotes":""},"categories":[20],"tags":[],"class_list":["post-87563","post","type-post","status-publish","format-standard","hentry","category-sport"],"publishpress_future_action":{"enabled":false,"date":"2026-05-08 05:06:21","action":"change-status","newStatus":"draft","terms":[],"taxonomy":"category","extraData":[]},"publishpress_future_workflow_manual_trigger":{"enabledWorkflows":[]},"_links":{"self":[{"href":"https:\/\/www.die-stadtzeitung.de\/index.php\/wp-json\/wp\/v2\/posts\/87563","targetHints":{"allow":["GET"]}}],"collection":[{"href":"https:\/\/www.die-stadtzeitung.de\/index.php\/wp-json\/wp\/v2\/posts"}],"about":[{"href":"https:\/\/www.die-stadtzeitung.de\/index.php\/wp-json\/wp\/v2\/types\/post"}],"author":[{"embeddable":true,"href":"https:\/\/www.die-stadtzeitung.de\/index.php\/wp-json\/wp\/v2\/users\/7"}],"replies":[{"embeddable":true,"href":"https:\/\/www.die-stadtzeitung.de\/index.php\/wp-json\/wp\/v2\/comments?post=87563"}],"version-history":[{"count":7,"href":"https:\/\/www.die-stadtzeitung.de\/index.php\/wp-json\/wp\/v2\/posts\/87563\/revisions"}],"predecessor-version":[{"id":87607,"href":"https:\/\/www.die-stadtzeitung.de\/index.php\/wp-json\/wp\/v2\/posts\/87563\/revisions\/87607"}],"wp:attachment":[{"href":"https:\/\/www.die-stadtzeitung.de\/index.php\/wp-json\/wp\/v2\/media?parent=87563"}],"wp:term":[{"taxonomy":"category","embeddable":true,"href":"https:\/\/www.die-stadtzeitung.de\/index.php\/wp-json\/wp\/v2\/categories?post=87563"},{"taxonomy":"post_tag","embeddable":true,"href":"https:\/\/www.die-stadtzeitung.de\/index.php\/wp-json\/wp\/v2\/tags?post=87563"}],"curies":[{"name":"wp","href":"https:\/\/api.w.org\/{rel}","templated":true}]}}