{"id":87326,"date":"2025-10-10T11:43:09","date_gmt":"2025-10-10T09:43:09","guid":{"rendered":"https:\/\/www.die-stadtzeitung.de\/?p=87326"},"modified":"2025-10-13T11:43:19","modified_gmt":"2025-10-13T09:43:19","slug":"autorin-astrid-kreibich-buchlesung-mit-musik","status":"publish","type":"post","link":"https:\/\/www.die-stadtzeitung.de\/index.php\/2025\/10\/10\/autorin-astrid-kreibich-buchlesung-mit-musik\/","title":{"rendered":"Autorin Astrid Kreibich: Buchlesung mit Musik"},"content":{"rendered":"<div id=\"attachment_82279\" class=\"wp-caption alignnone\" style=\"max-width: 810px;\"><img loading=\"lazy\" decoding=\"async\" class=\"size-full wp-image-82279\" src=\"\/wp-content\/uploads\/2025\/03\/c6b276563aeea1c333f74a71794f6a96-2-1.jpg\" alt=\"\" width=\"800\" height=\"520\" \/><span class=\"wp-caption-text\">Hajo Jahn, der bekannte Wuppertaler TV- und Rundfunk-Journalist sowie Vorsitzender der Else-Lasker-Sch\u00fcler-Gesellschaft- \u00a9 privat<\/span><\/div>\n<p>Astrid Kreibich erz\u00e4hlt nach mehr als f\u00fcnfunddrei\u00dfig Jahren geeintes Deutschland die biografische Geschichte mit originalen Briefen aus der politischen Haft der DDR: vom Freiheitsdrang zweier junger Studierender, die sich gegen das bestehende System auflehnen und mit den Konsequenzen des Freiheitsentzugs zu k\u00e4mpfen haben. Auf Initiative der Else-Lasker-Sch\u00fcler-Gesellschaft, deren Vorsitzender Hajo Jahn die Autorin Astrid Kreibich seid langem kennt und sch\u00e4tzt, tritt sie jetzt bei einer Autorenlesung im &#8222;Gl\u00fccksbuchladen&#8220; auf.<\/p>\n<div id=\"attachment_87413\" class=\"wp-caption alignnone\" style=\"max-width: 271px;\"><img loading=\"lazy\" decoding=\"async\" class=\"wp-image-87413 size-full\" src=\"\/wp-content\/uploads\/2025\/10\/image002.jpg\" alt=\"\" width=\"261\" height=\"349\" \/><span class=\"wp-caption-text\">Autorin Astrid Kreibich &#8211; \u00a9 privat<\/span><\/div>\n<p>Das musikalische Rahmenprogramm gestalten Herbert A. Mitschke (Saxophon) und Uli Johannes Kieckbusch, (Mundharmonika).<\/p>\n<p><strong>Termin:<\/strong><\/p>\n<h4>&#8222;Rotstrick&#8220;<\/h4>\n<p>Autoren-Lesung von Astrid Kreibich<\/p>\n<p><strong>Musik:<\/strong> Herbert A. Mischke &#8211; Uli Johannes Kieckbusch<\/p>\n<p>Donnerstag &#8211; 23. Oktober &#8211; 20.00 Uhr<br \/>\nGl\u00fccksbuchladen &#8211; Friedrichstra\u00dfe 52 &#8211; 42105 Wuppertal\u00a0<strong><br \/>\n<\/strong><\/p>\n<div id=\"attachment_87417\" class=\"wp-caption alignnone\" style=\"max-width: 315px;\"><img loading=\"lazy\" decoding=\"async\" class=\"wp-image-87417 size-full\" src=\"\/wp-content\/uploads\/2025\/10\/image003-1.jpg\" alt=\"\" width=\"305\" height=\"204\" \/><span class=\"wp-caption-text\">Uli Johannes Kieckbusch (Mundharmonika) &#8211; \u00a9 privat<\/span><\/div>\n<div id=\"attachment_87415\" class=\"wp-caption alignnone\" style=\"max-width: 316px;\"><img loading=\"lazy\" decoding=\"async\" class=\"wp-image-87415\" src=\"\/wp-content\/uploads\/2025\/10\/Foto-Herbert-A-Mitschke.jpg\" alt=\"\" width=\"306\" height=\"261\" \/><span class=\"wp-caption-text\">Herbert A. Mischke (Saxophon) &#8211; \u00a9 privat<\/span><\/div>\n<p><strong>Link zur Webseite des Gl\u00fccksbuchladens:<\/strong><\/p>\n<p><a href=\"http:\/\/www.gluecksbuchladen.buchhandlung.de\">http:\/\/www.gluecksbuchladen.buchhandlung.de<\/a><\/p>\n<p>&nbsp;<\/p>\n","protected":false},"excerpt":{"rendered":"<p>35 Jahre Deutsche Einheit und noch nicht sind alle Geschichten erz\u00e4hlt \u2013 Astrid Kreibich stellt ihren Flucht-, Haft- und Wenderoman \u201eRotstrick\u201c vor. Die Autorin Astrid Kreibich ist auch Historikerin.<\/p>\n","protected":false},"author":7,"featured_media":0,"comment_status":"open","ping_status":"open","sticky":false,"template":"","format":"standard","meta":{"footnotes":""},"categories":[29],"tags":[],"class_list":["post-87326","post","type-post","status-publish","format-standard","hentry","category-kultur"],"publishpress_future_action":{"enabled":false,"date":"2026-05-08 05:05:56","action":"change-status","newStatus":"draft","terms":[],"taxonomy":"category","extraData":[]},"publishpress_future_workflow_manual_trigger":{"enabledWorkflows":[]},"_links":{"self":[{"href":"https:\/\/www.die-stadtzeitung.de\/index.php\/wp-json\/wp\/v2\/posts\/87326","targetHints":{"allow":["GET"]}}],"collection":[{"href":"https:\/\/www.die-stadtzeitung.de\/index.php\/wp-json\/wp\/v2\/posts"}],"about":[{"href":"https:\/\/www.die-stadtzeitung.de\/index.php\/wp-json\/wp\/v2\/types\/post"}],"author":[{"embeddable":true,"href":"https:\/\/www.die-stadtzeitung.de\/index.php\/wp-json\/wp\/v2\/users\/7"}],"replies":[{"embeddable":true,"href":"https:\/\/www.die-stadtzeitung.de\/index.php\/wp-json\/wp\/v2\/comments?post=87326"}],"version-history":[{"count":5,"href":"https:\/\/www.die-stadtzeitung.de\/index.php\/wp-json\/wp\/v2\/posts\/87326\/revisions"}],"predecessor-version":[{"id":87420,"href":"https:\/\/www.die-stadtzeitung.de\/index.php\/wp-json\/wp\/v2\/posts\/87326\/revisions\/87420"}],"wp:attachment":[{"href":"https:\/\/www.die-stadtzeitung.de\/index.php\/wp-json\/wp\/v2\/media?parent=87326"}],"wp:term":[{"taxonomy":"category","embeddable":true,"href":"https:\/\/www.die-stadtzeitung.de\/index.php\/wp-json\/wp\/v2\/categories?post=87326"},{"taxonomy":"post_tag","embeddable":true,"href":"https:\/\/www.die-stadtzeitung.de\/index.php\/wp-json\/wp\/v2\/tags?post=87326"}],"curies":[{"name":"wp","href":"https:\/\/api.w.org\/{rel}","templated":true}]}}