{"id":86655,"date":"2025-09-11T17:32:37","date_gmt":"2025-09-11T15:32:37","guid":{"rendered":"https:\/\/www.die-stadtzeitung.de\/?p=86655"},"modified":"2025-09-12T20:32:52","modified_gmt":"2025-09-12T18:32:52","slug":"freibad-mirke-schwimmt-auf-erfolgswelle-baugenehmigung-erteilt","status":"publish","type":"post","link":"https:\/\/www.die-stadtzeitung.de\/index.php\/2025\/09\/11\/freibad-mirke-schwimmt-auf-erfolgswelle-baugenehmigung-erteilt\/","title":{"rendered":"Freibad Mirke schwimmt auf Erfolgswelle &#8211; Baugenehmigung erteilt"},"content":{"rendered":"<div id=\"attachment_86657\" class=\"wp-caption alignnone\" style=\"max-width: 917px;\"><img loading=\"lazy\" decoding=\"async\" class=\"wp-image-86657 size-full\" src=\"\/wp-content\/uploads\/2025\/09\/Freibad-Mirke-Malte-Reiter-Fotografie.jpg\" alt=\"\" width=\"907\" height=\"590\" \/><span class=\"wp-caption-text\">Zufriedene Gesichter: (v.l.): Mit dem Baustellenschild f\u00fcr die Baustelle im Freibad Mirke: Wuppertals Baudezernent Gunnar Ohrndorf mit dem Projektentwicklungsteam von Pro Mirke e.V.\u00a0 Volker Dittgen (h.), Csilla Letay, Co-Vorsitzende Betreiberverein Pro Mirke, Dietmar Danz &#8211; \u00a9 Malte Reiter<\/span><\/div>\n<p>Mittelfristig wird demnach auch das Freibad Mirke wieder f\u00fcr Abk\u00fchlung, Schwimmsport und Badespa\u00df zur Verf\u00fcgung stehen \u2014 als Freibad mit biologischer Wasseraufbereitung, eingebettet in einen Quartierspark mit verschiedenen Freizeit- und Kulturangeboten. Ein Projekt mit Alleinstellungsmerkmal im \u00a0Bergischen St\u00e4dtedreieck.<\/p>\n<p>\u201eWir freuen uns sehr, dass wir den n\u00e4chsten Meilenstein auf dem Weg zur Realisierung des Naturfreibads Mirke genommen haben und nun die n\u00e4chsten Projektschritte gehen k\u00f6nnen\u201c, erkl\u00e4rten Heiner Mokro\u00df und Csilla Letay, Vorsitzende des Betreibervereins Pro Mirke e.V., der als Bauherr und Betreiber der Anlage verantwortlich zeichnet.<\/p>\n<h4>Arbeiten beginnen noch in diesem Jahr<\/h4>\n<p>Mit der Baugenehmigung liegt zudem eine entscheidende Voraussetzung f\u00fcr die \ufb01nale Erteilung der bisher zun\u00e4chst nur zugesagten Bundesf\u00f6rdermittel in H\u00f6he von drei Millionen Euro vor.<\/p>\n<p>Die ersten Vorbereitungs- und Bauma\u00dfnahmen sollen noch in diesem Jahr beginnen, so Heiner Mokro\u00df und Csilla Letay: \u201eDieses gemeinschaftliche Ergebnis best\u00e4rkt uns darin, auf dem Fundament unserer langj\u00e4hrigen ehrenamtlichen Arbeit f\u00fcr die Menschen in Wuppertal auch die Aufgaben der Zukunft tatkr\u00e4ftig anzupacken.\u201c<\/p>\n<p>\u201eDie Transformation des Freibad Mirke ist ein zukunftsweisendes Stadtentwicklungsprojekt in Wuppertal und wird einen Mehrwert f\u00fcr die Stadt und Region schaffen\u201c, so Gunnar Ohrndorf, Beigeordneter des Gesch\u00e4ftsbereichs Stadtentwicklung, Bauen und Mobilit\u00e4t der Stadt Wuppertal. \u201eWir begleiten den Verein Pro Mirke bei diesem wichtigen Vorhaben gerne.\u201c<\/p>\n<div id=\"attachment_83752\" class=\"wp-caption alignnone\" style=\"max-width: 1609px;\"><img loading=\"lazy\" decoding=\"async\" class=\"wp-image-83752 size-full\" src=\"\/wp-content\/uploads\/2025\/05\/cropped-FREIBAD-MIRKE.jpg\" alt=\"\" width=\"1599\" height=\"837\" \/><span class=\"wp-caption-text\">Das Freibad Mirke bei Nacht &#8211; eine idyllische, mystische Location\u00a0 &#8211; \u00a9 <span class=\"wp-caption-text\">Charles Petersohn<\/span><\/span><\/div>\n<p>Am komplexen Pr\u00fcf- und Genehmigungsverfahren zu den Planungen, die Pro Mirke gemeinsam mit dem auf Naturfreib\u00e4der spezialisierten Fachplanungsb\u00fcro Polyplan-Kreikenbaum erarbeitet hatte, waren neben dem Bauordnungsamt verschiedene st\u00e4dtische Fachressorts beteiligt.<\/p>\n<p>Das 174 Jahre alte Freibad Mirke, eines der \u00e4ltesten drei Beckenb\u00e4der bundesweit, soll unter Federf\u00fchrung des langj\u00e4hrig am Standort agierenden Vereins Pro Mirke saniert und zu einem B\u00fcrger- und Quartierspark mit diversen Freizeit-, Sport-\/Erholungs- und Kulturangeboten sowie einem Freibad mit biologischer Wasseraufbereitung umgestaltet werden.<\/p>\n<h4>Einmalig im Bergischen Dreieck<\/h4>\n<p>Ein solches Angebot wird das erste dieser Art in Wuppertal und im gesamten Bergischen St\u00e4dtedreieck sein. Der Verein realisiert trotz der Sanierungsbed\u00fcrftigkeit der Anlage und leerem Becken vor Ort bereits langj\u00e4hrig ein au\u00dfergew\u00f6hnliches Konzept aus Nachbarschaftstreff, Kulturort und Sport- und Erholungsort &#8211; lange Jahre zudem mit einem selbstgebauten Becken im Becken.<\/p>\n<p>Die Umgestaltung des sanierungsbed\u00fcrftigen Freibad Mirke wird aus dem Programm des Bundestages \u201eSanierung kommunaler Einrichtungen in den Bereichen Sport, Jugend und Kultur\u201c mit drei Millionen Euro gef\u00f6rdert.<\/p>\n<p><strong>Link zur Webseite von Pro Mirke e.V.&#8220;:<\/strong><\/p>\n<p><a href=\"http:\/\/freibad-mirke.de\">http:\/\/freibad-mirke.de<\/a><\/p>\n<p>&nbsp;<\/p>\n<p>&nbsp;<\/p>\n<p>&nbsp;<\/p>\n<p>&nbsp;<\/p>\n","protected":false},"excerpt":{"rendered":"<p>Die n\u00e4chste Tappe bei der Transformation des Freibades Bieke zu einem Naturbad mit Quartierspark ist erreicht. Eine gute Nachricht sorgt verbreitet im Herbst eitel Sonnenschein. Die Baugenehmigung f\u00fcr das Naturfreibad Mirke liegt endlich vor.\u00a0<\/p>\n","protected":false},"author":7,"featured_media":0,"comment_status":"open","ping_status":"open","sticky":false,"template":"","format":"standard","meta":{"footnotes":""},"categories":[24],"tags":[],"class_list":["post-86655","post","type-post","status-publish","format-standard","hentry","category-wuppertal"],"publishpress_future_action":{"enabled":false,"date":"2026-05-06 17:41:05","action":"change-status","newStatus":"draft","terms":[],"taxonomy":"category","extraData":[]},"publishpress_future_workflow_manual_trigger":{"enabledWorkflows":[]},"_links":{"self":[{"href":"https:\/\/www.die-stadtzeitung.de\/index.php\/wp-json\/wp\/v2\/posts\/86655","targetHints":{"allow":["GET"]}}],"collection":[{"href":"https:\/\/www.die-stadtzeitung.de\/index.php\/wp-json\/wp\/v2\/posts"}],"about":[{"href":"https:\/\/www.die-stadtzeitung.de\/index.php\/wp-json\/wp\/v2\/types\/post"}],"author":[{"embeddable":true,"href":"https:\/\/www.die-stadtzeitung.de\/index.php\/wp-json\/wp\/v2\/users\/7"}],"replies":[{"embeddable":true,"href":"https:\/\/www.die-stadtzeitung.de\/index.php\/wp-json\/wp\/v2\/comments?post=86655"}],"version-history":[{"count":4,"href":"https:\/\/www.die-stadtzeitung.de\/index.php\/wp-json\/wp\/v2\/posts\/86655\/revisions"}],"predecessor-version":[{"id":86660,"href":"https:\/\/www.die-stadtzeitung.de\/index.php\/wp-json\/wp\/v2\/posts\/86655\/revisions\/86660"}],"wp:attachment":[{"href":"https:\/\/www.die-stadtzeitung.de\/index.php\/wp-json\/wp\/v2\/media?parent=86655"}],"wp:term":[{"taxonomy":"category","embeddable":true,"href":"https:\/\/www.die-stadtzeitung.de\/index.php\/wp-json\/wp\/v2\/categories?post=86655"},{"taxonomy":"post_tag","embeddable":true,"href":"https:\/\/www.die-stadtzeitung.de\/index.php\/wp-json\/wp\/v2\/tags?post=86655"}],"curies":[{"name":"wp","href":"https:\/\/api.w.org\/{rel}","templated":true}]}}