{"id":86650,"date":"2025-09-11T18:58:18","date_gmt":"2025-09-11T16:58:18","guid":{"rendered":"https:\/\/www.die-stadtzeitung.de\/?p=86650"},"modified":"2025-09-12T18:58:31","modified_gmt":"2025-09-12T16:58:31","slug":"friedemann-weise-liefert-das-bisschen-content","status":"publish","type":"post","link":"https:\/\/www.die-stadtzeitung.de\/index.php\/2025\/09\/11\/friedemann-weise-liefert-das-bisschen-content\/","title":{"rendered":"Friedemann Weise liefert &#8222;Das bisschen Content&#8220;"},"content":{"rendered":"<div id=\"attachment_86652\" class=\"wp-caption alignnone\" style=\"max-width: 2058px;\"><img loading=\"lazy\" decoding=\"async\" class=\"wp-image-86652 size-full\" src=\"\/wp-content\/uploads\/2025\/09\/Bild-Friedemann-Weise-Content-quer4-fotoby-FrederikeWetzels.jpg\" alt=\"\" width=\"2048\" height=\"1365\" \/><span class=\"wp-caption-text\">Friedemann Weise &#8211; Satiriker, Autor, Liedermacher, Kabarettist und Comedian &#8211; \u00a9 Frederike Wetzels<\/span><\/div>\n<p>Am Donnerstag (18.09.) begeistert der vielseitige K\u00fcnstler sein Publikum im \u201eLOCH\u201c \u2013 pr\u00e4sentiert vom \u201eSalon Knallenfalls\u201c. &#8222;Das bisschen Content&#8220; hei\u00dft das Program, mit dem Friedemann Weise zur Zeit erfolgreich unterwegs ist. Dem geb\u00fcrtigen Gummersbacher (*03.10.1973) geht es prim\u00e4r um die Frage, was es eigentlich mit Content auf sich hat.<\/p>\n<p>Niemand Geringeres als Friedemann Weise selbst widmet sich diesem \u00fcberaus aktuellen Thema und versucht, Fragen dazu zu beantworten. Und wenn er kein Experte ist, wer sonst?<\/p>\n<p>Denn alles bei ihm ist Content &#8211; von seinen Witzen und Liedern \u00fcber seine Moves bis hin zu seinen einzigartigen Geschichten. Oder wie er es \u2014 frei nach Descartes \u2014 sagen w\u00fcrde: &#8222;Ich mache Content, also bin ich&#8220;. Seinen ganz speziellen Musikstil nennt er selbst \u00fcrbrigens \u201eSatirepop\u201c.<\/p>\n<div id=\"attachment_86653\" class=\"wp-caption alignnone\" style=\"max-width: 2058px;\"><img loading=\"lazy\" decoding=\"async\" class=\"wp-image-86653 size-full\" src=\"\/wp-content\/uploads\/2025\/09\/Bild-Friedemann-Weise-Content-quer3-fotoby-FrederikeWetzels.jpg\" alt=\"\" width=\"2048\" height=\"1365\" \/><span class=\"wp-caption-text\">Die Agentur &#8222;Salon Knallenfalls&#8220; pr\u00e4sentiert: Friedemann Weise live in Wuppertal &#8211; \u00a9 Frederike Wetzels<\/span><\/div>\n<p><strong>Termin:<\/strong><\/p>\n<p>Salon Knallenfalls pr\u00e4sentiert:<\/p>\n<h4>Friedemann Weise<\/h4>\n<h4><strong>\u201eDas bisschen Content\u201c \u2013 Comedy &amp; Musik<\/strong><\/h4>\n<p>Donnerstag &#8211; 18.09.25 \u2013 20:00 Uhr<\/p>\n<p>LOCH &#8211; Plateniusstr. 35 \u2013 42105 Wuppertal<\/p>\n<p><strong>Tickets:<\/strong>\u00a0<a href=\"http:\/\/www.wuppertal-live.de\/?fbclid=IwZXh0bgNhZW0CMTAAAR4V3KGsD-EeLwLODUxXjqpQPjYsV9mNy0JzhiYzQekCTYN84ZipL2oedG9PxA_aem_0CtAzq4g-3AV-KwIHGOyaQ\"><strong>www.wuppertal-live.de<\/strong><\/a><\/p>\n<p>&nbsp;<\/p>\n<p>&nbsp;<\/p>\n<p>&nbsp;<\/p>\n<p>&nbsp;<\/p>\n<p>&nbsp;<\/p>\n<p>&nbsp;<\/p>\n","protected":false},"excerpt":{"rendered":"<p>Friedemann Weise ist Satiriker, Autor, Liedermacher, Kabarettist und Comedian. Und das alles mit Leidenschaft. Der mehrfach preisgekr\u00f6nte und durch &#8222;heute-show&#8220;-Auftritte und Radiobeitr\u00e4ge bekannte Entertainer verbindet alles in seinem Programm: Musik, Spa\u00df und anregende Geschichten.\u00a0<\/p>\n","protected":false},"author":7,"featured_media":0,"comment_status":"open","ping_status":"open","sticky":false,"template":"","format":"standard","meta":{"footnotes":""},"categories":[29],"tags":[],"class_list":["post-86650","post","type-post","status-publish","format-standard","hentry","category-kultur"],"publishpress_future_action":{"enabled":false,"date":"2026-05-05 12:23:37","action":"change-status","newStatus":"draft","terms":[],"taxonomy":"category","extraData":[]},"publishpress_future_workflow_manual_trigger":{"enabledWorkflows":[]},"_links":{"self":[{"href":"https:\/\/www.die-stadtzeitung.de\/index.php\/wp-json\/wp\/v2\/posts\/86650","targetHints":{"allow":["GET"]}}],"collection":[{"href":"https:\/\/www.die-stadtzeitung.de\/index.php\/wp-json\/wp\/v2\/posts"}],"about":[{"href":"https:\/\/www.die-stadtzeitung.de\/index.php\/wp-json\/wp\/v2\/types\/post"}],"author":[{"embeddable":true,"href":"https:\/\/www.die-stadtzeitung.de\/index.php\/wp-json\/wp\/v2\/users\/7"}],"replies":[{"embeddable":true,"href":"https:\/\/www.die-stadtzeitung.de\/index.php\/wp-json\/wp\/v2\/comments?post=86650"}],"version-history":[{"count":2,"href":"https:\/\/www.die-stadtzeitung.de\/index.php\/wp-json\/wp\/v2\/posts\/86650\/revisions"}],"predecessor-version":[{"id":86654,"href":"https:\/\/www.die-stadtzeitung.de\/index.php\/wp-json\/wp\/v2\/posts\/86650\/revisions\/86654"}],"wp:attachment":[{"href":"https:\/\/www.die-stadtzeitung.de\/index.php\/wp-json\/wp\/v2\/media?parent=86650"}],"wp:term":[{"taxonomy":"category","embeddable":true,"href":"https:\/\/www.die-stadtzeitung.de\/index.php\/wp-json\/wp\/v2\/categories?post=86650"},{"taxonomy":"post_tag","embeddable":true,"href":"https:\/\/www.die-stadtzeitung.de\/index.php\/wp-json\/wp\/v2\/tags?post=86650"}],"curies":[{"name":"wp","href":"https:\/\/api.w.org\/{rel}","templated":true}]}}