{"id":86645,"date":"2025-09-05T07:02:32","date_gmt":"2025-09-05T05:02:32","guid":{"rendered":"https:\/\/www.die-stadtzeitung.de\/?p=86645"},"modified":"2025-09-14T06:00:36","modified_gmt":"2025-09-14T04:00:36","slug":"bhc-setzt-alles-auf-einen-sieg-gegen-minden","status":"publish","type":"post","link":"https:\/\/www.die-stadtzeitung.de\/index.php\/2025\/09\/05\/bhc-setzt-alles-auf-einen-sieg-gegen-minden\/","title":{"rendered":"BHC setzt alles auf einen Sieg gegen Minden"},"content":{"rendered":"<div id=\"attachment_82753\" class=\"wp-caption alignnone\" style=\"max-width: 2570px;\"><img loading=\"lazy\" decoding=\"async\" class=\"size-full wp-image-82753\" src=\"\/wp-content\/uploads\/2025\/04\/Gunnarsson-Puetz-3-JC-scaled.jpg\" alt=\"\" width=\"2560\" height=\"1706\" \/><span class=\"wp-caption-text\">Das BHC-Trainergespann Arnor Thor Gunnarsson (l.) und Markus P\u00fctz hofft auf den ersten Sieg in der Handball-Bundesliga &#8211; \u00a9 Archivfoto Jochen Classen<\/span><\/div>\n<p>\u201eWir m\u00fcssen 60 Minuten unsere Leistung aufs Feld bringen. Wenn uns das gelingt, bin ich \u00fcberzeugt, dass wir gewinnen werden\u201c, sagt Gunnarsson f\u00fcr das Trainerteam, das er seit nunmehr fast anderthalb Jahren zusammen mit Markus P\u00fctz bildet. Zuletzt haben die Bergischen sich Nachl\u00e4ssigkeiten erlaubt.<\/p>\n<p>Beim TVB Stuttgart verpassten die L\u00f6wen den Start und unterlagen klar mit 28:35. \u201eDie Zweikampff\u00fchrung h\u00e4tte vielleicht in der 2. Liga gereicht, aber in der 1. Bundesliga gen\u00fcgt das nicht.\u201c Das Spiel war daher auch in dieser Trainingswoche noch Thema. \u201eJeder konnte da seine Meinung sagen. Es sind viele Dinge angesprochen worden\u201c, sagt der Isl\u00e4nder, ohne weiter ins Detail zu gehen. Fest steht, wie in Stuttgart m\u00f6chte der BHC defensiv nicht noch einmal auftreten.<\/p>\n<h4>Wiedersehen mit Tom Bergner<\/h4>\n<p>\u201eGegen Minden wollen wir von Anfang an zu 100 Prozent da sein und unbedingt diese zwei Punkte haben. Darauf haben wir in dieser Woche hingearbeitet. Nur darum geht es.\u201c Mussten die Spiele gegen den HC Erlangen und beim TVB Stuttgart aufgrund der geringen Vorbereitungszeit w\u00e4hrend einer Englischen Woche mit der hei\u00dfen Nadel gestrickt werden, konnte sich die Mannschaft nun sehr intensiv mit Minden besch\u00e4ftigen.<\/p>\n<p>\u201eWir m\u00fcssen mit vielem rechnen\u201c, sagt Gunnarsson. \u201eMinden hat zuletzt auch mal offensiver verteidigt. Und sie haben<br \/>\nsogar die Variante mit vier Feldspielern im Angriff versucht, weil Bergi mal eine Pause brauchte.\u201c Bergi ist Tom Bergner, der von 2020 bis 2024 beim BHC unter Vertrag stand. Aufgrund einer Erkrankung von Michael Schulz stand GWD kein anderer Kreisl\u00e4ufer zur Verf\u00fcgung.<\/p>\n<div id=\"attachment_75781\" class=\"wp-caption alignnone\" style=\"max-width: 2289px;\"><img loading=\"lazy\" decoding=\"async\" class=\"size-full wp-image-75781\" src=\"\/wp-content\/uploads\/2023\/12\/cropped-cropped-Classen-23-12-2023-187-1.jpg\" alt=\"\" width=\"2279\" height=\"1196\" \/><span class=\"wp-caption-text\">Angespannt: BHC-Gesch\u00e4ftsf\u00fchrer J\u00f6rg F\u00f6ste hofft auf den ersten Sieg in der HBL gegen Minden. F\u00fcr seine L\u00f6wen geht es in diesr Saion nur um den Klassenerhalt &#8211; \u00a9 Archivfoto Jochen Classen<\/span><\/div>\n<p>Der d\u00fcrfte allerdings am Samstag wieder dabei sein. Im Gegensatz zum neu verpflichteten Morten Hempel sowie Alexander Weck, der viele Jahre das BHC-Trikot trug. Beide sind verletzt und fallen noch eine ganze Weile aus. Bislang erfolgreichster Torsch\u00fctze der Mannschaft ist Karolis Antanavicius mit 18 Treffern aus dem Feld. Gef\u00e4hrlich ist auch Spielmacher Ian Weber. Er traf nicht nur zw\u00f6lf Mal, drei Mal davon per Siebenmeter, sondern sammelte auch neun Assists.<\/p>\n<h4>GWD im Tor gut besetzt<\/h4>\n<p>Gut besetzt ist GWD auch im Tor, wo Malte Semisch und Tibor Ivanisevic sich die Einsatzzeit teilen. \u201eWichtig f\u00fcr uns ist, dass wir von Anfang bis Ende Leistung zeigen. Das ist in der Bundesliga einfach Pflicht\u201c, sagt Gunnarsson, der sich vom Druck, Punkte zu holen, nicht aus der Ruhe bringen l\u00e4sst. \u201eWir denken positiv. Zu Hause gegen Minden k\u00f6nnen wir gewinnen. Daf\u00fcr werden wir alle tun, was in unserer Macht steht.\u201c<\/p>\n<p>Der Kader wird sich im Vergleich zum vorigen Spiel voraussichtlich nicht ver\u00e4ndern. Belal Massoud fehlt weiterhin mit einem Muskelfaserriss. Einen weiteren Ausfall hat der BHC nicht zu verzeichnen. Karten f\u00fcr das Heimspiel am Samstagabend sind noch \u00fcber den BHC-Ticketshop unter\u00a0<a href=\"http:\/\/www.bhctickets.de\">http:\/\/www.bhctickets.de<\/a> zu erwerben. Au\u00dferdem \u00f6ffnet die Abendkasse am Spieltag ab 17:30 Uhr.<\/p>\n","protected":false},"excerpt":{"rendered":"<p>Der BHC setzt alles auf einen Sieg gegen GWD Minden! Es w\u00e4re der erste Erfolg in der noch jungen Handball-Bundesliga-Saison. \u201eWir brauchen die Unterst\u00fctzung in der Halle\u201c, sagt Trainer Arnor Gunnarsson vor dem Duell gegen GWD Minden am Samstag (13.09.) um 19 Uhr in der UNIHALLE Wuppertal. Gegen den Mitaufsteiger hat sich der BHC sehr viel vorgenommen.<\/p>\n","protected":false},"author":7,"featured_media":0,"comment_status":"open","ping_status":"open","sticky":false,"template":"","format":"standard","meta":{"footnotes":""},"categories":[20],"tags":[],"class_list":["post-86645","post","type-post","status-publish","format-standard","hentry","category-sport"],"publishpress_future_action":{"enabled":false,"date":"2026-05-08 21:48:04","action":"change-status","newStatus":"draft","terms":[],"taxonomy":"category","extraData":[]},"publishpress_future_workflow_manual_trigger":{"enabledWorkflows":[]},"_links":{"self":[{"href":"https:\/\/www.die-stadtzeitung.de\/index.php\/wp-json\/wp\/v2\/posts\/86645","targetHints":{"allow":["GET"]}}],"collection":[{"href":"https:\/\/www.die-stadtzeitung.de\/index.php\/wp-json\/wp\/v2\/posts"}],"about":[{"href":"https:\/\/www.die-stadtzeitung.de\/index.php\/wp-json\/wp\/v2\/types\/post"}],"author":[{"embeddable":true,"href":"https:\/\/www.die-stadtzeitung.de\/index.php\/wp-json\/wp\/v2\/users\/7"}],"replies":[{"embeddable":true,"href":"https:\/\/www.die-stadtzeitung.de\/index.php\/wp-json\/wp\/v2\/comments?post=86645"}],"version-history":[{"count":2,"href":"https:\/\/www.die-stadtzeitung.de\/index.php\/wp-json\/wp\/v2\/posts\/86645\/revisions"}],"predecessor-version":[{"id":86647,"href":"https:\/\/www.die-stadtzeitung.de\/index.php\/wp-json\/wp\/v2\/posts\/86645\/revisions\/86647"}],"wp:attachment":[{"href":"https:\/\/www.die-stadtzeitung.de\/index.php\/wp-json\/wp\/v2\/media?parent=86645"}],"wp:term":[{"taxonomy":"category","embeddable":true,"href":"https:\/\/www.die-stadtzeitung.de\/index.php\/wp-json\/wp\/v2\/categories?post=86645"},{"taxonomy":"post_tag","embeddable":true,"href":"https:\/\/www.die-stadtzeitung.de\/index.php\/wp-json\/wp\/v2\/tags?post=86645"}],"curies":[{"name":"wp","href":"https:\/\/api.w.org\/{rel}","templated":true}]}}