{"id":8660,"date":"2016-10-14T10:13:59","date_gmt":"2016-10-14T08:13:59","guid":{"rendered":"http:\/\/192.168.10.16\/newsportal\/stadtzeitung\/index.php\/2016\/10\/14\/joerg-heynkes-kandidiert-fuer-den-landtag-nrw\/"},"modified":"2022-01-29T10:40:31","modified_gmt":"2022-01-29T09:40:31","slug":"joerg-heynkes-kandidiert-fuer-den-landtag-nrw","status":"publish","type":"post","link":"https:\/\/www.die-stadtzeitung.de\/index.php\/2016\/10\/14\/joerg-heynkes-kandidiert-fuer-den-landtag-nrw\/","title":{"rendered":"J\u00f6rg Heynkes kandidiert f\u00fcr den Landtag NRW"},"content":{"rendered":"<div id=\"attachment_48246\" class=\"wp-caption alignnone\" style=\"max-width: 1034px;\"><img loading=\"lazy\" decoding=\"async\" class=\"size-large wp-image-48246\" src=\"\/wp-content\/uploads\/2016\/10\/Joerg-Heynkes-2-1024x756.jpg\" alt=\"\" width=\"1024\" height=\"756\" \/><span class=\"wp-caption-text\">J\u00f6rg Heynkes stellt sich zur Wahl\u00a0<\/span><\/div>\n<p>Der Ort war nicht zuf\u00e4llig gew\u00e4hlt. In unmittelbarer N\u00e4he des Parks liegt die geografische Mitte Wuppertals. \u201eIch m\u00f6chte mich aus der Mitte der Stadt heraus mit meiner ganzen Leidenschaft und Energie f\u00fcr meine Heimatstadt engagieren. Ich m\u00f6chte das Unm\u00f6gliche m\u00f6glich machen,\u201c sagte Heynkes mit Blick auf die Tatsache, dass seit 60 Jahren bei den NRW\u2010Landtagswahlen alle Direktmandate von CDU und SPD-\u00adKandidatinnen und Kandidaten gewonnen wurden.<\/p>\n<p>Seine Motive f\u00fcr die Kandidatur sind vielf\u00e4ltig. \u201eBei uns im Land gibt es keine relevante Politikverdrossenheit, sondern eine erhebliche Parteienverdrossenheit\u201c ist sich Heynkes sicher. \u201eDie agierenden Volksparteien haben die Bindung zu den Menschen verloren. Wir brauchen neue, unabh\u00e4ngige K\u00f6pfe in den Parlamenten\u201c, fordert der 53j\u00e4hrige.<\/p>\n<p>Heynkes m\u00f6chte sich auf Landesebene f\u00fcr die wichtigen Themen Mobilit\u00e4t, Innovationen, Klimaschutz, soziale Gerechtigkeit und Stadtentwicklung stark machen. \u201eUnsere Gesellschaft steht vor enormen Ver\u00e4nderungen und Herausforderungen. In wenigen Jahren wird es manche Berufe, wie wir sie heute kennen -\u00ad\u2010 allein schon wegen der rasanten technischen Entwicklung -gar nicht mehr geben. Auch die Art und Weise, wie wir uns fortbewegen, wird definitiv eine andere sein als bisher. Deshalb m\u00fcssen wir heute die Politik machen, die uns auf das neue Morgen richtig vorbereitet.\u201c<\/p>\n<p>Im Wahlkampf hofft Heynkes auf Unterst\u00fctzung durch die Wuppertaler Gr\u00fcnen. Deren Mitgliederversammlung wird am 28. Oktober 2016 \u00fcber einen entsprechenden Antrag des Partei-\u00ad\u2010 und Fraktionsvorstandes abstimmen. J\u00f6rg Heynkes l\u00e4sst auf eigenen Wunsch sein ehrenamtliches Engagement als Vizepr\u00e4sident der IHK Wuppertal, Solingen, Remscheid ab dem 12. Januar 2017 f\u00fcr die Dauer des Wahlkampfes ruhen. Dies hat er bereits im Vorfeld dem bergischen IHK-\u00ad\u2010Pr\u00e4sidenten, Thomas Meyer, und Hauptgesch\u00e4ftsf\u00fchrer Michael Wenge mitgeteilt.<\/p>\n","protected":false},"excerpt":{"rendered":"<p>Der Wuppertaler Unternehmer und Aktivist J\u00f6rg Heynkes tritt als unabh\u00e4ngiger Kandidat bei der NRW-\u00adLandtagswahl 2017 im Wahlkreis Wuppertal II an. Dies hat er heute, am 14.10.2016 und damit genau 7 Monate vor der Wahl, im Rahmen einer Pressekonferenz im Skulpturenpark Wuppertal bekannt gegeben.<\/p>\n","protected":false},"author":9,"featured_media":8659,"comment_status":"open","ping_status":"closed","sticky":false,"template":"","format":"standard","meta":{"footnotes":""},"categories":[26],"tags":[],"class_list":["post-8660","post","type-post","status-publish","format-standard","hentry","category-politik"],"publishpress_future_action":{"enabled":false,"date":"2026-05-06 11:02:22","action":"change-status","newStatus":"draft","terms":[],"taxonomy":"category","extraData":[]},"publishpress_future_workflow_manual_trigger":{"enabledWorkflows":[]},"_links":{"self":[{"href":"https:\/\/www.die-stadtzeitung.de\/index.php\/wp-json\/wp\/v2\/posts\/8660","targetHints":{"allow":["GET"]}}],"collection":[{"href":"https:\/\/www.die-stadtzeitung.de\/index.php\/wp-json\/wp\/v2\/posts"}],"about":[{"href":"https:\/\/www.die-stadtzeitung.de\/index.php\/wp-json\/wp\/v2\/types\/post"}],"author":[{"embeddable":true,"href":"https:\/\/www.die-stadtzeitung.de\/index.php\/wp-json\/wp\/v2\/users\/9"}],"replies":[{"embeddable":true,"href":"https:\/\/www.die-stadtzeitung.de\/index.php\/wp-json\/wp\/v2\/comments?post=8660"}],"version-history":[{"count":2,"href":"https:\/\/www.die-stadtzeitung.de\/index.php\/wp-json\/wp\/v2\/posts\/8660\/revisions"}],"predecessor-version":[{"id":48247,"href":"https:\/\/www.die-stadtzeitung.de\/index.php\/wp-json\/wp\/v2\/posts\/8660\/revisions\/48247"}],"wp:featuredmedia":[{"embeddable":true,"href":"https:\/\/www.die-stadtzeitung.de\/index.php\/wp-json\/wp\/v2\/media\/8659"}],"wp:attachment":[{"href":"https:\/\/www.die-stadtzeitung.de\/index.php\/wp-json\/wp\/v2\/media?parent=8660"}],"wp:term":[{"taxonomy":"category","embeddable":true,"href":"https:\/\/www.die-stadtzeitung.de\/index.php\/wp-json\/wp\/v2\/categories?post=8660"},{"taxonomy":"post_tag","embeddable":true,"href":"https:\/\/www.die-stadtzeitung.de\/index.php\/wp-json\/wp\/v2\/tags?post=8660"}],"curies":[{"name":"wp","href":"https:\/\/api.w.org\/{rel}","templated":true}]}}