{"id":86591,"date":"2025-09-06T00:02:31","date_gmt":"2025-09-05T22:02:31","guid":{"rendered":"https:\/\/www.die-stadtzeitung.de\/?p=86591"},"modified":"2025-09-15T12:24:22","modified_gmt":"2025-09-15T10:24:22","slug":"wsv-mit-zehn-mann-im-pokal-eine-runde-weiter","status":"publish","type":"post","link":"https:\/\/www.die-stadtzeitung.de\/index.php\/2025\/09\/06\/wsv-mit-zehn-mann-im-pokal-eine-runde-weiter\/","title":{"rendered":"WSV: Mit zehn Mann im Pokal eine Runde weiter"},"content":{"rendered":"<div id=\"attachment_86594\" class=\"wp-caption alignnone\" style=\"max-width: 2570px;\"><img loading=\"lazy\" decoding=\"async\" class=\"wp-image-86594 size-full\" src=\"\/wp-content\/uploads\/2025\/09\/Classen-10-09-2025-078-scaled.jpg\" alt=\"\" width=\"2560\" height=\"1703\" \/><span class=\"wp-caption-text\">Mit einem Kunstschu\u00df verwandelte Alessio Arambasic eine Ecke direckt zum 2:0 f\u00fcr den WSV. Dasn n\u00e4chste &#8222;Tor des Monats&#8220;? &#8211; \u00a9 Jochen Classen<\/span><\/div>\n<p>\u201eWir haben einmal mehr gesehen, dass unsere Mannschaft funktioniert\u201c, erkl\u00e4rte WSV-Sportchef Gaetano Manno sichtlich erleichtert. Er war es auch, der den Essener Oberligisten zuletzt in dessen Erfolgsspur (sieben Punkte aus vier Begegnungen, zwei Siege in Folge) unter die Lupe genommen hatte und dabei wohl auch die richtigen Erkenntnisse mitbrachte. Jedenfalls startete das favorisierte Team von Trainer Tyrala in dieser prestigetr\u00e4chtigen Partie aus einem verst\u00e4rktem Mittelfeld, betont offensiv und verschaffte sich bereits in Minute sieben geh\u00f6rigen Respekt.<\/p>\n<p>Der 22j\u00e4hrige WSV-Angreifer Daiki Kamo setzte einen Kopfball nur knapp neben das von Phil Mirko Lenuweit geh\u00fctete Tor der Gastgeber. Wenig sp\u00e4ter (11.) dann die fr\u00fche WSV- F\u00fchrung durch Jeremy Aydogan nach Vorlage von Levin M\u00fcller.<\/p>\n<h4>Alessio Arambasic mit direkt verwandelter Ecke<\/h4>\n<p>Sehenswert der 2:0-F\u00fchrungstreffer (18.). Alessio Arambasic war mit einer direkt verwandelten Ecke erfolgreich. Wenig sp\u00e4ter aber dann der nicht unverdiente\u00a0 2:1-Anschlusstreffer der Essener durch Lukas Korytowski, der WSV-Keeper Michael Luyambula aus kurzer Distanz \u00fcberwand. Schon im Gegenzug der dritte WSV-Treffer, abermals durch Jeremy Aydogan, der einen Fehler in der ETB-Abwehr mit einem Linksschuss ins obere Eck bestrafte.<\/p>\n<div id=\"attachment_86595\" class=\"wp-caption alignnone\" style=\"max-width: 2570px;\"><img loading=\"lazy\" decoding=\"async\" class=\"wp-image-86595 size-full\" src=\"\/wp-content\/uploads\/2025\/09\/Classen-10-09-2025-105-scaled.jpg\" alt=\"\" width=\"2560\" height=\"1707\" \/><span class=\"wp-caption-text\">&#8222;\u00dcbelt\u00e4ter&#8220; Toshiaki Miyamoto (r.) nach seiner Gelb-Roten-Karte auf der Trib\u00fcne &#8211; \u00a9 Jochen Classen<\/span><\/div>\n<p>Was dann passierte nannte Sportdirektor Gaetano Manno \u201ebitter\u201c. Aussenverteidiger Toshiaki Miyamoto sah innerhalb nur einer Minute erst die gelbe Karte, weil er einen Ball weggeschlagen hatte und erhielt unmittelbar danach von dem erst 24j\u00e4hrigen Schiedsrichter Jan Peter We\u00dfels (Moers) die rote Karte, weil er sich beim Einwurf zu viel Zeit gelassen hatte. \u201eMichi hat damit der Mannschaft einen B\u00e4rendienst erwiesen\u201c, stellte Trainer Tyrala sp\u00e4ter fest. \u201eDieser Platzverweis hat uns viel Kraft gekostet\u201c urteilte Gaetano Manno.<\/p>\n<h4>Ein Platzverweis, der viel Kraft kostete<\/h4>\n<p>Tats\u00e4chlich geriet der Erfolg der Wuppertaler jetzt in ernsthafte Gefahr. Essens Trainer erkannte: \u201eWir kamen nun besser ins Spiel, hatten 7:1 Abschl\u00fcsse, nur das\u00a0 zweite Tor hat uns gefehlt.\u201c Essen setzte jetzt \u00a0 den WSV erheblich unter Druck, konnte aber gegen die jetzt aufgebaute \u201eF\u00fcnferkette\u201c keine klare Torchancen erarbeiten. Und wenn man vor das WSV-Tor kam, war Kapit\u00e4n und Torwart Michael Lyumbala zur Stelle. Auf der anderen Seite ergaben sich f\u00fcr den WSV Konterchancen, bei denen allerdings die letzte Konsequenz vermi\u00dft wurde.<\/p>\n<p>Verst\u00e4ndliche Entt\u00e4uschung bei den Essenern, die sich gegen den \u201etaumelnden WSV\u201c mehr erhofft hatten. ETB-Boss Karl Wei\u00df tr\u00e4umte\u00a0 vor der Begegnung schon \u00f6ffentlich von einem Sieg und einem dann folgenden Pokal-Duell gegen den Lokalrivalen Rot-Wei\u00df Essen. In einem Punkt allerdings waren auch seine Erwartungen leicht \u00fcbertroffen, hatte er doch auf \u00fcber 500 Zuschauer gehofft.<\/p>\n<p>Am Ende waren es rund 800, darunter eine stattliche Zahl aus dem Bergischen Land. Die hatten sich lautstark bemerkbar gemacht und wie ihre gro\u00dfen Vorbilder aus dem Bundesliga-Stadien zu Beginn der zweiten Halbzeit mit dem Einsatz von Pyrotechnik f\u00fcr Stimmung gesorgt. Kann sein, dass dieser unerlaubte Einsatz f\u00fcr den WSV noch teuer wird.<\/p>\n<div id=\"attachment_86596\" class=\"wp-caption alignnone\" style=\"max-width: 2356px;\"><img loading=\"lazy\" decoding=\"async\" class=\"wp-image-86596 size-full\" src=\"\/wp-content\/uploads\/2025\/09\/Classen-10-09-2025-152.jpg\" alt=\"\" width=\"2346\" height=\"1564\" \/><span class=\"wp-caption-text\">Angespannt bis zur letzten Minute: WSV-Cheftrainer Sebastian Tyrala &#8211; \u00a9 Jochen Classen<\/span><\/div>\n<p>Die restlichen Pokalspiele endeten ohne gr\u00f6\u00dfere \u00dcberraschungen, auch wenn der MSV Duisburg, Spitzenreiter der 3. Liga, nach einer schwachen Leistung beim Landeslisten Union Nettetal erst in der Verl\u00e4ngerung mit 2:1 Toren gewinnen konnte. Nachbar SSVg Velbert gewann bei Rheinland Hamborn 2:1.<\/p>\n<h4>Samstag soll der erste Heimsieg her<\/h4>\n<p>Am kommenden Samstag (13.09.) trifft der WSV zum 7. Spieltag in der Regionalliga auf den Tabellen-Zw\u00f6lften SC Wiedenbr\u00fcck, Ansto\u00df 14. Uhr, Stadion am Zoo und hofft auf den ersten Heimsieg.<\/p>\n<p>Dann werden die verletzten Subaru Nishimura (Mittelfu\u00dfbruch),\u00a0 Kadi Atmaca (schwere Oberschenkelverletzung), Semir Saric ( Entz\u00fcndung Knie), Alwin Weber Knieoperation) und Muhammed Bejdic (zweiter Kreuzbandriss) fehlen.<\/p>\n<p>Dagegen gibt es Aussichten, dass Dominic Duncan und Jeff-Denis Fehr nach ihren Verletzungen wieder dabei sein k\u00f6nnten. Schon am n\u00e4chsten Mittwoch (17.09., 19:30 Uhr) mu\u00df der WSV zum Abendspiel nach Paderborn und empf\u00e4ngt dann am Samstag, 20. September den aktuellen Tabellenf\u00fchrer Aufsteiger Sportfreunde Siegen.<\/p>\n<p><strong>Text: Siegfried J\u00e4hne<\/strong><\/p>\n<h4>ETB Schwarz-Wei\u00df Essen &#8211; Wuppertaler SV 1:3 (1:3)<\/h4>\n<p><strong>Aufstellung ETB Schwarz-Wei\u00df Essen:<\/strong><\/p>\n<p>1 Phil Mirko Lenuweit \u2013 5 Maurice Rene Haar, 6 Nico Lucas, 8 Armen Shavershyan, 10 Marcello Romano, 13 Robin Urban (62. 9 Sanjin Vrebac), 14 Simon Gawryluk (66. 11 Youssef Kamboua), 15 Jan Corsten (66. 4 H\u00fcseyin Efe Aldemir), 22\u00a0 Tim Kaminski, 27 Serhat Sat (74. 25 Nabil El-Hany), 30 Lukas Korytowski &#8211; Trainer: Dennis Czayka<\/p>\n<p><strong>Aufstellung Wuppertaler SV:<\/strong><\/p>\n<p>24 Michael Luyambula \u2013 22 Levin M\u00fcller (87. 15 Romeo Andras Kovarszki), 5 Aldin Dervisevic, 13 Hans-Juraj Hartmann, 3 Toshiaki Miyamoto \u2013 4 Salmin Rebronja, 23 Alessio Arambasic (64. 39 Kilian Bielitza) \u2013 37 Amin Bouzraa (64. 10 Vincent Schaub), 8 Celal Aydogan, 31 Ronay Arabaci (46. 25 Lennard Wagemann) \u2013 11 Daiki Kamo (57. 9 Fritz Kleiner) &#8211; Trainer: Sebastian Tyrala<\/p>\n<p><strong>Stadion:<\/strong> Stadion Uhlenkrug<\/p>\n<p><strong>Zuschauer:<\/strong> 800<\/p>\n<p><strong>Tore: <\/strong>0:1 Aydogan (11.), 0:2 Arambasic (18.), 1:2 Korytowski (26.), 1:3 Aydogan (28.)<\/p>\n<p><strong>Gelbe Karten:<\/strong> Haar (90.+ 4)<\/p>\n<p><strong>Gelb-Rot:<\/strong> Miyamoto (39.)<\/p>\n<p>&nbsp;<\/p>\n","protected":false},"excerpt":{"rendered":"<p>Endlich wieder ein Erfolgserlebnis f\u00fcr den in dieser Spielzeit so schwach gestarteten WSV. Mit 3:1 (3:1) nahmen die Bergischen \u00fcber 50 Minuten in Unterzahl mit nur noch 10 Akteuren die schwere Pokalh\u00fcrde am Essener Uhlenkrug und l\u00f6sten das Ticket f\u00fcr das Achtelfinale &#8211; die dritte Runde des Niederrheinpokals ein.<\/p>\n","protected":false},"author":7,"featured_media":0,"comment_status":"open","ping_status":"open","sticky":false,"template":"","format":"standard","meta":{"footnotes":""},"categories":[20],"tags":[],"class_list":["post-86591","post","type-post","status-publish","format-standard","hentry","category-sport"],"publishpress_future_action":{"enabled":false,"date":"2026-05-08 20:36:50","action":"change-status","newStatus":"draft","terms":[],"taxonomy":"category","extraData":[]},"publishpress_future_workflow_manual_trigger":{"enabledWorkflows":[]},"_links":{"self":[{"href":"https:\/\/www.die-stadtzeitung.de\/index.php\/wp-json\/wp\/v2\/posts\/86591","targetHints":{"allow":["GET"]}}],"collection":[{"href":"https:\/\/www.die-stadtzeitung.de\/index.php\/wp-json\/wp\/v2\/posts"}],"about":[{"href":"https:\/\/www.die-stadtzeitung.de\/index.php\/wp-json\/wp\/v2\/types\/post"}],"author":[{"embeddable":true,"href":"https:\/\/www.die-stadtzeitung.de\/index.php\/wp-json\/wp\/v2\/users\/7"}],"replies":[{"embeddable":true,"href":"https:\/\/www.die-stadtzeitung.de\/index.php\/wp-json\/wp\/v2\/comments?post=86591"}],"version-history":[{"count":5,"href":"https:\/\/www.die-stadtzeitung.de\/index.php\/wp-json\/wp\/v2\/posts\/86591\/revisions"}],"predecessor-version":[{"id":86619,"href":"https:\/\/www.die-stadtzeitung.de\/index.php\/wp-json\/wp\/v2\/posts\/86591\/revisions\/86619"}],"wp:attachment":[{"href":"https:\/\/www.die-stadtzeitung.de\/index.php\/wp-json\/wp\/v2\/media?parent=86591"}],"wp:term":[{"taxonomy":"category","embeddable":true,"href":"https:\/\/www.die-stadtzeitung.de\/index.php\/wp-json\/wp\/v2\/categories?post=86591"},{"taxonomy":"post_tag","embeddable":true,"href":"https:\/\/www.die-stadtzeitung.de\/index.php\/wp-json\/wp\/v2\/tags?post=86591"}],"curies":[{"name":"wp","href":"https:\/\/api.w.org\/{rel}","templated":true}]}}