{"id":86582,"date":"2025-09-05T00:16:19","date_gmt":"2025-09-04T22:16:19","guid":{"rendered":"https:\/\/www.die-stadtzeitung.de\/?p=86582"},"modified":"2025-10-01T20:03:46","modified_gmt":"2025-10-01T18:03:46","slug":"lore-duwe-nutzen-sie-ihre-wahl-chance","status":"publish","type":"post","link":"https:\/\/www.die-stadtzeitung.de\/index.php\/2025\/09\/05\/lore-duwe-nutzen-sie-ihre-wahl-chance\/","title":{"rendered":"Lore Duwe: Nutzen Sie Ihre Wahl-Chance\u00a0"},"content":{"rendered":"<div id=\"attachment_55332\" class=\"wp-caption alignnone\" style=\"max-width: 1683px;\"><img loading=\"lazy\" decoding=\"async\" class=\"size-full wp-image-55332\" src=\"\/wp-content\/uploads\/2022\/09\/2015.11.24-Lore-7.jpg\" alt=\"\" width=\"1673\" height=\"1080\" \/><span class=\"wp-caption-text\">Die Schauspielerin, S\u00e4ngerin, T\u00e4nzerin und Autorin Lore Duwe interessiert sich f\u00fcr das Geschehen in der geliebten Heimatstadt &#8211; \u00a9 privat<\/span><\/div>\n<p>Sieben auf einen Streich im M\u00e4rchen der Gebr\u00fcder Grimm erlegt das \u201eTapfere Schneiderlein&#8220; sieben Fliegen mit einen Schlag. Stolz stickte er diese Botschaft aufs einen G\u00fcrtel. Diesen trug er auf der Wanderschaft um seine Taille, um St\u00e4rke zu demonstrieren.<\/p>\n<p>Er \u00fcberwand Riesen, die ihn von Natur aus weitaus an Kraft und St\u00e4rke \u00fcberlegen waren, allein durch Willenskraft, List und T\u00fccke. Elf Kandidatinnen\u00a0 und Kandidaten bewerben sich\u00a0 um das Oberb\u00fcrgermeisteramt. Sie trugen zwar keine Kraft spendende G\u00fcrtel um ihre Taille beim Kandidaten-Talk im Pina-Bausch-Zentrum (PBZ), sie mussten sich schon ganz auf ihre Argumente und ihre \u00dcberzeugungskraft\u00a0verlassen.<\/p>\n<div id=\"attachment_86586\" class=\"wp-caption alignnone\" style=\"max-width: 1393px;\"><img loading=\"lazy\" decoding=\"async\" class=\"wp-image-86586 size-full\" src=\"\/wp-content\/uploads\/2025\/09\/PHOTO-2025-09-09-15-30-18.jpg\" alt=\"\" width=\"1383\" height=\"824\" \/><span class=\"wp-caption-text\">Ina Kiesewetter (WDR) und Lothar Leuschen (WZ) moderierten das Kandidaten-Duell im PBZ sehr souver\u00e4n- -\u00a9 Lore Duwe<\/span><\/div>\n<p>Eingeladen dazu hatte der F\u00f6rderverein des PBZ unter dem Vorsitz des Bundestags-Abgeordneten Helge Lindh und Bettina Milz, Koordinatorin und Leiterin des \u201ePina Bausch Zentrum under construction\u201c. Moderiert wurde das Kandidaten-Duell von WZ-Chefredakteur Lothar Leuschen und WDR-Redakteurin Ina Kiesewetter.<\/p>\n<p>Am Sonntag (14.09.) entscheiden jetzt die Wuppertalerinnen und Wuppertaler,\u00a0 wer in den n\u00e4chsten vier Jahren das h\u00f6chste Amt der Stadt bekleidet. Wenn Sie mich fragen: Ich schaue jeden Tag ganz genau hin, ob einer der Bewerber vielleicht einen bestickten G\u00fcrtel tr\u00e4gt.<\/p>\n<p>In diesem Sinne: W\u00e4hlen Sie gut!<\/p>\n<p><strong>Ihre Lore Duwe \/ Euer L\u00f6rken<\/strong><\/p>\n<div id=\"attachment_86587\" class=\"wp-caption alignnone\" style=\"max-width: 1043px;\"><img loading=\"lazy\" decoding=\"async\" class=\"wp-image-86587 size-full\" src=\"\/wp-content\/uploads\/2025\/09\/PHOTO-2025-09-09-15-30-18kkl.jpg\" alt=\"\" width=\"1033\" height=\"560\" \/><span class=\"wp-caption-text\">Ale OB-Kandidaten und die Moderatoren auf einem Blick &#8211; \u00a9 Lore Duwe<\/span><\/div>\n<p>&nbsp;<\/p>\n","protected":false},"excerpt":{"rendered":"<p>In ihrer Kolumne \u201eMal unter uns\u2026!\u201c kommentiert die beliebte Wuppertaler Schauspielerin, T\u00e4nzerin, S\u00e4ngerin und Autorin Lore Duwe (89) das Geschehen in ihrer geliebten Heimatstadt damals wie heute subjektiv aus ihrem ganz pers\u00f6nlichen Blickwinkel. <\/p>\n","protected":false},"author":7,"featured_media":0,"comment_status":"open","ping_status":"open","sticky":false,"template":"","format":"standard","meta":{"footnotes":""},"categories":[24],"tags":[],"class_list":["post-86582","post","type-post","status-publish","format-standard","hentry","category-wuppertal"],"publishpress_future_action":{"enabled":false,"date":"2026-05-07 10:22:10","action":"change-status","newStatus":"draft","terms":[],"taxonomy":"category","extraData":[]},"publishpress_future_workflow_manual_trigger":{"enabledWorkflows":[]},"_links":{"self":[{"href":"https:\/\/www.die-stadtzeitung.de\/index.php\/wp-json\/wp\/v2\/posts\/86582","targetHints":{"allow":["GET"]}}],"collection":[{"href":"https:\/\/www.die-stadtzeitung.de\/index.php\/wp-json\/wp\/v2\/posts"}],"about":[{"href":"https:\/\/www.die-stadtzeitung.de\/index.php\/wp-json\/wp\/v2\/types\/post"}],"author":[{"embeddable":true,"href":"https:\/\/www.die-stadtzeitung.de\/index.php\/wp-json\/wp\/v2\/users\/7"}],"replies":[{"embeddable":true,"href":"https:\/\/www.die-stadtzeitung.de\/index.php\/wp-json\/wp\/v2\/comments?post=86582"}],"version-history":[{"count":4,"href":"https:\/\/www.die-stadtzeitung.de\/index.php\/wp-json\/wp\/v2\/posts\/86582\/revisions"}],"predecessor-version":[{"id":86588,"href":"https:\/\/www.die-stadtzeitung.de\/index.php\/wp-json\/wp\/v2\/posts\/86582\/revisions\/86588"}],"wp:attachment":[{"href":"https:\/\/www.die-stadtzeitung.de\/index.php\/wp-json\/wp\/v2\/media?parent=86582"}],"wp:term":[{"taxonomy":"category","embeddable":true,"href":"https:\/\/www.die-stadtzeitung.de\/index.php\/wp-json\/wp\/v2\/categories?post=86582"},{"taxonomy":"post_tag","embeddable":true,"href":"https:\/\/www.die-stadtzeitung.de\/index.php\/wp-json\/wp\/v2\/tags?post=86582"}],"curies":[{"name":"wp","href":"https:\/\/api.w.org\/{rel}","templated":true}]}}