{"id":86528,"date":"2025-09-02T09:48:32","date_gmt":"2025-09-02T07:48:32","guid":{"rendered":"https:\/\/www.die-stadtzeitung.de\/?p=86528"},"modified":"2025-09-13T10:13:57","modified_gmt":"2025-09-13T08:13:57","slug":"bhc-verspielte-siegchance-in-stuttgart-in-der-1-halbzeit","status":"publish","type":"post","link":"https:\/\/www.die-stadtzeitung.de\/index.php\/2025\/09\/02\/bhc-verspielte-siegchance-in-stuttgart-in-der-1-halbzeit\/","title":{"rendered":"BHC verspielte Siegchance in Stuttgart in der 1. Halbzeit"},"content":{"rendered":"<div id=\"attachment_78926\" class=\"wp-caption alignnone\" style=\"max-width: 2570px;\"><img loading=\"lazy\" decoding=\"async\" class=\"wp-image-78926 size-full\" src=\"\/wp-content\/uploads\/2024\/10\/Diederichs-BHC-Torhueter-JC-scaled.jpg\" alt=\"\" width=\"2560\" height=\"1787\" \/><span class=\"wp-caption-text\">BHC-Torh\u00fcter Lukas Diederich konnte einem in der ersten Halbzeit leid tun. Kein einziger gehaltener Ball, weil er von seiner Abwehr regelrecht im Stich gelassen wurde &#8211; \u00a9 Archivfoto Jochen Classen<\/span><\/div>\n<p>Und so hat der BHC in der DAIKIN HBL weiterhin keinen Punkt auf der Habenseite. Besonders in den ersten 20 Minuten funktionierte bei den G\u00e4sten vor allem defensiv \u00fcberhaupt nichts. Erwartungsgem\u00e4\u00df spielten die Gastgeber offensiv mit vier R\u00fcckraumspielern &#8211; ein System, das Trainer Misha Kaufmann in Eisenach etabliert und nach Stuttgart mitgebracht hatte.<\/p>\n<p>Der BHC verteidigte dagegen offensiv, bekam den Gegner aber \u00fcberhaupt nicht gestoppt. Nahezu jeder Zweikampf ging verloren, so dass der TVB frei zum Abschluss kam und flei\u00dfig traf. Im L\u00f6wen-Tor hatten es zuerst Lukas Diedrich und dann Christopher Rudeck daher schwer, so dass in der ersten Halbzeit gar keine Parade gelang.<\/p>\n<h4>Nach einer Auszeit lief es im Angriff besser<\/h4>\n<p>Im Angriff misslang der Auftakt zwar ebenfalls, doch nach einer Auszeit in der zehnten Minute kamen die Bergischen in diesem Bereich ins Spiel. Zwar lagen sie 3:9 hinten und kassierten weiterhin viele Gegentore, doch sie trafen nun auch. 15 Treffer bis zur Pause waren eine ordentliche Ausbeute, so dass es &#8222;nur&#8220; mit einem 15:21 in die Kabine ging.<\/p>\n<p>Eine defensive Verbesserung hatte sich schon Ende der ersten Halbzeit angedeutet und setzte sich in den zweiten 30 Minuten auch fort. Die Abwehr stand kompakter, hatte dadurch mehr Einfluss aufs Spiel, und Torh\u00fcter Diedrich hielt seine ersten B\u00e4lle. Tats\u00e4chlich kamen die L\u00f6wen sogar noch einmal in Schlagdistanz.<\/p>\n<div id=\"attachment_77937\" class=\"wp-caption alignnone\" style=\"max-width: 810px;\"><img loading=\"lazy\" decoding=\"async\" class=\"wp-image-77937 size-full\" src=\"\/wp-content\/uploads\/2024\/09\/Seesing-BHC-JC.jpg\" alt=\"\" width=\"800\" height=\"533\" \/><span class=\"wp-caption-text\">Kreisl\u00e4ufer Aron Seesing (vorne) gelangen in Stuttgart immerhin noch f\u00fcfn Treffer, doch die reichten nicht zum Punktgewinn &#8211; \u00a9 Archivfoto Jochen Classen<\/span><\/div>\n<p>Aron Seesing stellte eine knappe Viertelstunde vor Schluss auf 24:28 und brachte seine Farben erstmals wieder auf vier Tore heran. Dasselbe gelang auch noch zwei Mal Noah Beyer per Siebenmeter zum 25:29 und 26:30.<\/p>\n<p>Zwei Mal hatten die G\u00e4ste den Ball und damit die M\u00f6glichkeit, auf drei Treffer R\u00fcckstand zu stellen. Dazu kam es aber auch aufgrund technischer Fehler nicht. Die Stuttgarter gerieten also nicht mehr ernsthaft in Bedr\u00e4ngnis, trafen entscheidend durch Kai H\u00e4fner und standen sp\u00e4testens acht Minuten vor Schluss als Sieger fest.<\/p>\n<h4>Stimmen zum Spiel<\/h4>\n<p><strong>Markus P\u00fctz:<\/strong> \u201eDie Startphase ist nicht gut, die ersten 20 Minuten sind zu deutlich vom Leistungsunterschied. So werden wir es schwer haben in der 1. Liga. Wir haben in der ersten Halbzeit keine einzige Torh\u00fcter-Parade. Dann ist es auch schwierig, da n\u00e4her ranzukommen. Wir k\u00f6nnen gl\u00fccklich sein, dass wir zur Pause nur mit sechs Toren zur\u00fcckliegen, weil wir die letzten acht Minuten der ersten H\u00e4lfte besser gestaltet haben. In der zweiten Halbzeit zeigen wir Moral, kommen auf minus vier ran und haben zwei Mal die Chance auf minus drei zu gehen, machen aber technische Fehler. Dann haben wir in der zweiten Halbzeit keine Chance, den Turnaround zu schaffen, weil die Zweikampfqualit\u00e4t nicht gut ist. Es war ein verdienter Sieg f\u00fcr Stuttgart, den wir aufarbeiten m\u00fcssen.\u201c<\/p>\n<p><strong>Misha Kaufmann:<\/strong> \u201eMan hat gesehen, dass wir bereit waren. Wir haben den BHC nicht untersch\u00e4tzt und waren von Anfang an voll da. Beide Mannschaften hatten eine kurze Vorbereitung. An dieser Stelle ein Kompliment an alle bei uns f\u00fcr die Riesenarbeit in dieser kurzen Zeit. Nach dem 18:10 fehlte bei uns dann die letzte Konsequenz und wir lassen den BHC damit ein bisschen am leben. Bei minus vier kann das Spiel auch kippen. Trotzdem bin ich stolz, weil die Jungs dann angezogen haben.\u201c<\/p>\n<div id=\"attachment_78721\" class=\"wp-caption alignnone\" style=\"max-width: 560px;\"><img loading=\"lazy\" decoding=\"async\" class=\"wp-image-78721 size-full\" src=\"\/wp-content\/uploads\/2024\/10\/20240605BHCTrioGutbrodGunnarssonPutz-2.jpg\" alt=\"\" width=\"550\" height=\"443\" \/><span class=\"wp-caption-text\">BHC-Sportdirektor Fabian Gutbrod machte aus seiner Entt\u00e4uschung keinen Hehl &#8211; \u00a9 Archivfoto Jochen Classen<\/span><\/div>\n<p><strong>Fabian Gutbrod:<\/strong> \u201eIch bin schon entt\u00e4uscht aufgrund der ersten Halbzeit. Da haben wir ganz viel vermissen lassen, was es braucht, um ein Spiel in der Handball-Bundesliga zu gewinnen. Wir hatten keine Zweikampff\u00fchrung, keine Torh\u00fcter-Paraden. Minus sechs zur Halbzeit f\u00fchlt sich ehrlicherweise schmeichelhaft an. Es ist dann etwas besser in der zweiten Halbzeit. Wir haben die M\u00f6glichkeit, auf minus drei zu stellen, aber im Grunde sind wir die ganze Zeit chancenlos. Nun haben wir eine volle Trainingswoche, die wir auch brauchen. Es gilt, m\u00f6glichst schnell die die richtigen R\u00fcckschl\u00fcsse zu ziehen, um im Heimspiel gegen Minden zu punkten.\u201c<\/p>\n<p>Nach drei Spieltagen belegt der BHC mit 0:6 Punkten und -23 Toren den 18. und damit letzten Tabellenplatz der Handball-Bundesliga. N\u00e4chster Gegner ist GWD Minden am Samstag (13.09.) um 19:00 Uhr in der Uni-Halle.<\/p>\n<h4>TVB Stuttgart &#8211; Bergischer HC 35:28 (21:15)<\/h4>\n<p><strong>TVB Stuttgart:<\/strong> Vujovic, Rebmann &#8211; M. H\u00e4fner (6), Serradilla (5), Lien (5), Pribetic (1), Snajder (1), Toskas, Mengon (4), R\u00f6thlisberger, Matzken (2), Zieker (3), K. H\u00e4fner (7\/3), Truchanovicius, Rubin (1), Nigg. Trainer: Misha Kaufmann<\/p>\n<p><strong>Bergischer HC:<\/strong> Rudeck, Diedrich &#8211; Beyer (6\/5), Becher, Steinhaus (2), Sch\u00f6ttle (2), Babarskas (3), Morante Maldonado (5), Babak (1), Seesing (5), Kooij, Scholtes (3), Wasielewksi, Fraatz (1), Fuchs. Trainer: Arnor Gunnarsson und Markus P\u00fctz<\/p>\n<p>Schiedsrichter: Marcus Hurst und Mirko Krag<\/p>\n<p>Siebenmeter: 3\/4 &#8211; 5\/6<\/p>\n<p>Zeitstrafen: 5 &#8211; 3 (R\u00f6thlisberger (2), Snajder, Matzken, Zieker &#8211; Kooij, Seesing, Wasielewksi)<\/p>\n","protected":false},"excerpt":{"rendered":"<p>Beim TVB Stuttgart hatte sich der Bergische HC die ersten Bundesliga-Punkte erhofft. Am Ende stand das Team von Arnor Thor Gunnarsson und Markus P\u00fctz wieder mit leeren H\u00e4nden da. 28:35 (15:21) das ern\u00fcchternde Ergebnis. Und das lag an einer absolut desolaten 1. Halbzeit.<\/p>\n","protected":false},"author":7,"featured_media":0,"comment_status":"open","ping_status":"open","sticky":false,"template":"","format":"standard","meta":{"footnotes":""},"categories":[20],"tags":[],"class_list":["post-86528","post","type-post","status-publish","format-standard","hentry","category-sport"],"publishpress_future_action":{"enabled":false,"date":"2026-05-08 22:33:03","action":"change-status","newStatus":"draft","terms":[],"taxonomy":"category","extraData":[]},"publishpress_future_workflow_manual_trigger":{"enabledWorkflows":[]},"_links":{"self":[{"href":"https:\/\/www.die-stadtzeitung.de\/index.php\/wp-json\/wp\/v2\/posts\/86528","targetHints":{"allow":["GET"]}}],"collection":[{"href":"https:\/\/www.die-stadtzeitung.de\/index.php\/wp-json\/wp\/v2\/posts"}],"about":[{"href":"https:\/\/www.die-stadtzeitung.de\/index.php\/wp-json\/wp\/v2\/types\/post"}],"author":[{"embeddable":true,"href":"https:\/\/www.die-stadtzeitung.de\/index.php\/wp-json\/wp\/v2\/users\/7"}],"replies":[{"embeddable":true,"href":"https:\/\/www.die-stadtzeitung.de\/index.php\/wp-json\/wp\/v2\/comments?post=86528"}],"version-history":[{"count":5,"href":"https:\/\/www.die-stadtzeitung.de\/index.php\/wp-json\/wp\/v2\/posts\/86528\/revisions"}],"predecessor-version":[{"id":86533,"href":"https:\/\/www.die-stadtzeitung.de\/index.php\/wp-json\/wp\/v2\/posts\/86528\/revisions\/86533"}],"wp:attachment":[{"href":"https:\/\/www.die-stadtzeitung.de\/index.php\/wp-json\/wp\/v2\/media?parent=86528"}],"wp:term":[{"taxonomy":"category","embeddable":true,"href":"https:\/\/www.die-stadtzeitung.de\/index.php\/wp-json\/wp\/v2\/categories?post=86528"},{"taxonomy":"post_tag","embeddable":true,"href":"https:\/\/www.die-stadtzeitung.de\/index.php\/wp-json\/wp\/v2\/tags?post=86528"}],"curies":[{"name":"wp","href":"https:\/\/api.w.org\/{rel}","templated":true}]}}