{"id":86516,"date":"2025-09-01T10:51:39","date_gmt":"2025-09-01T08:51:39","guid":{"rendered":"https:\/\/www.die-stadtzeitung.de\/?p=86516"},"modified":"2025-09-11T07:48:22","modified_gmt":"2025-09-11T05:48:22","slug":"taltalk-mit-volldampf-aus-der-sommerpause","status":"publish","type":"post","link":"https:\/\/www.die-stadtzeitung.de\/index.php\/2025\/09\/01\/taltalk-mit-volldampf-aus-der-sommerpause\/","title":{"rendered":"TalTalk: Mit Volldampf aus der Sommerpause"},"content":{"rendered":"<div id=\"attachment_86519\" class=\"wp-caption alignnone\" style=\"max-width: 1291px;\"><img loading=\"lazy\" decoding=\"async\" class=\"wp-image-86519 size-full\" src=\"\/wp-content\/uploads\/2025\/09\/Vincent-Moissonnier-taltalk-concordia-wuppertal-2025.jpg\" alt=\"\" width=\"1281\" height=\"997\" \/><span class=\"wp-caption-text\">Der ehemalige Sterne-Gastronom Vincent Moissonnier, der das legend\u00e4re 2-Sterne-Restaurant \u201eLe Moissonnier\u201c in K\u00f6ln betrieb &#8211; \u00a9 Borchert Schrader \/ Les Moissonnier<\/span><\/div>\n<p>Die TalTalk-Zuh\u00f6rerinnen und &#8211; Zuh\u00f6rer werden mitgenommen auf eine Zeitreise durch vier unterschiedliche, eindrucksvolle Lebensl\u00e4ufe:<\/p>\n<p><strong>Vincent Moissonnier<\/strong> \u2013 Der Sterne-Gastronom mit Stil &amp; Seele pr\u00e4gte \u00fcber 40 Jahre gemeinsam mit seiner Frau Liliane die Gourmet-Welt des legend\u00e4ren 2-Sterne-Restaurant \u201eLe Moissonnier\u201c in K\u00f6ln. Heute ist er gefragter Etikette-Experte f\u00fcr F\u00fchrungskr\u00e4fte und gefeierter Kolumnist und Buchautor. Bei \u00a0TalTalk verr\u00e4t der charmante Franzose seine These, warum gute Gesch\u00e4fte immer an einem sch\u00f6n gedeckten Tisch beginnen. Nat\u00fcrlich serviert er auch sein neues Buch \u201eEin Tisch am Fenster\u201c.<\/p>\n<div id=\"attachment_86520\" class=\"wp-caption alignnone\" style=\"max-width: 610px;\"><img loading=\"lazy\" decoding=\"async\" class=\"wp-image-86520 size-full\" src=\"\/wp-content\/uploads\/2025\/09\/christiane-rueffer-taltalk-concordia-wuppertal-Portrait-Kopie.jpg\" alt=\"\" width=\"600\" height=\"451\" \/><span class=\"wp-caption-text\">Sie ist die Stimme des Tals: Christiane R\u00fcffer, Rundfunk-Redakteurin von Radio Wuppertal &#8211; \u00a9 Radio Wuppertal<\/span><\/div>\n<p><strong>Christiane R\u00fcffer<\/strong> \u2013 Sie ist die Stimme Wuppertals. Seit \u00fcber zwei Jahrzehnten begleitet sie mit Stimme und Herz die Menschen in unserer Stadt als H\u00f6rfunk-Redakteurin bei Radio Wuppertal. Was einst mit einem Zufall begann, wurde zur Berufung. Die Radio Wuppertaler-H\u00f6rer \u00a0bei TalTalk lernen die Frau hinter dem Mikrofon kennen und ihre spannendsten Geschichten aus dem Radio-Alltag!<\/p>\n<div id=\"attachment_86521\" class=\"wp-caption alignnone\" style=\"max-width: 610px;\"><img loading=\"lazy\" decoding=\"async\" class=\"wp-image-86521 size-full\" src=\"\/wp-content\/uploads\/2025\/09\/ilka-federschmidt-taltalk-september-2025-concordia-wuppertal-Kopie.jpg\" alt=\"\" width=\"600\" height=\"410\" \/><span class=\"wp-caption-text\">Im vollen Ornat: Ilka Felderschmidt, erste Superintendantin des Kirchenkreises Wuppertal &#8211; \u00a9 Kirchenkreis Wuppertal<\/span><\/div>\n<p><strong>Ilka Federschmidt<\/strong> \u2013 Sie steht f\u00fcr Glaube, Haltung und klare Worte. Als erste hauptamtliche Superintendentin des Kirchenkreises Wuppertal gestaltet sie den Dialog zwischen Kirche und Gesellschaft mutig und modern. Mit Podcast, Kolumnen und offenen Gespr\u00e4chen bringt sie Themen in Zeiten von Kirchenaustritten auf den Tisch, die viele bewegen. Im Talk zeigt sie, wie Spiritualit\u00e4t heute gelebt wird &#8211; authentisch, empathisch und mitten im Leben.<\/p>\n<div id=\"attachment_86522\" class=\"wp-caption alignnone\" style=\"max-width: 610px;\"><img loading=\"lazy\" decoding=\"async\" class=\"wp-image-86522 size-full\" src=\"\/wp-content\/uploads\/2025\/09\/Ralf-Budde-taltalk-2025-concordia-wuppertal-Kopie.jpg\" alt=\"\" width=\"600\" height=\"374\" \/><span class=\"wp-caption-text\">Ralf Budde ist Wuppertals nimmerm\u00fcder Theatermacher &#8211; \u00a9 Meinhard Koke<\/span><\/div>\n<p><strong>Ralf Budde<\/strong> \u2013 Er ist der Theater-Magier &amp; Vision\u00e4r Wuppertals. Regisseur, Intendant, kreativer Kopf: Seit vielen Jahren pr\u00e4gt Ralf Budde das Kulturleben in Wuppertal als k\u00fcnstlerischer Leiter des TIC-Theaters. \u00dcber 50 Inszenierungen voller Herzblut und Leidenschaft sprechen f\u00fcr sich. In unserem Talk verr\u00e4t er, was ihn antreibt, was hinter den Kulissen passiert &#8211; und welche B\u00fchnen-Tr\u00e4ume er noch verwirklichen will.<\/p>\n<p><strong>Termin:<\/strong><\/p>\n<h4>TalTalk \u2013 Die Concordia-Show<\/h4>\n<p><strong>Mit: Christiane R\u00fcffer \u2013 Vincent Moissonnier \u2013 Ilka Federschmidt \u2013 Ralf Budde<\/strong><\/p>\n<p><strong>Moderation:<\/strong> Gabriele Sch\u00e4fer \u2013 Michael Schmidt-Russnak<\/p>\n<p>Mittwoch &#8211; 10.09.2025 &#8211; 19.30 Uhr<\/p>\n<p>Gesellschaft Concordia \u2013 Werth 48 \u2013 42275 Wuppertal<\/p>\n<p><strong>Link<\/strong> zur Webseite der Gesellschaft Concordia:\u00a0<a href=\"http:\/\/www.concordia-wuppertal.de\">http:\/\/www.concordia-wuppertal.de<\/a><\/p>\n<p><strong>Tickets<\/strong> unter\u00a0<a href=\"http:\/\/www.wuppertal-live.de\">http:\/\/www.wuppertal-live.de<\/a><\/p>\n<div id=\"attachment_86524\" class=\"wp-caption alignnone\" style=\"max-width: 610px;\"><img loading=\"lazy\" decoding=\"async\" class=\"wp-image-86524 size-full\" src=\"\/wp-content\/uploads\/2025\/09\/JochenRauschA7_08991-2-scaled-1.jpg\" alt=\"\" width=\"600\" height=\"427\" \/><span class=\"wp-caption-text\">TalTalk-Moderator Michael Schmidt-Russnak (l.) mit Ex-WDR-Rundfunk-Programmdirektor und Erfolgsbuchautor Jochen Rausch &#8211; \u00a9 Gesellschaft Concordia<\/span><\/div>\n","protected":false},"excerpt":{"rendered":"<p>Mit Volldampf aus der Sommerpause! Nach den Gro\u00dfen Ferien beginnt die Jahreszeit der spannenden TalTalk-Abende in der Gesellschaft Concordia. Am Mittwoch (10.09.) empfangen die Moderatoren \u00a0Gabriele Sch\u00e4fer und Michael Schmidt-Russnak wieder vier interessante, au\u00dfergew\u00f6hnliche Pers\u00f6nlichkeiten: Christiane R\u00fcffer, Vincent Moissonnier, Ilka Federschmidt und Ralf Budde.<\/p>\n","protected":false},"author":7,"featured_media":0,"comment_status":"open","ping_status":"open","sticky":false,"template":"","format":"standard","meta":{"footnotes":""},"categories":[29],"tags":[],"class_list":["post-86516","post","type-post","status-publish","format-standard","hentry","category-kultur"],"publishpress_future_action":{"enabled":false,"date":"2026-05-06 12:37:13","action":"change-status","newStatus":"draft","terms":[],"taxonomy":"category","extraData":[]},"publishpress_future_workflow_manual_trigger":{"enabledWorkflows":[]},"_links":{"self":[{"href":"https:\/\/www.die-stadtzeitung.de\/index.php\/wp-json\/wp\/v2\/posts\/86516","targetHints":{"allow":["GET"]}}],"collection":[{"href":"https:\/\/www.die-stadtzeitung.de\/index.php\/wp-json\/wp\/v2\/posts"}],"about":[{"href":"https:\/\/www.die-stadtzeitung.de\/index.php\/wp-json\/wp\/v2\/types\/post"}],"author":[{"embeddable":true,"href":"https:\/\/www.die-stadtzeitung.de\/index.php\/wp-json\/wp\/v2\/users\/7"}],"replies":[{"embeddable":true,"href":"https:\/\/www.die-stadtzeitung.de\/index.php\/wp-json\/wp\/v2\/comments?post=86516"}],"version-history":[{"count":5,"href":"https:\/\/www.die-stadtzeitung.de\/index.php\/wp-json\/wp\/v2\/posts\/86516\/revisions"}],"predecessor-version":[{"id":86526,"href":"https:\/\/www.die-stadtzeitung.de\/index.php\/wp-json\/wp\/v2\/posts\/86516\/revisions\/86526"}],"wp:attachment":[{"href":"https:\/\/www.die-stadtzeitung.de\/index.php\/wp-json\/wp\/v2\/media?parent=86516"}],"wp:term":[{"taxonomy":"category","embeddable":true,"href":"https:\/\/www.die-stadtzeitung.de\/index.php\/wp-json\/wp\/v2\/categories?post=86516"},{"taxonomy":"post_tag","embeddable":true,"href":"https:\/\/www.die-stadtzeitung.de\/index.php\/wp-json\/wp\/v2\/tags?post=86516"}],"curies":[{"name":"wp","href":"https:\/\/api.w.org\/{rel}","templated":true}]}}