{"id":86489,"date":"2025-09-05T23:42:24","date_gmt":"2025-09-05T21:42:24","guid":{"rendered":"https:\/\/www.die-stadtzeitung.de\/?p=86489"},"modified":"2025-09-14T10:14:30","modified_gmt":"2025-09-14T08:14:30","slug":"charles-petersohn-vorfreude-auf-den-musikalischen-herbst","status":"publish","type":"post","link":"https:\/\/www.die-stadtzeitung.de\/index.php\/2025\/09\/05\/charles-petersohn-vorfreude-auf-den-musikalischen-herbst\/","title":{"rendered":"Charles Petersohn: Vorfreude auf den musikalischen Herbst"},"content":{"rendered":"<div class=\"moz-text-html\" lang=\"x-unicode\">\n<div dir=\"ltr\">\n<div dir=\"ltr\">\n<div>\n<div id=\"attachment_86492\" class=\"wp-caption alignnone\" style=\"max-width: 2570px;\"><img loading=\"lazy\" decoding=\"async\" class=\"wp-image-86492 size-full\" src=\"\/wp-content\/uploads\/2025\/09\/ZU-ZU-DJs@Katrin-Schmitt-scaled.jpg\" alt=\"\" width=\"2560\" height=\"1920\" \/><span class=\"wp-caption-text\">Charles Petersohn (r.) als Gr\u00fcnder und &#8222;Vater&#8220; der Band &#8222;Zu Zu Family&#8220; &#8211; \u00a9 Karin Schmitt<\/span><\/div>\n<\/div>\n<div><\/div>\n<div>\n<p>&#8222;Ich habe jetzt ein Mixtape f\u00fcr die &#8222;Kunstmeile im KuKuNa&#8220; in der soundcloud ver\u00f6ffentlicht. Ich selbst werde nicht dabei sein. Wir feiern in Berlin den Geburtstag meiner Mutter. Daher ein Mixtape. Das Piano in vielen Faccetten steht im Mittelpunkt. Beim H\u00f6ren f\u00fchlt sich das alles sehr entspannt und beseelt an.<\/p>\n<p><a href=\"https:\/\/soundcloud.com\/charles-petersohn\/somewhere-and-elsewhere-pianomix\">SOMEWHERE AND ELSEWHERE<\/a><\/p>\n<p>Ebenfalls heute hat der Fotograf Kevin Bertel in seiner Kolumne \u00fcber Kunst und K\u00fcnstler als Statement vor der Kommunalwahl unser Gespr\u00e4ch in der WZ ver\u00f6ffentlicht. Wir haben vor einigen Wochen zwei Stunden miteinander philosophiert. Das war ein echtes Brett.\u00a0 Ich hab mal einen &#8222;rausgehauen!&#8220; \ud83d\ude09 Wer es lesen m\u00f6chte, schaut im Wuppertal-Teil nach.<\/p>\n<p><strong>Kleine Vorschau f\u00fcr den Herbst\u00a0<\/strong><\/p>\n<p>21.09.19 Uhr &#8211; Internationales Begegnungszentrum der Caritas &#8211; AL WATAN &#8211; ein Ensemble mit Musikern und S\u00e4ngerinnen aus vielen L\u00e4ndern.<\/p>\n<p>02.10. 20 Uhr &#8211; Internationales Begegnungszentrum &#8211; Ozan Ata Canani &#8211; der erste t\u00fcrkische S\u00e4nger, der seine orientalische Musik mit teils bissigen, deutschen Texten zelebriert hat, spielt mit neuer Band Songs aus seinem neuen Album &#8222;Die Demokratie&#8220;. Das passt wie die Faust aufs Auge, denn Tags drauf ist der Tag der deutsche Einheit. Pr\u00e4sentiert von Radio Cosmo und vermittelt, wie so oft, von den Freunden von Planet Rock, Berlin.<\/p>\n<p><a href=\"https:\/\/funinthechurch.bandcamp.com\/album\/die-demokratie?search_item_id%3D1521310242%26search_item_type%3Da%26search_match_part%3D%253F%26search_page_id%3D4624319962%26search_page_no%3D0%26search_rank%3D2=\">DIE DEMOKRATIE<\/a><\/p>\n<p>19.10. KuKuNa-Atelier &#8211; Ausstellung &#8222;nat\u00fcrlich mensch&#8220; Finissage. Die Ausstellung l\u00e4uft vom 26.09. bis eben zur Finissage und ist eine Kooperation von Utopiastadt, Kath. Bildungswerk und der Caritas. Bei der Finissage bin ich als DJ eingeladen. Zum Abschluss TANZEN.<\/p>\n<p><a href=\"https:\/\/www.njuuz.de\/home\/kultur\/natuerlich-mensch-ein-dialog-und-kunstprojekt\/\">NAT\u00dcRLICH MENSCH<\/a><\/p>\n<p>14.11. &#8211; 21 Uhr LOCH &#8211; &#8222;OFFEN:BAR&#8220; mit der &#8222;Zu Zu Family&#8220;<strong>.<\/strong> Miss Ingwer Rogers, Daniel Schmitt und ich werden beim Electric Garden oft gefragt, ob wir das nicht \u00f6fter machen k\u00f6nnen. Im LOCH gibt es zwar keinen Garten, daf\u00fcr verwandeln wir drei DJs den Club in ein Electric Gardenh\u00e4u\u00dfchen. Im Anschluss an die Vernissage der neuen Ausstellung im LOCH legen wir los. Erst kunstvoll, Musik f\u00fcr eine Ausstellung, danach stehen die BEATS im Mittepunkt.<\/p>\n<p><a href=\"https:\/\/loch-wuppertal.de\/bar\">ELECTRIC GARDENH\u00c4U\u00dfCHEN<\/a><\/p>\n<p>Ich w\u00fcnsch&#8216; Euch was.<\/p>\n<p><strong>Euer Charles Petersohn<\/strong><\/p>\n<p>&nbsp;<\/p>\n<\/div>\n<\/div>\n<\/div>\n<\/div>\n","protected":false},"excerpt":{"rendered":"<p>Charles Petersohn, Musiker, Komponist, DJ, Moderator, l\u00e4sst seine Fans in seiner Kolumne regelm\u00e4ssig an seiner k\u00fcnstlerischen und musikalischen Gef\u00fchlswelt teilhaben. Und er macht auch auf Veranstaltungen aufmerksam, bei denen er oder seine Musik-Kolleginnen und -Kollegen f\u00fcr das coole Feeling und den Groove sorgen.<\/p>\n","protected":false},"author":7,"featured_media":0,"comment_status":"open","ping_status":"open","sticky":false,"template":"","format":"standard","meta":{"footnotes":""},"categories":[29],"tags":[],"class_list":["post-86489","post","type-post","status-publish","format-standard","hentry","category-kultur"],"publishpress_future_action":{"enabled":false,"date":"2026-05-05 12:15:39","action":"change-status","newStatus":"draft","terms":[],"taxonomy":"category","extraData":[]},"publishpress_future_workflow_manual_trigger":{"enabledWorkflows":[]},"_links":{"self":[{"href":"https:\/\/www.die-stadtzeitung.de\/index.php\/wp-json\/wp\/v2\/posts\/86489","targetHints":{"allow":["GET"]}}],"collection":[{"href":"https:\/\/www.die-stadtzeitung.de\/index.php\/wp-json\/wp\/v2\/posts"}],"about":[{"href":"https:\/\/www.die-stadtzeitung.de\/index.php\/wp-json\/wp\/v2\/types\/post"}],"author":[{"embeddable":true,"href":"https:\/\/www.die-stadtzeitung.de\/index.php\/wp-json\/wp\/v2\/users\/7"}],"replies":[{"embeddable":true,"href":"https:\/\/www.die-stadtzeitung.de\/index.php\/wp-json\/wp\/v2\/comments?post=86489"}],"version-history":[{"count":6,"href":"https:\/\/www.die-stadtzeitung.de\/index.php\/wp-json\/wp\/v2\/posts\/86489\/revisions"}],"predecessor-version":[{"id":86670,"href":"https:\/\/www.die-stadtzeitung.de\/index.php\/wp-json\/wp\/v2\/posts\/86489\/revisions\/86670"}],"wp:attachment":[{"href":"https:\/\/www.die-stadtzeitung.de\/index.php\/wp-json\/wp\/v2\/media?parent=86489"}],"wp:term":[{"taxonomy":"category","embeddable":true,"href":"https:\/\/www.die-stadtzeitung.de\/index.php\/wp-json\/wp\/v2\/categories?post=86489"},{"taxonomy":"post_tag","embeddable":true,"href":"https:\/\/www.die-stadtzeitung.de\/index.php\/wp-json\/wp\/v2\/tags?post=86489"}],"curies":[{"name":"wp","href":"https:\/\/api.w.org\/{rel}","templated":true}]}}