{"id":86481,"date":"2025-09-04T20:26:51","date_gmt":"2025-09-04T18:26:51","guid":{"rendered":"https:\/\/www.die-stadtzeitung.de\/?p=86481"},"modified":"2025-09-04T20:27:18","modified_gmt":"2025-09-04T18:27:18","slug":"yorgos-ziavras-neuer-wird-kapellmeister-an-der-oper","status":"publish","type":"post","link":"https:\/\/www.die-stadtzeitung.de\/index.php\/2025\/09\/04\/yorgos-ziavras-neuer-wird-kapellmeister-an-der-oper\/","title":{"rendered":"Yorgos Ziavras neuer wird Kapellmeister der Oper"},"content":{"rendered":"<div id=\"attachment_86483\" class=\"wp-caption alignnone\" style=\"max-width: 2442px;\"><img loading=\"lazy\" decoding=\"async\" class=\"wp-image-86483 size-full\" src=\"\/wp-content\/uploads\/2025\/09\/Ziavras-Jorgos_\u00a9_Anna-Tena.jpeg\" alt=\"\" width=\"2432\" height=\"1695\" \/><span class=\"wp-caption-text\">Yorgos Ziavras, der neue Kapellmeister der Oper Wuppertal &#8211; \u00a9 Anna Tena<\/span><\/div>\n<p><span style=\"font-family: 'Arial','sans-serif'; color: black;\">Yorgos Ziavras (35) studierte Dirigieren an der Hochschule f\u00fcr Musik und Tanz K\u00f6ln sowie Klavier in Athen und K\u00f6ln. Seine k\u00fcnstlerische Laufbahn begann am Theater Krefeld\/M\u00f6nchengladbach, wo er zun\u00e4chst als Mitglied des Opernstudios Niederrhein t\u00e4tig war und sp\u00e4ter zum stellvertretenden Chefdirigenten aufstieg. Dar\u00fcber hinaus dirigierte er zahlreiche renommierte Orchester und Ensembles in Deutschland und Griechenland, darunter die Philharmonie S\u00fcdwestfalen und das Ensemble MusikFabrik.<\/span><\/p>\n<p><span style=\"font-family: 'Arial','sans-serif'; color: black;\">Neben seiner T\u00e4tigkeit im klassischen Repertoire engagiert sich Ziavras intensiv in der zeitgen\u00f6ssischen Musikszene. Er wurde mehrfach f\u00fcr seine k\u00fcnstlerische Arbeit ausgezeichnet, unter anderem mit einem Stipendium des Landes Nordrhein-Westfalen sowie dem F\u00f6rderpreis des Vereins \u201eFreunde der Musik\u201c.<\/span><\/p>\n<div id=\"attachment_80662\" class=\"wp-caption alignnone\" style=\"max-width: 610px;\"><img loading=\"lazy\" decoding=\"async\" class=\"wp-image-80662 size-full\" src=\"\/wp-content\/uploads\/2025\/01\/Rota-Rebekah-Felix-Gruenschloss-2-scaled-1.jpg\" alt=\"\" width=\"600\" height=\"397\" \/><span class=\"wp-caption-text\">Opernintendatin Rebekah Roto freut sich \u00fcbert die kompetetente, musikalische Verst\u00e4rkung &#8211; \u00a9 Felix Gr\u00fcnschloss<\/span><\/div>\n<p><span style=\"font-family: 'Arial','sans-serif'; color: black;\">Opernintendantin Rebekah Rota freut sich auf die Zusammenarbeit: \u201eYorgos Ziavras vereint musikalische Pr\u00e4zision mit k\u00fcnstlerischer Neugier und einem feinen Gesp\u00fcr f\u00fcr das Musiktheater unserer Zeit. Seine Vielseitigkeit und sein Engagement f\u00fcr innovative Formate machen ihn zu einer gro\u00dfen Bereicherung f\u00fcr unser Haus.\u201c<\/span><\/p>\n<p><strong>Link zur Webseite der Wuppertaler B\u00fchnen:\u00a0<\/strong><\/p>\n<p><a href=\"http:\/\/www.wuppertaler-buehnen.de\">http:\/\/www.wuppertaler-buehnen.de<\/a><\/p>\n<p>&nbsp;<\/p>\n","protected":false},"excerpt":{"rendered":"<p>Yorgos Ziavras wird neuer Kapellmeister an der Oper Wuppertal . Er \u00fcbernimmt diese wichtige Position mit Beginn der Spielzeit 2025\/26. Der griechisch-deutsche Dirigent bringt umfassende Erfahrung aus Oper, Konzert und zeitgen\u00f6ssischer Musik mit und wird das musikalische Profil des renommierten Opernhauses ma\u00dfgeblich mitgestalten.<\/p>\n","protected":false},"author":7,"featured_media":0,"comment_status":"open","ping_status":"open","sticky":false,"template":"","format":"standard","meta":{"footnotes":""},"categories":[29],"tags":[],"class_list":["post-86481","post","type-post","status-publish","format-standard","hentry","category-kultur"],"publishpress_future_action":{"enabled":false,"date":"2026-05-07 19:01:00","action":"change-status","newStatus":"draft","terms":[],"taxonomy":"category","extraData":[]},"publishpress_future_workflow_manual_trigger":{"enabledWorkflows":[]},"_links":{"self":[{"href":"https:\/\/www.die-stadtzeitung.de\/index.php\/wp-json\/wp\/v2\/posts\/86481","targetHints":{"allow":["GET"]}}],"collection":[{"href":"https:\/\/www.die-stadtzeitung.de\/index.php\/wp-json\/wp\/v2\/posts"}],"about":[{"href":"https:\/\/www.die-stadtzeitung.de\/index.php\/wp-json\/wp\/v2\/types\/post"}],"author":[{"embeddable":true,"href":"https:\/\/www.die-stadtzeitung.de\/index.php\/wp-json\/wp\/v2\/users\/7"}],"replies":[{"embeddable":true,"href":"https:\/\/www.die-stadtzeitung.de\/index.php\/wp-json\/wp\/v2\/comments?post=86481"}],"version-history":[{"count":5,"href":"https:\/\/www.die-stadtzeitung.de\/index.php\/wp-json\/wp\/v2\/posts\/86481\/revisions"}],"predecessor-version":[{"id":86488,"href":"https:\/\/www.die-stadtzeitung.de\/index.php\/wp-json\/wp\/v2\/posts\/86481\/revisions\/86488"}],"wp:attachment":[{"href":"https:\/\/www.die-stadtzeitung.de\/index.php\/wp-json\/wp\/v2\/media?parent=86481"}],"wp:term":[{"taxonomy":"category","embeddable":true,"href":"https:\/\/www.die-stadtzeitung.de\/index.php\/wp-json\/wp\/v2\/categories?post=86481"},{"taxonomy":"post_tag","embeddable":true,"href":"https:\/\/www.die-stadtzeitung.de\/index.php\/wp-json\/wp\/v2\/tags?post=86481"}],"curies":[{"name":"wp","href":"https:\/\/api.w.org\/{rel}","templated":true}]}}