{"id":86333,"date":"2025-08-23T21:55:32","date_gmt":"2025-08-23T19:55:32","guid":{"rendered":"https:\/\/www.die-stadtzeitung.de\/?p=86333"},"modified":"2025-09-04T06:55:20","modified_gmt":"2025-09-04T04:55:20","slug":"emotionale-storys-wenn-frauen-hinter-der-kamera-stehen","status":"publish","type":"post","link":"https:\/\/www.die-stadtzeitung.de\/index.php\/2025\/08\/23\/emotionale-storys-wenn-frauen-hinter-der-kamera-stehen\/","title":{"rendered":"Emotionale Storys: Wenn Frauen hinter der Kamera stehen"},"content":{"rendered":"<div id=\"attachment_86337\" class=\"wp-caption alignnone\" style=\"max-width: 1930px;\"><img loading=\"lazy\" decoding=\"async\" class=\"wp-image-86337 size-full\" src=\"\/wp-content\/uploads\/2025\/08\/SIP-II-SWWC-Foto-12-Kopie.jpg\" alt=\"\" width=\"1920\" height=\"1080\" \/><span class=\"wp-caption-text\">Szenen-Foto aus dem Film-Projekt &#8222;Women with Cameras&#8220; &#8211; \u00a9 women with cameras<\/span><\/div>\n<p>Digital, jung, kaputt \u2013 drei Tage Ausnahmezustand beim \u201eMitsommer-Festival Nr.1\u201c \u00a0im Zentrum f\u00fcr Film und Medien. Wuppertals Kunst- und Medienszene kommt zusammen, um Grenzen zu verschieben, Fragen zu stellen und laut zu werden \u2013 k\u00fcnstlerisch wie politisch.<\/p>\n<p>Kein Hochglanz, keine Filter, sondern echtes Chaos, klare Haltung und neue Verbindungen. Hinter dem Festival stehen die Galerie GR\u00d6LLE, die Wuppertaler Initiative f\u00fcr Demokratie und Toleranz (Diverse R\u00e4ume) und die Siegersbusch Film Akademie.<\/p>\n<p>Gezeigt wird u.a. der Film \u201eBr\u00f6tzmann\u201c, das eindrucksvolle Filmportrait \u00fcber die Wuppertaler Freejazz-Legende Peter Br\u00f6tzmann (*06.03.1941 &#8211; +22.06.2023). Digital, jung, kaputt &#8211; 3 Tage Kunst, Medien &amp; Haltung in Wuppertal &#8211; 29.08.-31.08.25, Zentrum f\u00fcr Film- und Medienkunst<\/p>\n<p>Weitere Infos und das komplette Programm finden Sie unter <a href=\"http:\/\/www.siegersbusch.de\">www.siegersbusch.de<\/a><\/p>\n<h4>DER MEISTER UND MARGARITA<\/h4>\n<p>Das Multimedia Theaterst\u00fcck nach\u00a0Michail Bulgakow wird am Samstag (13.09.) um 19 Uhr im Zentrum f\u00fcr Film und Medienkunst aufgef\u00fchrt. Der Eintritt bei der Premiere ist frei.<\/p>\n<p>Die russische Animationsk\u00fcnstlerin Kira Bortsova musste 2022 aus politischen Gr\u00fcnden ihre Heimatstadt St. Petersburg verlassen. Sie fand im\u00a0Zentrum f\u00fcr Film- und Medienkunst und der\u00a0Siegersbusch Akademie\u00a0ein neues kreatives Zuhause.<\/p>\n<p>In der diversen Belegschaft lernte sie andere Menschen mit russischem oder ukrainischem Background kennen. In der Auseinandersetzung mit deren Biografien und ihrer eigenen Migrationserfahrung entstand die Idee zu \u201eMeister und Margerita\u201c. In einem interdisziplin\u00e4ren und assoziativem Ansatz will sie die Themen, die Michail Bulgakow in seinem sowjetischen Schl\u00fcsselromans behandelt im Hinblick auf die -durchaus unlustige &#8211; aktuelle Situation in Russland bearbeiten: Unfreiheit, Einschr\u00e4nkungen, die Rolle und Situation des Kunstschaffenden, gesellschaftliche Desintegration.<\/p>\n<div id=\"attachment_86338\" class=\"wp-caption alignnone\" style=\"max-width: 1930px;\"><img loading=\"lazy\" decoding=\"async\" class=\"wp-image-86338 size-full\" src=\"\/wp-content\/uploads\/2025\/08\/SIP-II-SWWC-Foto-9-Kopie.jpg\" alt=\"\" width=\"1920\" height=\"1080\" \/><span class=\"wp-caption-text\">Eine Fotografin und Filmemacherin mit der Kamera auf Motivsuche &#8211; \u00a9 women with cameras<\/span><\/div>\n<p>Mit ihrem Ensemble will sie entlang der Struktur des Romans zentrale Passagen mit Mitteln von Tanz, Gesang und Performance, Animationsfilm und Live-Visuals auf die B\u00fchne bringen. Sie bleibt dabei nahe am Ausgangsmaterial, nimmt allerdings die Biografie Bulgakows mit ins Spiel und verweist schlaglichtartig auf das aktuelle Russland unter Putin.<\/p>\n<p>Es entsteht so ein hoch\u00e4sthetischer, interdisziplin\u00e4rer Theaterabend von etwa 80 Minuten L\u00e4nge, der an vorerst sechs Terminen im &#8222;Zentrum f\u00fcr Film- und Medienkunst gezeigt&#8220; wird.<\/p>\n<h4>WOMEN WITH CAMERAS<\/h4>\n<p>\u201eWomen with Cameras\u201c ist eine Doppelpremiere im Rahmen des Kinofests 2025 am Sonntag (14.09.) im Rex Kino Wuppertal um 16 Uhr. Gezeigt werden zwei von Frauen gedrehte Filme.<\/p>\n<p><strong>Film 1:<\/strong> WOMEN WITH CAMERAS &#8211; D,-2025 &#8211; Regie: Annika Sordon \u2013 ca. 30 Minuten<\/p>\n<p>Dokumentation \u00fcber ein Fotografinnen-Kollektiv aus Wuppertal, die sich der Stra\u00dfenfotografie widmet. Seit knapp einem Jahr dokumentieren Antje, Beate, Gaby, Nicola und Sonja fast t\u00e4glich das Allt\u00e4gliche in ihrer Heimatstadt Wuppertal.<\/p>\n<p>\u00dcber Instagram und einige andere Angebote hat das Kollektiv inzwischen zahllose Follower erreicht, die dem Quintett folgt und jede Neuver\u00f6ffentlichungen diskutiert und kommentiert. So erschaffen die f\u00fcnf ein Zeitportrait, dass oftmals mehr als das abgebildete zu erz\u00e4hlen scheint.<\/p>\n<p>Die Wuppertaler Regisseurin Annika Sordon und ihr Team haben das Frauenkollektiv einige Woche begleitet. Herausgekommen ist eine Dokumentation, die nicht nur \u00fcber das Ph\u00e4nomen Stra\u00dfenfotografie erz\u00e4hlt, sondern auch \u00fcber Vorbilder wie die zu Lebzeiten unbekannte Vivian Maier und die Herausforderung den &#8222;entscheidenden Moment\u201c (Henri Cartier-Bresson) einzufangen.<\/p>\n<p><strong>Film 2: <\/strong>SAVING SCHEISSWELT \u2013 D-2025 &#8211; Regie: Leonie Hackl\u00e4nder &#8211; Spielfilm, Kurzfilm Mit: Saskia Deer, Marla Deer, Jacob Eckstein, Emil Filippo Sch\u00fcler, Julia Wolff<\/p>\n<p>Ella fotografiert sich unerfolgreich durch die Welt. Als pl\u00f6tzlich ihre Schwester verschwindet und ihre Nichte bei ihr strandet ist sie gezwungen, Verantwortung zu \u00fcbernehmen. Doch was, wenn sie es nicht tut? Regisseurin Leonie Hackl\u00e4nder ist als Schauspielerin den Wuppertalern durch ihre zahlreichen Rollen am TiC keine Unbekannte. Mit SAVING SCHEISSWELT legt sie ihren zweiten Film vor.<\/p>\n<p>Beide Regisseurinnen und das das Fotografinnen-Kollektiv werden vor Ort sein. Eine Ausstellung verschiedener Werke der Fotografinnen wurde durch Pixelbunker erm\u00f6glicht und ist ab kommender Woche im REX zu sehen.<\/p>\n<p>Eine Veranstaltung der Wuppertaler Kinos und Filmstadt e.V. mit der Unterst\u00fctzung der Wuppertaler Sparkasse<\/p>\n<p>Siegerbusch Zentrum f\u00fcr Film- und Medienkunst &#8211; Friedrich Ebert Str. 143 \u2013 42117 Wuppertal \u2013\u00a0<a href=\"http:\/\/www.siegersbusch.de\">http:\/\/www.siegersbusch.de<\/a><\/p>\n<p>&nbsp;<\/p>\n<p>&nbsp;<\/p>\n","protected":false},"excerpt":{"rendered":"<p>Hier dreht sich fast alles um das Thema Film und Meden! Im Siegerbusch Zentrum f\u00fcr Film- und Medienkunst werden drei hochkar\u00e4tige, spannende Kultur-Projekte abgespult: Das \u201eMittsommer-Festival Nr.1\u201c, Das Theaterst\u00fcck \u201eDer Meister und Margarita\u201c und \u201eWomen with Cameras\u201c.<\/p>\n","protected":false},"author":7,"featured_media":0,"comment_status":"open","ping_status":"open","sticky":false,"template":"","format":"standard","meta":{"footnotes":""},"categories":[29],"tags":[],"class_list":["post-86333","post","type-post","status-publish","format-standard","hentry","category-kultur"],"publishpress_future_action":{"enabled":false,"date":"2026-05-06 20:56:05","action":"change-status","newStatus":"draft","terms":[],"taxonomy":"category","extraData":[]},"publishpress_future_workflow_manual_trigger":{"enabledWorkflows":[]},"_links":{"self":[{"href":"https:\/\/www.die-stadtzeitung.de\/index.php\/wp-json\/wp\/v2\/posts\/86333","targetHints":{"allow":["GET"]}}],"collection":[{"href":"https:\/\/www.die-stadtzeitung.de\/index.php\/wp-json\/wp\/v2\/posts"}],"about":[{"href":"https:\/\/www.die-stadtzeitung.de\/index.php\/wp-json\/wp\/v2\/types\/post"}],"author":[{"embeddable":true,"href":"https:\/\/www.die-stadtzeitung.de\/index.php\/wp-json\/wp\/v2\/users\/7"}],"replies":[{"embeddable":true,"href":"https:\/\/www.die-stadtzeitung.de\/index.php\/wp-json\/wp\/v2\/comments?post=86333"}],"version-history":[{"count":4,"href":"https:\/\/www.die-stadtzeitung.de\/index.php\/wp-json\/wp\/v2\/posts\/86333\/revisions"}],"predecessor-version":[{"id":86339,"href":"https:\/\/www.die-stadtzeitung.de\/index.php\/wp-json\/wp\/v2\/posts\/86333\/revisions\/86339"}],"wp:attachment":[{"href":"https:\/\/www.die-stadtzeitung.de\/index.php\/wp-json\/wp\/v2\/media?parent=86333"}],"wp:term":[{"taxonomy":"category","embeddable":true,"href":"https:\/\/www.die-stadtzeitung.de\/index.php\/wp-json\/wp\/v2\/categories?post=86333"},{"taxonomy":"post_tag","embeddable":true,"href":"https:\/\/www.die-stadtzeitung.de\/index.php\/wp-json\/wp\/v2\/tags?post=86333"}],"curies":[{"name":"wp","href":"https:\/\/api.w.org\/{rel}","templated":true}]}}