{"id":86313,"date":"2025-08-20T19:28:19","date_gmt":"2025-08-20T17:28:19","guid":{"rendered":"https:\/\/www.die-stadtzeitung.de\/?p=86313"},"modified":"2025-09-02T12:50:35","modified_gmt":"2025-09-02T10:50:35","slug":"einer-flog-uebers-kuckucksnest-ohne-jack-nicholson","status":"publish","type":"post","link":"https:\/\/www.die-stadtzeitung.de\/index.php\/2025\/08\/20\/einer-flog-uebers-kuckucksnest-ohne-jack-nicholson\/","title":{"rendered":"&#8222;Einer flog \u00fcbers Kuckucksnest&#8220; ohne Jack Nicholson"},"content":{"rendered":"<div id=\"attachment_86314\" class=\"wp-caption alignnone\" style=\"max-width: 1882px;\"><img loading=\"lazy\" decoding=\"async\" class=\"wp-image-86314 size-full\" src=\"\/wp-content\/uploads\/2025\/08\/Junges-Ensemble.jpg\" alt=\"\" width=\"1872\" height=\"1370\" \/><span class=\"wp-caption-text\">Das &#8222;Junge Ensemble&#8220; des Wuppertaler Kinder- &amp; Jugend-Theaters grieft einen absoluten Film-Klassiker auf und transportiert ihn in die Gegenwart &#8211; \u00a9 Junges Ensemble<\/span><\/div>\n<p>In einer geschlossenen psychiatrischen Anstalt in den USA der 1950er Jahre herrscht das kaltherzige Regime einer Oberschwester. Insassen werden mit Medikamenten und Elektroschocks ruhiggestellt. Routine, Kontrolle und Zw\u00e4nge stehen \u00fcber angemessenen Therapien. Der f\u00fcr taubstumm gehaltene Insasse Bromden erlebt, wie sein aufr\u00fchrerischer Freund Randle McMurphy in ihm die Sehnsucht nach Freiheit entfacht. Mehr und mehr wird das Regime der Anstalt infrage gestellt.<\/p>\n<p>Die bekannte Kino Verfilmung von \u201eEiner flog \u00fcber das Kuckucksnest\u201c aus dem Jahre 1975 von Regisseur Milos Forman mit Jack Nicholson, Louise Fletcher und Danny DeVito in den Hauptrollen wurde unter anderem mit f\u00fcnf Oscars ausgezeichnet.<\/p>\n<h4>&#8222;Chief&#8220; Bromden steht diesmal im Mittelpunkt<\/h4>\n<p>Das Junge Ensemble r\u00fcckt jedoch in Anlehnung an die Romanvorlage nicht den rebellischen Randle McMurphy ins Zentrum des Geschehens, sondern erz\u00e4hlt den Konflikt zwischen repressiven Ordnungen und individuellen Lebensrealit\u00e4ten aus Sicht des sperrigen \u201eChief\u201c Bromden.<\/p>\n<p>Das Junge Ensemble besteht aus theaterbegeisterten Menschen ab 17 Jahren. Das Kost\u00fcmbild zur Inszenierung von Lars Emrich entwickelten Sch\u00fclerinnen und Sch\u00fcler der Berufsfachschule f\u00fcr Textil- und Bekleidungstechnik des Berufskollegs am Haspel gemeinsam mit Sabine Kreiter.<\/p>\n<p>Eine Kooperation der \u201eb\u00f6rse\u201c mit dem Wuppertaler Kinder- und Jugendtheater und der Berufsfachschule f\u00fcr Textil- und Bekleidungstechnik des Berufskollegs am Haspel, gef\u00f6rdert vom Ministerium f\u00fcr Kultur und Wissenschaft des Landes NRW, von Soziokultur NRW und vom Kulturb\u00fcro Wuppertal.<\/p>\n<div id=\"attachment_86315\" class=\"wp-caption alignnone\" style=\"max-width: 495px;\"><img loading=\"lazy\" decoding=\"async\" class=\"wp-image-86315 size-full\" src=\"\/wp-content\/uploads\/2025\/08\/Einer-flog-ueber-das-Kuckucksnest_Copyright_Wuppertaler-Kinder-und-Jugendtheater.jpg\" alt=\"\" width=\"485\" height=\"485\" \/><span class=\"wp-caption-text\">Das B\u00fchnenbild &#8211; \u00a9 Wuppertaler Kinder- &amp; Jugend-Theater<\/span><\/div>\n<p><strong>Termin:<\/strong><\/p>\n<h4>Einer flog \u00fcber das Kuckucksnest<\/h4>\n<p>Das neue St\u00fcck des Jungen Ensembles des Wuppertaler Kinder- und Jugendtheaters<\/p>\n<p>Premiere: Donnerstag \u2013 28.08.2025 \u2013 19:30 Uhr<br \/>\ndie b\u00f6rse &#8211; Wolkenburg 100 &#8211; 42119 Wuppertal<\/p>\n<p>AK 17 \u20ac &#8211; ERM 9 \u20ac<br \/>\nVVK 14 \u20ac &#8211;\u00a0 ERM 7 \u20ac bei Wuppertal-Live<\/p>\n<p><strong>Weitere Spieltermine:\u00a0<\/strong><\/p>\n<p>Freitag &#8211; 29. August 2025 &#8211; 19:30 Uhr<br \/>\nSamstag &#8211; 22. November 2025 &#8211; 19:30 Uhr<br \/>\nSonntag &#8211; 23. November 2025 &#8211; 18:00 Uhr<\/p>\n<p><strong>Homepage:<\/strong> <a href=\"http:\/\/www.dieboerse-wtal.de\">www.dieboerse-wtal.de<\/a><\/p>\n<p>&nbsp;<\/p>\n","protected":false},"excerpt":{"rendered":"<p>Entm\u00fcndigungen, menschenverachtende Systeme und Unterdr\u00fcckung des freien Geistes &#8211; Themen, mit denen das Junge Ensemble des Wuppertaler Kinder- und Jugendtheaters in ihrer Adaption des Hollywood-Klassikers \u201eEiner flog \u00fcber das Kuckucksnest\u201c aufgreift. Das B\u00fchnen-St\u00fcck feiert am Donnerstag (28.08) in der \u201eb\u00f6rse\u201c Premiere.<\/p>\n","protected":false},"author":7,"featured_media":0,"comment_status":"open","ping_status":"open","sticky":false,"template":"","format":"standard","meta":{"footnotes":""},"categories":[29],"tags":[],"class_list":["post-86313","post","type-post","status-publish","format-standard","hentry","category-kultur"],"publishpress_future_action":{"enabled":false,"date":"2026-05-04 11:21:12","action":"change-status","newStatus":"draft","terms":[],"taxonomy":"category","extraData":[]},"publishpress_future_workflow_manual_trigger":{"enabledWorkflows":[]},"_links":{"self":[{"href":"https:\/\/www.die-stadtzeitung.de\/index.php\/wp-json\/wp\/v2\/posts\/86313","targetHints":{"allow":["GET"]}}],"collection":[{"href":"https:\/\/www.die-stadtzeitung.de\/index.php\/wp-json\/wp\/v2\/posts"}],"about":[{"href":"https:\/\/www.die-stadtzeitung.de\/index.php\/wp-json\/wp\/v2\/types\/post"}],"author":[{"embeddable":true,"href":"https:\/\/www.die-stadtzeitung.de\/index.php\/wp-json\/wp\/v2\/users\/7"}],"replies":[{"embeddable":true,"href":"https:\/\/www.die-stadtzeitung.de\/index.php\/wp-json\/wp\/v2\/comments?post=86313"}],"version-history":[{"count":1,"href":"https:\/\/www.die-stadtzeitung.de\/index.php\/wp-json\/wp\/v2\/posts\/86313\/revisions"}],"predecessor-version":[{"id":86316,"href":"https:\/\/www.die-stadtzeitung.de\/index.php\/wp-json\/wp\/v2\/posts\/86313\/revisions\/86316"}],"wp:attachment":[{"href":"https:\/\/www.die-stadtzeitung.de\/index.php\/wp-json\/wp\/v2\/media?parent=86313"}],"wp:term":[{"taxonomy":"category","embeddable":true,"href":"https:\/\/www.die-stadtzeitung.de\/index.php\/wp-json\/wp\/v2\/categories?post=86313"},{"taxonomy":"post_tag","embeddable":true,"href":"https:\/\/www.die-stadtzeitung.de\/index.php\/wp-json\/wp\/v2\/tags?post=86313"}],"curies":[{"name":"wp","href":"https:\/\/api.w.org\/{rel}","templated":true}]}}