{"id":85924,"date":"2025-07-28T21:17:02","date_gmt":"2025-07-28T19:17:02","guid":{"rendered":"https:\/\/www.die-stadtzeitung.de\/?p=85924"},"modified":"2025-08-07T17:48:30","modified_gmt":"2025-08-07T15:48:30","slug":"baxewanoglou-wsv-neuzugang-in-der-geschaeftsstelle","status":"publish","type":"post","link":"https:\/\/www.die-stadtzeitung.de\/index.php\/2025\/07\/28\/baxewanoglou-wsv-neuzugang-in-der-geschaeftsstelle\/","title":{"rendered":"Baxewanoglou: WSV-Neuzugang in der Gesch\u00e4ftsstelle"},"content":{"rendered":"<div id=\"attachment_85926\" class=\"wp-caption alignnone\" style=\"max-width: 2547px;\"><img loading=\"lazy\" decoding=\"async\" class=\"wp-image-85926 size-full\" src=\"\/wp-content\/uploads\/2025\/08\/nI_ruxq4kiQv.jpg\" alt=\"\" width=\"2537\" height=\"1627\" \/><span class=\"wp-caption-text\">Andreas Baxewanoglou ist beim WSV neuer LeiterVertrieb und Marketing &#8211; \u00a9 WSV<\/span><\/div>\n<p>Der 57j\u00e4hrige geb\u00fcrtige Wuppertaler ist zweifacher Familienvater und bringt als Betriebswirt langj\u00e4hrige Erfahrung im Vertrieb mit. Er kennt nicht nur die Region Bergisches Land bestens, sondern ist auch dem Fu\u00dfball seit jeher eng verbunden \u2013 zun\u00e4chst als aktiver Spieler, sp\u00e4ter als engagierter Trainer und Jugendvorstand.<\/p>\n<p>Andreas Baxewanoglou formuliert seinen Anspruch: \u201eIch m\u00f6chte den eingeschlagenen Weg des WSV mitgehen, ihn aktiv mitgestalten und\u00a0 dem Verein zus\u00e4tzliche Stabilit\u00e4t geben, mein Netzwerk einbringen und den Wuppertaler SV mit voller \u00dcberzeugung unterst\u00fctzen.\u201c<\/p>\n<p>Seit seinem Start ist er bereits voll integriert und mit gro\u00dfem Einsatz dabei. Als echter Teamplayer wird er eine zentrale Rolle dabei spielen, den WSV in Vertrieb und Marketing noch breiter aufzustellen und neue Impulse zu setzen.<\/p>\n<div id=\"attachment_85934\" class=\"wp-caption alignnone\" style=\"max-width: 2010px;\"><img loading=\"lazy\" decoding=\"async\" class=\"wp-image-85934 size-full\" src=\"\/wp-content\/uploads\/2025\/08\/Classen-05-08-2025-015.jpg\" alt=\"\" width=\"2000\" height=\"1333\" \/><span class=\"wp-caption-text\">Kilian Bielitza erzielte per Kopf das 1:0 f\u00fcr den WSV im Testspiel gegen den FC W\u00fclfrath &#8211; \u00a9 Jochen Classen<\/span><\/div>\n<h3>2:1-Erfolg mit Testspieler Koray Dag<\/h3>\n<p>Der WSV\u00a0 setzte sich in einem Testspiel beim 1. FC W\u00fclfrath mit 2:1 (0:2) durch.\u00a0F\u00fcnf A-Jugendliche sowie Gastspieler Koray Dag (T\u00fcrkspor Dortmund) liefen dabei f\u00fcr die Wuppertaler auf. Mit Ronay Arabaci und Levin M\u00fcller hat der Wuppertaler SV nach dem Spiel in Velbert n\u00e4mlich zwei weitere verletzte Spieler auf der Langen Ausfall-Liste.<\/p>\n<p>Der Schuss von Romeo Kovarszki in der 8. Minute knallte noch gegen die Latte. Innenverteidiger Kilian Bielitza hatte mehr Gl\u00fcck. Sein Kopfball nach Ecke landete zum 1:0 im W\u00fclfrather Tor (16.). Daiki Kamo erh\u00f6hte nach einem tollen Solo auf 0:2 (30.).<\/p>\n<p>Die Wuppertaler wechselten in der Halbzeitpause gleich sechs Mal, kamen aber zu keinem Torerfolg mehr. W\u00fclfrath dagegen gelang durch einen verwandelten Handelfmeter durch Kapit\u00e4n Maik Bleckmann in der 71. Minute noch der 1:2-Anschlusstreffer.<\/p>\n<p>Weiter geht es f\u00fcr den WSV in der Regionalliga West am Samstag (09.08.) um 14:00 Uhr im Stadion am Zoo gegen den SV R\u00f6dinghausen.<\/p>\n<div id=\"attachment_85936\" class=\"wp-caption alignnone\" style=\"max-width: 2010px;\"><img loading=\"lazy\" decoding=\"async\" class=\"wp-image-85936 size-full\" src=\"\/wp-content\/uploads\/2025\/08\/Classen-05-08-2025-125.jpg\" alt=\"\" width=\"2000\" height=\"1333\" \/><span class=\"wp-caption-text\">Testspieler Koray Dag lief beim Testspiel in W\u00fclfrath f\u00fcr den WSV auf. Ob er verspflichtet wird oder nicht, entscheidet sich wohl in den n\u00e4chsten Tagen &#8211; \u00a9 Jochen Classen<\/span><\/div>\n<p><strong>Der WSV spielte in folgender Formation:<\/strong><\/p>\n<p>1 Fotios Adamidis (46. 12 Emil Metz) \u2013 31 Benjamin Otto (46. 8 Nick Scharw\u00e4chter), 15 Romeo Kovarszki, 39 Kilian Bielitza (46. 5 Georgios Bozouris), 34 Jan-Maximilian Scharf (46. 37 Amin Bouzraa) \u2013 21 Henry Mertsch, 23 Alessio Arambasic \u2013 20 Imad Lamnaouar Sekaki, 11 Daiki Kamo (46. 19 Jeff-Denis Fehr), 35 Koray Dag \u2013 9 Fritz Kleiner (46. 10 Diego Micha)<\/p>\n<p><strong>Zuschauer:<\/strong> 153<\/p>\n<p><strong>Tore: <\/strong>0:1 Bielitza (16.), 0:2 Kamo (30.), 1:2 Bleckmann (71., Handelfmeter)<\/p>\n<p>&nbsp;<\/p>\n","protected":false},"excerpt":{"rendered":"<p>Neuigkeiten vom Wuppertaler SV: Es gibt noch einen Neuzugang beim WSV \u2013 diesmal allerdings f\u00fcr die Gesch\u00e4ftsstelle! Seit dem 1. August 2025 ist Andreas Baxewanoglou Leiter Vertrieb und Marketing. Au\u00dferdem gewann der bergische Traditonsverein ein Testspiel beim FC W\u00fclfrath mit 2:1 (2:0).<\/p>\n","protected":false},"author":7,"featured_media":0,"comment_status":"open","ping_status":"open","sticky":false,"template":"","format":"standard","meta":{"footnotes":""},"categories":[20],"tags":[],"class_list":["post-85924","post","type-post","status-publish","format-standard","hentry","category-sport"],"publishpress_future_action":{"enabled":false,"date":"2026-05-05 12:43:37","action":"change-status","newStatus":"draft","terms":[],"taxonomy":"category","extraData":[]},"publishpress_future_workflow_manual_trigger":{"enabledWorkflows":[]},"_links":{"self":[{"href":"https:\/\/www.die-stadtzeitung.de\/index.php\/wp-json\/wp\/v2\/posts\/85924","targetHints":{"allow":["GET"]}}],"collection":[{"href":"https:\/\/www.die-stadtzeitung.de\/index.php\/wp-json\/wp\/v2\/posts"}],"about":[{"href":"https:\/\/www.die-stadtzeitung.de\/index.php\/wp-json\/wp\/v2\/types\/post"}],"author":[{"embeddable":true,"href":"https:\/\/www.die-stadtzeitung.de\/index.php\/wp-json\/wp\/v2\/users\/7"}],"replies":[{"embeddable":true,"href":"https:\/\/www.die-stadtzeitung.de\/index.php\/wp-json\/wp\/v2\/comments?post=85924"}],"version-history":[{"count":5,"href":"https:\/\/www.die-stadtzeitung.de\/index.php\/wp-json\/wp\/v2\/posts\/85924\/revisions"}],"predecessor-version":[{"id":85937,"href":"https:\/\/www.die-stadtzeitung.de\/index.php\/wp-json\/wp\/v2\/posts\/85924\/revisions\/85937"}],"wp:attachment":[{"href":"https:\/\/www.die-stadtzeitung.de\/index.php\/wp-json\/wp\/v2\/media?parent=85924"}],"wp:term":[{"taxonomy":"category","embeddable":true,"href":"https:\/\/www.die-stadtzeitung.de\/index.php\/wp-json\/wp\/v2\/categories?post=85924"},{"taxonomy":"post_tag","embeddable":true,"href":"https:\/\/www.die-stadtzeitung.de\/index.php\/wp-json\/wp\/v2\/tags?post=85924"}],"curies":[{"name":"wp","href":"https:\/\/api.w.org\/{rel}","templated":true}]}}