{"id":85723,"date":"2025-07-29T11:22:09","date_gmt":"2025-07-29T09:22:09","guid":{"rendered":"https:\/\/www.die-stadtzeitung.de\/?p=85723"},"modified":"2025-07-30T21:03:39","modified_gmt":"2025-07-30T19:03:39","slug":"kuenstler-treffen-auf-der-sonnen-insel-ibiza","status":"publish","type":"post","link":"https:\/\/www.die-stadtzeitung.de\/index.php\/2025\/07\/29\/kuenstler-treffen-auf-der-sonnen-insel-ibiza\/","title":{"rendered":"K\u00fcnstler-Treffen auf der Sonnen-Insel Ibiza"},"content":{"rendered":"<div id=\"attachment_85725\" class=\"wp-caption alignnone\" style=\"max-width: 1209px;\"><img loading=\"lazy\" decoding=\"async\" class=\"wp-image-85725 size-full\" src=\"\/wp-content\/uploads\/2025\/07\/PHOTO-2025-07-28-15-15-47.jpg\" alt=\"\" width=\"1199\" height=\"810\" \/><span class=\"wp-caption-text\">Beim Treffen im &#8222;Szene-Restaurant &#8222;Marc&#8217;s&#8220;. K\u00fcnstler Sharyar Azhdari (M.) und Dieter Abholte und seine Frau &#8211; \u00a9 privat<\/span><\/div>\n<p>F\u00fcr Dieter Abholte ist die Balearen-Insel schon vor vielen Jahren zur zweiten Heimat und zum beruflichen Mittelpunkt geworden. Shary Azhdari fliegt alle landet alle paar Wochen auf dem Insel-Flughafen in der N\u00e4he der Salinen. Auch ihn locken nicht nur die tollen Landschaften, die wundersch\u00f6nen Buchten, die schrillen Typen und das ganz besonderes Flair Ibizas an, sondern auch sein Job als K\u00fcnstler.<\/p>\n<p>Immerhin hat er seit Jahren eine Saison-Ausstellung im Edel-Beach Club \u201eCoco Beach\u201c und pr\u00e4sentiert einige\u00a0 seiner begehrten, aufwendigen Collagen auch in den angesagten Restaurants \u201eCasa Colonial\u201c, \u201ePom Thai\u201c und \u201eMarc\u2019s. Im Gourmet-Tempel von Marc Lindemann hat er sich jetzt auch mit Dieter Abholte und dessen Ehefrau zum k\u00f6stlichen Dinner getroffen. Die Chemie stimmte auf Anhieb und beide wollen auch Zukunft in Kontakt bleiben.<\/p>\n<h4>Als 8j\u00e4hriger nach Deutschland gekommen<\/h4>\n<p>Shary Azhdari war 8 Jahre alt, als er 1986 mit seiner Familie aus dem Iran fl\u00fcchtete. Er landete schlie\u00dflich in Essen, besuchte die Schule und f\u00fchrte nebenbei einen Kiosk, in dem er die Zigaretten zum Teil einzeln verkaufte. Sp\u00e4ter \u00fcbernahm er das Taxi-Unternehmen seines Vaters. Nach dem Abitur studierte er zun\u00e4chst Bauingenieurwesen, stieg aber sp\u00e4ter auf Architektur mit dem Abschluss als Diplom-Ingenieur um. Ein Gl\u00fccksgriff! Denn w\u00e4hrend des Studiums an der Uni Bochum \u00a0lernte Shary Azadeh, seine gro\u00dfe Liebe, kennen. Beide betreiben heute die Kunst- &amp; Kultur-Galerie S-ART in der Essener Lindenpassage im \u201eDeutschlandhaus\u201c.<\/p>\n<div id=\"attachment_85727\" class=\"wp-caption alignnone\" style=\"max-width: 1546px;\"><img loading=\"lazy\" decoding=\"async\" class=\"wp-image-85727 size-full\" src=\"\/wp-content\/uploads\/2025\/07\/PHOTO-2025-07-26-16-17-20vbh.jpg\" alt=\"\" width=\"1536\" height=\"1112\" \/><span class=\"wp-caption-text\">Der Essener K\u00fcnstler Sharyar Azhdari vor zwei seiner Kunstwerke im Au\u00dfenbereich des &#8222;Coco Beach Clubs&#8220; &#8211; \u00a9 privat<\/span><\/div>\n<p>Azadeh konzentriert \u00a0sich auf ihren Job als exzellente Architektin, Shary auf seine Kunst. Sein gro\u00dfes Talent wurde bereits als Sch\u00fcler sichtbar. Au\u00dferdem hat sich die Galerie inzwischen zu einer attraktiven Event-Location gemausert, in der neben Sharys Kunst-Ausstellungen auch hochkar\u00e4tige Konzerte, Autorenlesungen und Promi-Talkrunden stattfinden. Bei diesen Veranstaltungen sind dann auch immer Azadehs und Sharys bezaubernde T\u00f6chter Pari und Tania im Einsatz.<\/p>\n<p>Das Ehepaar Azhdari ist fest in der Essener Stadtgesellschaft verwurzelt. Beide haben ihre Herkunft nicht vergessen, sind immer noch dankbar daf\u00fcr, wie sie damals als Fl\u00fcchtlinge in Deutschland aufgenommen wurden. Die Ruhrmetropole ist l\u00e4ngst ihr neues Zuhause geworden. Die Entwicklungen in ihrer fr\u00fcheren Heimat Iran verfolgen sie zwar aus der Distanz, aber dennoch mit gro\u00dfer Sorge um die Verwandten, die dort noch unter dem Mullah-Regime leben.<\/p>\n<h4>Ein gro\u00dfes Herz f\u00fcr Menschen in Not<\/h4>\n<p>Wann immer es darum geht, caritative Einrichtungen und Aktionen zu unterst\u00fctzen, sind Azadeh und Sharyar dabei. \u201eWir wollen einfach etwas zur\u00fcckgeben, was uns damals geschenkt wurde\u201c, erkl\u00e4rt der K\u00fcnstler. Gespr\u00e4chsstoff gab es also eine Menge, beim Kennenlernen von K\u00fcnstler Shary Azhdari und dem Journalisten und Buchautor Dieter Abholte auf der Balearen-Insel Ibiza.<\/p>\n<div id=\"attachment_85730\" class=\"wp-caption alignnone\" style=\"max-width: 1639px;\"><img loading=\"lazy\" decoding=\"async\" class=\"wp-image-85730 size-full\" src=\"\/wp-content\/uploads\/2025\/07\/PHOTO-2025-07-26-16-17-15-dg.jpg\" alt=\"\" width=\"1629\" height=\"1427\" \/><span class=\"wp-caption-text\">Shary Azhdari signiert eine Tasche mit seinem S-ART-Logo &#8211; \u00a9 privat<\/span><\/div>\n<p>Dieter Abholte, Chefredakteur des Hochglanz-Insel-Magazins \u201eIbiza HEUTE\u201c, hat den wohl spannendsten Reisef\u00fchrer geschrieben! Sein Thriller Chefredakteur des Hochglanz-Insel-Magazins \u201eIbiza HEUTE\u201c\u201eIbiza \u2013 Geheimnis eines Sommers\u201c weckt wahrlich Urlaubsgef\u00fchle! Hochspannung und Erholung zugleich. Kann das \u00fcberhaupt funktionieren? Dieter Abholte hat diesen Spagat hinbekommen. Sein Roman vermittelt Spannung, Urlaubsfeeling und jede Menge Emotionen.<\/p>\n<h4>Enth\u00fcllungs-Storys unter Pseudonym<\/h4>\n<p>Der aus Hamburg stammende Journalist berichtete fr\u00fcher f\u00fcr gro\u00dfe deutsche Nachrichten-Magazine aus den Krisengebieten dieser Welt. Dieter Abholte prangerte Folterungen an, machte Korruptionsaff\u00e4ren \u00f6ffentlich, deckte illegale Waffengesch\u00e4ften auf und lebte teilweise monatelang versteckt im Untergrund. Viele seiner heiklen Enth\u00fcllungs-Stories musste Dieter Abholte unter seinem Pseudonym Alexander Roth schreiben, um nicht Leib und Leben aufs Spiel zu setzen.<\/p>\n<p>Als Chefredakteur des Szene-Magazins \u201eIBIZAheute\u201c lebt und arbeitet er bei weitem nicht mehr so gef\u00e4hrlich. Da muss er h\u00f6chstens aufpassen, dass er sich unter der glei\u00dfenden Sonne auf der Insel der Sch\u00f6nen und Reichen keinen Sonnenbrand holt.<\/p>\n<div id=\"attachment_85731\" class=\"wp-caption alignnone\" style=\"max-width: 2208px;\"><img loading=\"lazy\" decoding=\"async\" class=\"wp-image-85731 size-full\" src=\"\/wp-content\/uploads\/2025\/07\/Azadeh-Sharyar-Azhdari-privat-Kopie.jpeg\" alt=\"\" width=\"2198\" height=\"1677\" \/><span class=\"wp-caption-text\">Seit \u00fcber 20 Jahren ein gl\u00fcckliches Paar: Azadeh &amp; Sharyar Azhdari auf Ibiza &#8211; \u00a9 privat<\/span><\/div>\n<p>In seinem Roman \u201eIbiza \u2013 Geheimnis eines Sommers\u201c holt ihn die berufliche Vergangenheit aber wieder ein. Da geht es um Korruption und illegale Waffengesch\u00e4fte. Seine Figur Wolfgang R\u00f6\u00dfler ist so etwas wie sein zweites Ich.<\/p>\n<p>Als Enth\u00fcllungs-Journalist kommt R\u00f6\u00dfler dem angesehenen Hamburger Reeder Stefan Brauner in die Quere, der heimlich illegale Waffengesch\u00e4fte im gro\u00dfen Stil abwickelt und damit Millionen verdient. Ein Mann ohne Skrupel, der auch nicht davor zur\u00fcckschreckt, Killer anzuheuern, die gef\u00e4hrliche Zeugen f\u00fcr immer aus dem Weg r\u00e4umen.<\/p>\n<h4>Der wohl spannendste Reisef\u00fchrer<\/h4>\n<p>R\u00f6\u00dfler taucht auf Ibiza unter, wo er eine Finca besitzt, die er von seinem Vater geerbt hat. Hier kennt man ihn nur unter dem Spitznamen Lobo (Wolf), vermutlich abgeleitet von seinem Vornamen Wolfgang. Die Einheimischen halten den freundlichen Mann f\u00fcr einen K\u00fcnstler. Lobo liebt die Natur, f\u00e4hrt fast t\u00e4glich mit seinem Fischerboot auf Meer hinaus, verfolgt aber weiterhin heimlich via Computer die Spur seines \u201egr\u00f6\u00dfte Fisches\u201c: Stefan Brauner.<\/p>\n<div id=\"attachment_45848\" class=\"wp-caption alignnone\" style=\"max-width: 324px;\"><img loading=\"lazy\" decoding=\"async\" class=\"wp-image-45848 size-full\" src=\"\/wp-content\/uploads\/2019\/02\/41cln6Tk7TL._SX312_BO1204203200_.jpeg\" alt=\"\" width=\"314\" height=\"499\" \/><span class=\"wp-caption-text\">\u201eIbiza \u2013 Geheimnis eines Sommers\u201c Dieter Abholte MLV-Verlagsgesellschaft GmbH ISBN: 978-3-9820171-0-5<\/span><\/div>\n<p>Recherche hin, Recherche her \u2013 Lobo angelt sich schlie\u00dflich die sch\u00f6ne Million\u00e4rs-Ehefrau Bea, an deren Villa er jeden Tag vorbeikommt \u2013 auf dem Weg zu seinem Fischerboot. Daraus entwickelt sich eine Liebesgeschichte, die hei\u00dfer ist, als die Juli-Sonne auf Ibiza.<\/p>\n<p>Lobo ahnt nicht, dass Bea die Ehefrau von Reeder Stefan Brauner ist, der auf Ibiza eine Prunk-Villa, Luxus-Autos, eine s\u00fcndhaft teure Yacht und einen Privatjet besitzt, mit dem er nicht nur regelm\u00e4ssig auf der Insel landet, sondern mit dem er rund um die Welt jettet, um seine dunklen Waffen-Deals einzuf\u00e4deln.<\/p>\n<h4>Ibiza-Insider erkennen viele Locations wieder<\/h4>\n<p>Vier gro\u00dfe Container-Schiffe schippern in seinem Auftrag \u00fcber die Meere, um illegal gekaufte Waffen zu laden und in Krisengebiete wie etwa Syrien oder Jemen zu transportieren. Die Schiffe sind bei Briefkastenfirmen in der Karibik registriert. Keine einzige Spur f\u00fchrt nach Hamburg zur Reederei Brauner.<\/p>\n<p>Und Bea hat ihrerseits keinen Schimmer davon, dass Lobo als Enth\u00fcllungs-Journalist ihrem Ehemann dicht auf den Fersen ist. Sie weiss auch nichts davon, dass ihr Herr Gemahl alles andere als ein Ehrenmann mit bl\u00fctenwei\u00dfer Weste ist.<\/p>\n<div id=\"attachment_45846\" class=\"wp-caption alignnone\" style=\"max-width: 1314px;\"><img loading=\"lazy\" decoding=\"async\" class=\"size-full wp-image-45846\" src=\"\/wp-content\/uploads\/2019\/02\/12371115_162059840819646_5552224149932399012_o-2.jpeg\" alt=\"\" width=\"1304\" height=\"870\" \/><span class=\"wp-caption-text\">Dieter Abholte, Buchautor und Journalist, Chefredaktuer des Insel-Magzins &#8222;IBIZAheute&#8220; &#8211; \u00a9 IBIZA heute<\/span><\/div>\n<p>Der Leser lernt quasi \u00fcber Bea und ihre Freundinnen die Luxus-Seite Ibizas kennen, mit feudalen Beach-Clubs wie Nikki Beach Club, Coco Beach, Blue Marlin oder Nassau Beach Club und die angesagten Insel-Restaurants wie Casa Colonial, Jemanya oder Pom Thai. Lobo steuert mehr das urspr\u00fcngliche Ibiza bei, die geheimen Buchten, die urigen, romantischen Strandbuden oder die Tortilla-Schmiede von Toni in Santa Agn\u00e8s.<\/p>\n<p>Mehr m\u00f6chte ich auch gar nicht verraten. Die Story fesselt den Leser bis zum Schluss. \u201eIbiza \u2013 Geheimnis eines Sommers\u201c ist so etwas wie ein Mittelmeer-Urlaub mit Ausfl\u00fcgen nach Hamburg, London oder Hongkong.<\/p>\n<h4>Jede Menge Argumente, die f\u00fcr die Insel sprechen<\/h4>\n<p>Der Roman \u2013 ein sehr gelungener, exotischer Cocktail aus einem spannenden Thriller, einer romantischen Liebesgeschichte und einem interessanten Insider-Reisef\u00fchrer. Und dazu gibt es auch noch ein paar exklusive Kochrezepte.<\/p>\n<p>Kenner und Fans der Insel werden viele der Locations wiederkennen. Das weckt sonnige Erinnerungen \u2013 auch wenn man gerade zuhause in Deutschland an einem Regentag auf dem Sofa sitzt. Leser, die noch nie auf der facettenreichen Trauminsel waren, liefert der Roman jede Menge Argumente, einmal eine Flugreise nach Ibiza zu buchen\u2026<\/p>\n<p><strong>Text: Peter Pionke<\/strong><\/p>\n<p>&nbsp;<\/p>\n<p><strong>Der Roman &#8222;IBIZA &#8211; Geheimnis eines Sommers&#8220; kann auch direkt beim Autor bestellt werden unter dabholte@ibiza-heute.de<\/strong><\/p>\n<p><strong>Link zur Webseite von \u201eIbizaHEUTE\u201c:<\/strong><\/p>\n<p><a href=\"https:\/\/www.ibiza-heute.de\/\">https:\/\/www.ibiza-heute.de\/<\/a><\/p>\n<p><strong>\u201eIbizaHEUTE\u201c-Abo buchen:<\/strong><\/p>\n<p><a href=\"https:\/\/www.ibiza-heute.de\/join-us\/\">https:\/\/www.ibiza-heute.de\/join-us\/<\/a><\/p>\n<p><strong>Link zur Webseite der Kunst- &amp; Kultur-Galerie S-ART:<\/strong><\/p>\n<p><a href=\"http:\/\/www.s-art-events.de\">http:\/\/www.s-art-events.de<\/a><\/p>\n<p>&nbsp;<\/p>\n<p>&nbsp;<\/p>\n","protected":false},"excerpt":{"rendered":"<p>Zwei M\u00e4nner, die herausragende Talente besitzen, haben sich jetzt auf\u00a0 ihrer Lieblingsinsel Insel Ibiza getroffen. Dieter Abholte, seit vielen Chefredakteur des Hochglanz-Magazins \u201eIBIZAheute\u201c und erfolgreicher Buchautor, auf der anderen Seite der Essener Pop-Art-K\u00fcnstler Sharyar &#8222;Shary&#8220; Azhdari.<\/p>\n","protected":false},"author":7,"featured_media":0,"comment_status":"open","ping_status":"open","sticky":false,"template":"","format":"standard","meta":{"footnotes":""},"categories":[19],"tags":[],"class_list":["post-85723","post","type-post","status-publish","format-standard","hentry","category-weitblick"],"publishpress_future_action":{"enabled":false,"date":"2026-05-04 11:30:24","action":"change-status","newStatus":"draft","terms":[],"taxonomy":"category","extraData":[]},"publishpress_future_workflow_manual_trigger":{"enabledWorkflows":[]},"_links":{"self":[{"href":"https:\/\/www.die-stadtzeitung.de\/index.php\/wp-json\/wp\/v2\/posts\/85723","targetHints":{"allow":["GET"]}}],"collection":[{"href":"https:\/\/www.die-stadtzeitung.de\/index.php\/wp-json\/wp\/v2\/posts"}],"about":[{"href":"https:\/\/www.die-stadtzeitung.de\/index.php\/wp-json\/wp\/v2\/types\/post"}],"author":[{"embeddable":true,"href":"https:\/\/www.die-stadtzeitung.de\/index.php\/wp-json\/wp\/v2\/users\/7"}],"replies":[{"embeddable":true,"href":"https:\/\/www.die-stadtzeitung.de\/index.php\/wp-json\/wp\/v2\/comments?post=85723"}],"version-history":[{"count":12,"href":"https:\/\/www.die-stadtzeitung.de\/index.php\/wp-json\/wp\/v2\/posts\/85723\/revisions"}],"predecessor-version":[{"id":85764,"href":"https:\/\/www.die-stadtzeitung.de\/index.php\/wp-json\/wp\/v2\/posts\/85723\/revisions\/85764"}],"wp:attachment":[{"href":"https:\/\/www.die-stadtzeitung.de\/index.php\/wp-json\/wp\/v2\/media?parent=85723"}],"wp:term":[{"taxonomy":"category","embeddable":true,"href":"https:\/\/www.die-stadtzeitung.de\/index.php\/wp-json\/wp\/v2\/categories?post=85723"},{"taxonomy":"post_tag","embeddable":true,"href":"https:\/\/www.die-stadtzeitung.de\/index.php\/wp-json\/wp\/v2\/tags?post=85723"}],"curies":[{"name":"wp","href":"https:\/\/api.w.org\/{rel}","templated":true}]}}