{"id":85657,"date":"2025-07-29T11:45:08","date_gmt":"2025-07-29T09:45:08","guid":{"rendered":"https:\/\/www.die-stadtzeitung.de\/?p=85657"},"modified":"2025-07-31T12:28:15","modified_gmt":"2025-07-31T10:28:15","slug":"peter-wieler-der-fotograf-der-generationen-zusammenfuehrt","status":"publish","type":"post","link":"https:\/\/www.die-stadtzeitung.de\/index.php\/2025\/07\/29\/peter-wieler-der-fotograf-der-generationen-zusammenfuehrt\/","title":{"rendered":"Peter Wieler: Der Fotograf, der Generationen zusammenf\u00fchrt"},"content":{"rendered":"<div id=\"attachment_85662\" class=\"wp-caption alignnone\" style=\"max-width: 2570px;\"><img loading=\"lazy\" decoding=\"async\" class=\"wp-image-85662 size-full\" src=\"\/wp-content\/uploads\/2025\/07\/Bild_6_Prof.Groenemeyer_Till_Groenemeyer-4-scaled.jpg\" alt=\"\" width=\"2560\" height=\"1831\" \/><span class=\"wp-caption-text\">Der ber\u00fchmte Mediziner Prof. Dr. Dietrich Gr\u00f6nemeyer und sein Sohn Till sind Protagonisten der Foto-Serie &#8222;V\u00e4ter &amp; S\u00f6hne&#8220; &#8211; \u00a9 Peter Wieler<\/span><\/div>\n<p>Und so entstanden die Fotoserien \u201eV\u00e4ter &amp; S\u00f6hne\u201c sowie \u201eM\u00fctter &amp; T\u00f6chter\u201c, die auch in Hochglanz-Bildb\u00e4nden verewigt wurden. \u201eWenn ich ganz ehrlich bin, stammt die Grundidee eigentlich von meinem \u00e4ltesten Sohn Julius und Ian Siepmann-Baum, Sohn von Schauspieler Henning Baum (\u201eDer letzte Bulle\u201c). Ian war eine zeitlang mein Assistent. Beide haben gesagt: \u201aDu hast jetzt so viele Promis fotografiert, mache doch einfach einmal eine Ausstellung, bei der ganz normale Menschen im Fokus stehen.&#8216; Diese Idee habe ich dann aufgegriffen und zu meinem Generationen-Projekt weiterentwickelt\u201c, erz\u00e4hlt der 64j\u00e4hrige mit einem Schmunzeln.<\/p>\n<p>Von Geburt an lebt Peter Wieler mit einer Contergan-Behinderung. Umso bewundernswerter ist es, dass ihm nach einer klassischen Ausbildung eine so gl\u00e4nzende Karriere als Top-Fotograf mit Blick und Gesp\u00fcr f\u00fcr Lichtstimmungen und Motive gelungen ist.<\/p>\n<div id=\"attachment_85663\" class=\"wp-caption alignnone\" style=\"max-width: 2570px;\"><img loading=\"lazy\" decoding=\"async\" class=\"wp-image-85663 size-full\" src=\"\/wp-content\/uploads\/2025\/07\/Q2A6805-scaled.jpg\" alt=\"\" width=\"2560\" height=\"1762\" \/><span class=\"wp-caption-text\">Peter Wieler wurde bei der Vernissage seiner Ausstellung selbst zum &#8222;Foto-Objekt&#8220; &#8211; von niemand Geringerem Fotografiert als von Essens Oberb\u00fcrgermeister Thomas Kufen &#8211; \u00a9 Georg Lukas<\/span><\/div>\n<div class=\"mceTemp\"><\/div>\n<p>Viele Jahre war er mit seiner Kamera f\u00fcr das Essener Stadtmarketing unterwegs, anschlie\u00dfend dr\u00fcckte\u00a0 er im Auftrag des Deutschen Bundestags auf den Ausl\u00f6ser, setzte Politikerinnen und Politiker optimal ins Licht. Aber auch die Foto-Kunst hatte Peter Wieler immer fest im Sucher.<\/p>\n<p>F\u00fcr seine beiden Generations-Serien holte er rund 600 Protagonistinnen und Protagonisten vor seine Studio-Leinwand. Allein f\u00fcr den &#8222;M\u00e4nner-Bildband&#8220; waren 86 Foto-Shootings n\u00f6tig. Bei der Sache nach geeigneten Protagonistinnen und Protagonisten halfen ihm sein gro\u00dfes Netzwerk und Empfehlungen von Freunden und Kollegen.<\/p>\n<p>Die Telefonnummer von Prof. Dr. Dietrich Gr\u00f6nemeyer, dem \u00fcber Deutschland hinaus gesch\u00e4tzten Mediziner, Bruder von Gesangs-Star Herbert Gr\u00f6nemeyer, hatte er allerdings in seinem Smartphone gespeichert. Er lie\u00df sich gern \u00fcberzeugen, sich mit Sohnemann Till f\u00fcr die Serie \u201eV\u00e4ter &amp; S\u00f6hne\u201c ablichten zu lassen. Ebenso wie Schauspieler Henning Baum (&#8222;Jim Knopf und Lukas&#8220;), der sich mit Vater und Sohn vor die Leinwand stellte. Mit Sohn Ferdinand verewigen lie\u00df sich auch Schauspieler Felix V\u00f6rtler, der seit 2013 den Kriminalrat Uwe Lemp der ARD-Krimiserie &#8222;Polizeiruf 110 &#8211; Team Magdeburg&#8220; verk\u00f6rpert.<\/p>\n<p>Promi-Status hat auch der Medizinstudent und Schauspieler Damian Hardung, der mit seinem Vater, einem Orthop\u00e4den, von Peter Wieler abgelichtet wurde0. Der 26j\u00e4hrige sorgte als &#8222;Vergewaltiger&#8220; in dem Fernsehfilm &#8222;Bis zur Wahrheit&#8220; mit Maria Furtw\u00e4ngler in der zweiten Hauptrolle f\u00fcr Schlagzeilen und kontroverse Diskussionen.<\/p>\n<div id=\"attachment_85664\" class=\"wp-caption alignnone\" style=\"max-width: 1887px;\"><img loading=\"lazy\" decoding=\"async\" class=\"wp-image-85664 size-full\" src=\"\/wp-content\/uploads\/2025\/07\/Bild_13_FerdinandFelix_3011-scaled.jpg\" alt=\"\" width=\"1877\" height=\"2560\" \/><span class=\"wp-caption-text\">Schauspieler Felix V\u00f6rtler, bekannt aus der Krimi-Serie &#8222;Polizeiruf 110 &#8211; Team Magdeburg&#8220; mit Sohn Ferdinand &#8211; \u00a9 Peter Wieler<\/span><\/div>\n<p>\u201eF\u00fcr mich lag der Reiz darin, V\u00e4ter und S\u00f6hne in einem schlichten Umfeld so Platz nehmen zu lassen und sie so zu fotografieren, dass ihre Gesichter und H\u00e4nde wirklich zeigten, wie sie im Leben zueinander stehen \u2013 und das im wahrsten Sinne des Wortes.\u201c Und das ist ihm auf den Punkt genau gelungen. Das zeigen auch die vielen positiven Reaktionen bei der Vernissage in der Galerie &#8222;Kunstwerden&#8220; in Essen-Werden.<\/p>\n<p>Auch Essens Oberb\u00fcrgermeister Thomas Kufen und der bekannte Chirurg Dr. Claudio Schlegtendal sind begeistert von der gro\u00dfformatigen Generationen-Ausstellung. Dr. Richard Kiessler, Ex-Chefredakteur der NRZ, und Ehefrau Eva-Maria, die selbst in dem Bildband &#8222;M\u00fctter und T\u00f6chter&#8220; mit Tocher Laura und den Enkelinnen Lea, Lilly und Lotte auf einem Foto zu sehen ist, waren Ehreg\u00e4ste des K\u00fcnstlergespr\u00e4chs mit Peter Wieler. Das Ehepaar Kiessler hat bekanntlich das in der Essener Stadtgesellschaft hochgesch\u00e4tzte Netzwerktreffen STADTGESPR\u00c4CHE.ruhr initiert.<\/p>\n<div id=\"attachment_85666\" class=\"wp-caption alignnone\" style=\"max-width: 2090px;\"><img loading=\"lazy\" decoding=\"async\" class=\"wp-image-85666 size-full\" src=\"\/wp-content\/uploads\/2025\/07\/LukasKunst6784.jpg\" alt=\"\" width=\"2080\" height=\"1299\" \/><span class=\"wp-caption-text\">Fotograf Peter Wieler (l.) erkl\u00e4rt Essens Oberb\u00fcgermeister Thomas Kufen die Hintergr\u00fcnde seiner Fotos &#8211; \u00a9 Georg Lukas<\/span><\/div>\n<p>TV- Journalist Michael Beyer w\u00fcrdigte Peter Wielers Ausstellung in seinen Fernsehbeitrag f\u00fcr die WDR-Sendung \u201eLokalzeit Ruhr\u201c in h\u00f6chsten T\u00f6nen. Ein Ritterschlag! Doch Peter Wieler will sich nicht selbst in den Fokus r\u00fccken, sondern bleibt bescheiden: \u201eIch freue mich riesig, dass meine beiden Generations-Foto-Serien so gut beim Publikum ankommen. Aber ohne die gro\u00dfz\u00fcgige Unterst\u00fctzung von Sponsoren, h\u00e4tte ich das Projekt nicht realisieren k\u00f6nnen. Daf\u00fcr bin ich unendlich dankbar.\u201c<\/p>\n<p>Wer es nicht geschafft hat, sich die beeindruckende Ausstellung vor Ort anzuschauen, der kann getr\u00f6stet werden. Die Hochglanz-Bildb\u00e4nde \u201eV\u00e4ter &amp; S\u00f6hne\u201c und \u201eM\u00fctter &amp; T\u00f6chter&#8220; k\u00f6nnen bei Peter Wieler \u00fcber www.fotografiepeterwieler.com bestellt werden.<\/p>\n<div id=\"attachment_85693\" class=\"wp-caption alignnone\" style=\"max-width: 2058px;\"><img loading=\"lazy\" decoding=\"async\" class=\"wp-image-85693 size-full\" src=\"\/wp-content\/uploads\/2015\/07\/Kiessler_2247kl-scaled.jpg\" alt=\"\" width=\"2048\" height=\"2560\" \/><span class=\"wp-caption-text\">Die Journalistin Eva-Maria Kiessler (r.) mit Tochter Laura und den Enkelinnen Lea, Lilly und Lotte &#8211; \u00a9 Peter Wieler<\/span><\/div>\n<p>Der Fotograf selbst sonnt sich nicht im Erfolg, sondern hat schon das n\u00e4chste Projekt auf dem Schirm: Diesmal sollen \u201eInternational gemischte Familien\u201c im Scheinwerferlicht stehen. Ein hochspannendes, gesellschaftliches Thema. Denn die daraus entstehenden Fotos werfen sicher ein positives Licht darauf, wie reibungslos echte Integration im normalen Alltag oft gelingt<\/p>\n<p><strong>Text Peter Pionke<\/strong><\/p>\n<p>&nbsp;<\/p>\n<p><strong>Link zur Webseite von Peter Wieler:<\/strong><\/p>\n<p><a href=\"http:\/\/www.fotografiepeterwieler.com\">http:\/\/www.fotografiepeterwieler.com<\/a><\/p>\n<div id=\"attachment_85659\" class=\"wp-caption alignnone\" style=\"max-width: 274px;\"><img loading=\"lazy\" decoding=\"async\" class=\"wp-image-85659 size-full\" src=\"\/wp-content\/uploads\/2025\/07\/Wieler_Buch_Vaeter_Soehne_Umschlag_low.avif\" alt=\"\" width=\"264\" height=\"377\" \/><span class=\"wp-caption-text\">&#8222;V\u00e4ter &amp; S\u00f6hne&#8220; &#8211; Bildband 170 Seiten &#8211; 83 Abbildungen ISBN 978-3-00070890-9 55\u20ac Ein Teil des Erl\u00f6ses geht an den Hilfsverein &#8222;Menschenm\u00f6gliches&#8220;. Erh\u00e4ltlich ist der Bildband unter www.fotografiepeterwieler.com<\/span><\/div>\n<p>.<\/p>\n","protected":false},"excerpt":{"rendered":"<p>Prominente hatte Peter Wieler schon viele vor der Linse: Udo Lindenberg, Angela Merkel, Karl Lagerfeld, Helmut Kohl oder auch Eric Clapton, um nur einige zu nennen. Doch dann machte es bei einem der renommiertesten Fotografen des Ruhrgebiets Klick und er hatte einen echten Geistesblitz.<\/p>\n","protected":false},"author":7,"featured_media":0,"comment_status":"open","ping_status":"open","sticky":false,"template":"","format":"standard","meta":{"footnotes":""},"categories":[29],"tags":[],"class_list":["post-85657","post","type-post","status-publish","format-standard","hentry","category-kultur"],"publishpress_future_action":{"enabled":false,"date":"2026-05-08 05:05:20","action":"change-status","newStatus":"draft","terms":[],"taxonomy":"category","extraData":[]},"publishpress_future_workflow_manual_trigger":{"enabledWorkflows":[]},"_links":{"self":[{"href":"https:\/\/www.die-stadtzeitung.de\/index.php\/wp-json\/wp\/v2\/posts\/85657","targetHints":{"allow":["GET"]}}],"collection":[{"href":"https:\/\/www.die-stadtzeitung.de\/index.php\/wp-json\/wp\/v2\/posts"}],"about":[{"href":"https:\/\/www.die-stadtzeitung.de\/index.php\/wp-json\/wp\/v2\/types\/post"}],"author":[{"embeddable":true,"href":"https:\/\/www.die-stadtzeitung.de\/index.php\/wp-json\/wp\/v2\/users\/7"}],"replies":[{"embeddable":true,"href":"https:\/\/www.die-stadtzeitung.de\/index.php\/wp-json\/wp\/v2\/comments?post=85657"}],"version-history":[{"count":14,"href":"https:\/\/www.die-stadtzeitung.de\/index.php\/wp-json\/wp\/v2\/posts\/85657\/revisions"}],"predecessor-version":[{"id":85776,"href":"https:\/\/www.die-stadtzeitung.de\/index.php\/wp-json\/wp\/v2\/posts\/85657\/revisions\/85776"}],"wp:attachment":[{"href":"https:\/\/www.die-stadtzeitung.de\/index.php\/wp-json\/wp\/v2\/media?parent=85657"}],"wp:term":[{"taxonomy":"category","embeddable":true,"href":"https:\/\/www.die-stadtzeitung.de\/index.php\/wp-json\/wp\/v2\/categories?post=85657"},{"taxonomy":"post_tag","embeddable":true,"href":"https:\/\/www.die-stadtzeitung.de\/index.php\/wp-json\/wp\/v2\/tags?post=85657"}],"curies":[{"name":"wp","href":"https:\/\/api.w.org\/{rel}","templated":true}]}}