{"id":85536,"date":"2025-07-11T16:18:15","date_gmt":"2025-07-11T14:18:15","guid":{"rendered":"https:\/\/www.die-stadtzeitung.de\/?p=85536"},"modified":"2025-07-23T11:36:13","modified_gmt":"2025-07-23T09:36:13","slug":"junge-kuenstler-praesentieren-erstmals-ihre-werke","status":"publish","type":"post","link":"https:\/\/www.die-stadtzeitung.de\/index.php\/2025\/07\/11\/junge-kuenstler-praesentieren-erstmals-ihre-werke\/","title":{"rendered":"Junge K\u00fcnstler pr\u00e4sentieren erstmals ihre Werke"},"content":{"rendered":"<div id=\"attachment_85539\" class=\"wp-caption alignnone\" style=\"max-width: 1597px;\"><img loading=\"lazy\" decoding=\"async\" class=\"wp-image-85539 size-full\" src=\"\/wp-content\/uploads\/2025\/07\/processed-F2C22550-B227-4530-A58E-52C69F1C776A.jpeg\" alt=\"\" width=\"1587\" height=\"1127\" \/><span class=\"wp-caption-text\">K\u00fcnstlerinnen und K\u00fcnstler der HBK Essen: (v.l.) Daisy Diggins, Gwendolin Zelenka, Phin Sen\u00dffelder, Ezgi \u00d6zt\u00fcrk, Muna Schwahlen, Luca Laumann, Anastasija Kojic, Olivia Pawelek, Marcel Asendorf, Hannah Mickeleit, Sebastian Mayrle &#8211; \u00a9 HBK Essen<\/span><\/div>\n<p>Damit die Kunststudenten der HBK \u00fcberhaupt die M\u00f6glichkeit haben, ihr eigenes Konzept f\u00fcr eine Ausstellung umzusetzen, stellt die bergische Kunstgenossenschaft ihre R\u00e4ume zur Verf\u00fcgung. Das bietet den Studierenden des Fachbereichs Malerei\/Grafik der HBK Essen die Chance, die ersten ganz eigenen Schritte in der Kunstwelt zu gehen. Neben dem gemeinsam erarbeiteten Konzept stammen auch die Designs der Plakate und der Social Media Auftritt aus der Ideenschmiede der Studentinnen und Studenten.<\/p>\n<h4>Ausstellung eigens von Studierenden konzipiert<\/h4>\n<p>Die Ausstellung \u201cthe only way out is through\u201d schafft einen interdisziplin\u00e4ren Raum f\u00fcr Reflexion und Dialog, in dem die K\u00fcnstlerinnen und K\u00fcnstler ihre individuellen Erfahrungen und Empfindungen in den Mittelpunkt r\u00fccken. Durch die Auseinandersetzung mit Schmerz und Befreiung er\u00f6ffnet sich die M\u00f6glichkeit, sowohl pers\u00f6nliche als auch kollektive Wunden zu transformieren und Resilienz zu entwickeln.<\/p>\n<p>Kunst wird hier zu einem kraftvollem Medium, das helfen soll, den Herausforderungen Zeit zu begegnen und die Menschen in einem gemeinschaftlichen Prozess der St\u00e4rkung zu verbinden In einer Welt, die gepr\u00e4gt ist von Unsicherheiten, Konflikten und emotionalen Herausforderungen, sehen sich die K\u00fcnstlerinnen und K\u00fcnstler einer dringenden Notwendigkeit gegen\u00fcber, die dunklen Seiten der Existenz zu reflektieren.<\/p>\n<h4>Ausstellung \u201cthe only way out is through\u201d<\/h4>\n<p>Ab dem 25. Juli 2025 zeigen die Studierenden eine Ausstellung unter dem Titel \u201cthe only way out is through\u201c. Bereits seit M\u00e4rz laufen die intensiven Vorbereitungen auf Hochtouren. Unter anderem mit einem eigens erstellten Instagram Kanal @theonlywayoutisthrough_2025<\/p>\n<div id=\"attachment_85540\" class=\"wp-caption alignnone\" style=\"max-width: 560px;\"><img loading=\"lazy\" decoding=\"async\" class=\"wp-image-85540 size-full\" src=\"\/wp-content\/uploads\/2025\/07\/processed-867ED5F1-7F30-4F9B-A724-BA2E4099CFBC.jpg\" alt=\"\" width=\"550\" height=\"776\" \/><span class=\"wp-caption-text\">Das Werk &#8222;sicht sticht&#8220; von Marcel Asendorf (140 x 100 cm &#8211; \u00d6l auf Leinwand &#8211; 2025 &#8211; \u00a9 Msrcel Asendorf<\/span><\/div>\n<p>Der Ausstellungsschwerpunkt \u201ethe only way out is through\u201c wird in einem breiten Spektrum und in einer Vielzahl aktueller k\u00fcnstlerischer Positionen dargestellt. Mit den ausgew\u00e4hlten Kunstwerken wird gezeigt wie individuell und einzigartig ein Thema durch K\u00fcnstlerinnen und K\u00fcnstler interpretiert werden k\u00f6nnen.<\/p>\n<p>Zur Er\u00f6ffnung am Freitag (25.07.) um 18 Uhr laden die Studierenden herzlich ein und freuen sich darauf, gemeinsam mit allen G\u00e4sten der Vernissage in den Diskurs zu gehen. Dar\u00fcber hinaus wird es am Samstag (03.08.) von 16-18 Uhr Artist-Talks im Raum des Neuen Kunstvereins Wuppertal geben, in denen man n\u00e4here Informationen zu einzelnen K\u00fcnstlerinnen und K\u00fcnstlern bekommt und die Chance hat, Antworten auf eigene Fragen zu bekommen.<\/p>\n<p><strong>Termin:<\/strong><\/p>\n<h4>\u201cthe only way out is through\u201d<\/h4>\n<p><strong>Kunstausstellung<\/strong><\/p>\n<p><strong>Es stellen aus:<\/strong> Marcel Asendorf, Olivia Pawelek, Ezgi \u00d6zt\u00fcrk, Anastasija Kojic, Annalisa Meleca, Beate Herrmann, Carina Klaus, Claudia Oelschl\u00e4ger, Gioia Girardet, Gwenda Bertermann, Gwendolin Zelenka, Hannah Mickeleit, James Rodemann, Jil Meyers, Liane Bunte, Daisy Diggins, Livia Organista Sandino, Luca Laumann, Mara Zota, Muna Schwahlen, Phin Sen\u00dffelder, Sebastian Mayrle, Becker Schmitz<\/p>\n<p>Freitag &#8211; 25.07.2025 \u2013 18:00 Uhr &#8211; Vernissage<\/p>\n<p><strong>Freitag<\/strong> &#8211; 08.08.2025\u00a0 &#8211; 18:00 Uhr &#8211; Finissage<\/p>\n<p>\u00d6ffnungszeiten: Donnerstag &#8211; Sonntag &#8211; 15-18 Uhr<\/p>\n<p>F\u00fchrungen: Samstag &amp; Sonntag &#8211; 15 Uhr (ohne Voranmeldung)<\/p>\n<p>Artist Talks: Samstag 03.08.2025\u00a0 &#8211; 16 &#8211; 18 Uhr<\/p>\n<p>Neuer Kunstverein Wuppertal &#8211; Hofaue 51 &#8211; 42103 Wuppertal<\/p>\n<p>BKG Bergische Kunstgenossenschaft e.V. &#8211; Hofaue 55 &#8211; 42103 Wuppertal<\/p>\n<h4>\u00dcber die HBK Essen<\/h4>\n<p>Die Hochschule der bildenden K\u00fcnste Essen ist eine staatlich anerkannte, private Kunsthochschule im Herzen Nordrhein-Westfalens mit den Standorten Essen und Wuppertal. Hier vk\u00f6nnen Menschen mit k\u00fcnstlerischer oder gestalterischer Eignung unabh\u00e4ngig von ihrer Herkunft und ihrem Alter ein Kunst- oder Designstudium absolvieren. Als junge Institution setzt die HBK Essen stark auf innovative Lehrkonzepte, Internationalisierung und den reflektierten Einsatz neuester digitaler Technologien. Zum j\u00e4hrlichen Rundgang im Juli sowie zu den Absolventen-Ausstellungen \u201eDegree Show\u201c im M\u00e4rz und September \u00f6ffnet die HBK Essen die T\u00fcren f\u00fcr alle, die jungen k\u00fcnstlerischen Positionen und neuen Designprojekten begegnen wollen. Au\u00dferdem finden mehrmals im Jahr \u00f6ffentliche Vortr\u00e4ge an der HBK Essen statt.<\/p>\n<p>&nbsp;<\/p>\n<p>&nbsp;<\/p>\n","protected":false},"excerpt":{"rendered":"<p>Die Bergische Kunstgenossenschaft (BKG) und der Neue Kunstverein Wuppertal greifen den Studierenden der Hochschule der bildenden K\u00fcnste (HBK) Essen kollegial unter die Arme. So k\u00f6nnen sie vom 25. Juli bis 10. August 2025 im Rahmen eines spannenden k\u00fcnstlerischen Projektes mit dem Titel \u201cthe only way out is through\u201c ihre Werke pr\u00e4sentieren.<\/p>\n","protected":false},"author":7,"featured_media":0,"comment_status":"open","ping_status":"open","sticky":false,"template":"","format":"standard","meta":{"footnotes":""},"categories":[29],"tags":[],"class_list":["post-85536","post","type-post","status-publish","format-standard","hentry","category-kultur"],"publishpress_future_action":{"enabled":false,"date":"2026-05-06 17:39:03","action":"change-status","newStatus":"draft","terms":[],"taxonomy":"category","extraData":[]},"publishpress_future_workflow_manual_trigger":{"enabledWorkflows":[]},"_links":{"self":[{"href":"https:\/\/www.die-stadtzeitung.de\/index.php\/wp-json\/wp\/v2\/posts\/85536","targetHints":{"allow":["GET"]}}],"collection":[{"href":"https:\/\/www.die-stadtzeitung.de\/index.php\/wp-json\/wp\/v2\/posts"}],"about":[{"href":"https:\/\/www.die-stadtzeitung.de\/index.php\/wp-json\/wp\/v2\/types\/post"}],"author":[{"embeddable":true,"href":"https:\/\/www.die-stadtzeitung.de\/index.php\/wp-json\/wp\/v2\/users\/7"}],"replies":[{"embeddable":true,"href":"https:\/\/www.die-stadtzeitung.de\/index.php\/wp-json\/wp\/v2\/comments?post=85536"}],"version-history":[{"count":5,"href":"https:\/\/www.die-stadtzeitung.de\/index.php\/wp-json\/wp\/v2\/posts\/85536\/revisions"}],"predecessor-version":[{"id":85543,"href":"https:\/\/www.die-stadtzeitung.de\/index.php\/wp-json\/wp\/v2\/posts\/85536\/revisions\/85543"}],"wp:attachment":[{"href":"https:\/\/www.die-stadtzeitung.de\/index.php\/wp-json\/wp\/v2\/media?parent=85536"}],"wp:term":[{"taxonomy":"category","embeddable":true,"href":"https:\/\/www.die-stadtzeitung.de\/index.php\/wp-json\/wp\/v2\/categories?post=85536"},{"taxonomy":"post_tag","embeddable":true,"href":"https:\/\/www.die-stadtzeitung.de\/index.php\/wp-json\/wp\/v2\/tags?post=85536"}],"curies":[{"name":"wp","href":"https:\/\/api.w.org\/{rel}","templated":true}]}}