{"id":85366,"date":"2025-07-08T14:36:00","date_gmt":"2025-07-08T12:36:00","guid":{"rendered":"https:\/\/www.die-stadtzeitung.de\/?p=85366"},"modified":"2025-07-19T06:59:02","modified_gmt":"2025-07-19T04:59:02","slug":"open-air-live-musik-mit-jesue-milaa-brenda-boykin","status":"publish","type":"post","link":"https:\/\/www.die-stadtzeitung.de\/index.php\/2025\/07\/08\/open-air-live-musik-mit-jesue-milaa-brenda-boykin\/","title":{"rendered":"Open-Air-Live-Musik mit Jesu\u00e9, Milaa &#038; Brenda Boykin"},"content":{"rendered":"<div id=\"attachment_85368\" class=\"wp-caption alignnone\" style=\"max-width: 2387px;\"><img loading=\"lazy\" decoding=\"async\" class=\"wp-image-85368 size-full\" src=\"\/wp-content\/uploads\/2025\/07\/@kamerakramer_13.jpeg\" alt=\"\" width=\"2377\" height=\"1883\" \/><span class=\"wp-caption-text\">Die eindrucksvolle S\u00e4ngerin Milaa &#8211; \u00a9 Kamera Kramer<\/span><\/div>\n<p>Jesu\u00e9 pr\u00e4sentiert am Samstag (19.07.) sozialkritischen Pop-Rap mit Haltung, Die Singer-Songwriterin Milaa begl\u00fcckt das Publikum mit Soul und Tiefe, Brenda Boykin, die legend\u00e4re Jazz- und Bluesstimme, sorgt f\u00fcr ein weiteres Highlight . Schlie\u00dflich rundet DJ \u201eT-Bong\u201c den musikalischen Abend mit seiner Aftershow ab.<\/p>\n<p><strong>Termin:<\/strong><\/p>\n<h4>OPEN AIR Live-Musik<\/h4>\n<p>02. Wochenende der Reihe \u201eUBUNTU \u2013 Keine Kunst ohne uns\u201c<\/p>\n<p><strong>Mit: Jesu\u00e9 \u2013 Milaa \u2013 Brenda Boykin \u2013 DJ \u201eT-Bong\u201c<\/strong><\/p>\n<p>Samstag \u2013 19.07.2025 \u2013 18:00 Uhr \u2013 Einlass 17:30 Uhr<\/p>\n<p>Pina Bausch Zentrum under construction &#8211; Bundesallee 260 \u2013 42103 Wuppertal<\/p>\n<p>Eintritt frei!<\/p>\n<div id=\"attachment_85369\" class=\"wp-caption alignnone\" style=\"max-width: 2570px;\"><img loading=\"lazy\" decoding=\"async\" class=\"wp-image-85369 size-full\" src=\"\/wp-content\/uploads\/2025\/07\/JESUE_Pressefotos-Hendrik-Prostka-scaled.jpg\" alt=\"\" width=\"2560\" height=\"1870\" \/><span class=\"wp-caption-text\">Der Rapper Jesu\u00e9 &#8211; \u00a9 Hendrik Prostka<\/span><\/div>\n<p>Weitere Infos finden Sie hier:<\/p>\n<p><a href=\"https:\/\/under-construction-wuppertal.de\/events\/juli-2025\/ubuntu-beatz-2\">https:\/\/under-construction-wuppertal.de\/events\/juli-2025\/ubuntu-beatz-2<\/a><\/p>\n","protected":false},"excerpt":{"rendered":"<p>Das zweite Wochenende von \u201eUBUNTU \u2013 Keine Kunst ohne uns\u201c steht ganz im Zeichen der Musik. Das COLOUR-Kollektiv u\u0308bernimmt an diesen Tagen die Bu\u0308hne \u2013 mit einem handverlesenen Line-up und einer Atmosph\u00e4re, die Festival-Herzen h\u00f6herschlagen l\u00e4sst.<\/p>\n","protected":false},"author":7,"featured_media":0,"comment_status":"open","ping_status":"open","sticky":false,"template":"","format":"standard","meta":{"footnotes":""},"categories":[29],"tags":[],"class_list":["post-85366","post","type-post","status-publish","format-standard","hentry","category-kultur"],"publishpress_future_action":{"enabled":false,"date":"2026-05-06 17:38:57","action":"change-status","newStatus":"draft","terms":[],"taxonomy":"category","extraData":[]},"publishpress_future_workflow_manual_trigger":{"enabledWorkflows":[]},"_links":{"self":[{"href":"https:\/\/www.die-stadtzeitung.de\/index.php\/wp-json\/wp\/v2\/posts\/85366","targetHints":{"allow":["GET"]}}],"collection":[{"href":"https:\/\/www.die-stadtzeitung.de\/index.php\/wp-json\/wp\/v2\/posts"}],"about":[{"href":"https:\/\/www.die-stadtzeitung.de\/index.php\/wp-json\/wp\/v2\/types\/post"}],"author":[{"embeddable":true,"href":"https:\/\/www.die-stadtzeitung.de\/index.php\/wp-json\/wp\/v2\/users\/7"}],"replies":[{"embeddable":true,"href":"https:\/\/www.die-stadtzeitung.de\/index.php\/wp-json\/wp\/v2\/comments?post=85366"}],"version-history":[{"count":4,"href":"https:\/\/www.die-stadtzeitung.de\/index.php\/wp-json\/wp\/v2\/posts\/85366\/revisions"}],"predecessor-version":[{"id":85372,"href":"https:\/\/www.die-stadtzeitung.de\/index.php\/wp-json\/wp\/v2\/posts\/85366\/revisions\/85372"}],"wp:attachment":[{"href":"https:\/\/www.die-stadtzeitung.de\/index.php\/wp-json\/wp\/v2\/media?parent=85366"}],"wp:term":[{"taxonomy":"category","embeddable":true,"href":"https:\/\/www.die-stadtzeitung.de\/index.php\/wp-json\/wp\/v2\/categories?post=85366"},{"taxonomy":"post_tag","embeddable":true,"href":"https:\/\/www.die-stadtzeitung.de\/index.php\/wp-json\/wp\/v2\/tags?post=85366"}],"curies":[{"name":"wp","href":"https:\/\/api.w.org\/{rel}","templated":true}]}}