{"id":85309,"date":"2025-07-02T10:12:21","date_gmt":"2025-07-02T08:12:21","guid":{"rendered":"https:\/\/www.die-stadtzeitung.de\/?p=85309"},"modified":"2025-07-14T14:37:20","modified_gmt":"2025-07-14T12:37:20","slug":"melane-nkounkolo-saengerin-mit-atembraubender-stimme","status":"publish","type":"post","link":"https:\/\/www.die-stadtzeitung.de\/index.php\/2025\/07\/02\/melane-nkounkolo-saengerin-mit-atembraubender-stimme\/","title":{"rendered":"Melane Nkounkolo: S\u00e4ngerin mit atembraubender Stimme"},"content":{"rendered":"<div id=\"attachment_85312\" class=\"wp-caption alignnone\" style=\"max-width: 2570px;\"><img loading=\"lazy\" decoding=\"async\" class=\"wp-image-85312 size-full\" src=\"\/wp-content\/uploads\/2025\/07\/MELANE_Copyright-Georg-Karlstetter-scaled.jpg\" alt=\"\" width=\"2560\" height=\"1814\" \/><span class=\"wp-caption-text\">Melane Nkounkolo pr\u00e4sentiert ihre Musik, begleitet von einer herausragenden Band &#8211; \u00a9 Georg Karlstetter<\/span><\/div>\n<p>Pr\u00e4sentiert wird der Abend vom Netzwerk COLOUR und der UBUNTU-Familie gemeinsam mit dem \u201ePina Bausch Zentrum under construction\u201c. &#8222;UBUNTU&#8220; richtet sich an die gesamte Wuppertaler Stadtgesellschaft, denn das Pina Bausch Zentrum soll ein offenes Haus f\u00fcr alle werden.<\/p>\n<p>Insbesondere richtet es sich mit Workshops, Performances und einer Ausstellung an Menschen, deren Geschichten und Talente bislang zu wenig sichtbar waren. \u00dcber 40 Prozent der Menschen in Wuppertal haben eine internationale Familiengeschichte \u2013 das Festival will ihre Stimmen h\u00f6rbar und ihre Perspektiven sichtbar machen.<\/p>\n<p>Nach der Begr\u00fc\u00dfung durch Kulturdezernent Matthias Nocke und die Beteiligten folgt eine kurze, lebendige Mischung aus Mode, Tanz und Poesie mit vielen Beteiligten. Mit dabei sind u.a. die Designerin Babu Noella, der Musiker Kyebo Kafuta alias\u00a0Mister Kibs, der T\u00e4nzer und Choreograf Francesco Vecchione und die T\u00e4nzerinnen und T\u00e4nzer des Tanztheater Wuppertal Pina Bausch, Taylor Drury, Alexander Lopez Guerra und viele weitere Beteiligte. Es soll ein multidisziplin\u00e4rer Auftakt sein, der einen Einblick in den Geist und den gemeinsamen Rhythmus und des Festivals selbst gibt.<\/p>\n<div id=\"attachment_85313\" class=\"wp-caption alignnone\" style=\"max-width: 560px;\"><img loading=\"lazy\" decoding=\"async\" class=\"wp-image-85313 size-full\" src=\"\/wp-content\/uploads\/2025\/07\/Copyright-M.-Nkounkolo-Kopie.jpg\" alt=\"\" width=\"550\" height=\"493\" \/><span class=\"wp-caption-text\">Die charismatische K\u00f6lner S\u00e4ngerin Melane Nkounkolo &#8211; \u00a9 Melane Nkounkolo<\/span><\/div>\n<p>Kongolesische Musik: Von Brazzaville bis in die Welt \u2013 die in Deutschland geborene kongolesische K\u00fcnstlerin Melane kombiniert Afro, Rumba und Pop in ihrer Musik und entwickelte sich autodidaktisch zur Produzentin. Ihre kraftvollen Texte thematisieren soziale Gerechtigkeit, Identit\u00e4t, Gesellschaft, sowie auch queere Themen, insbesondere im Kontext der afrikanischen Diaspora. Sie erregte bereits 2020 mit ihrer Deb\u00fctsingle \u201eUbuntu\u201c Aufsehen.<\/p>\n<p>Melanes musikalische Reise spiegelt ihre kulturelle Vielfalt wider, und mit ihrem Debut-Album \u201eMirrors &amp; Windows\u201c zeigt sie, dass sie in ihrer k\u00fcnstlerischen Reise angekommen ist. Mit einer leidenschaftlichen Fusion verschiedener Genres und als aufstrebende Produzentin und S\u00e4ngerin steht Melane an der Spitze einer neuen Welle von Klangk\u00fcnstlern und Kulturschaffenden.<\/p>\n<p><strong>Termin:<\/strong><\/p>\n<h4>MELANE NKOUNKOLO &amp; Band<\/h4>\n<p><strong>Er\u00f6ffnung Summer-LAB UBUNTU \u2013 \u201eKeine Kunst ohne uns!\u201c<\/strong><\/p>\n<p>Freitag \u2013 11.07.2025 \u2013 19:00 Uhr<\/p>\n<p>\u201ePina Bausch Zentrum under construction\u201c &#8211; Bundesallee 260 \u2013 42103 Wuppertal<\/p>\n<p>&nbsp;<\/p>\n<p>&nbsp;<\/p>\n","protected":false},"excerpt":{"rendered":"<p>Melane Nkounkolo &#038; Band er\u00f6ffnen am Freitag (11.07.) um 19:00 Uhr das &#8222;Summer Lab UBUNTU&#8220;. Afro-Soul trifft auf Empowerment: Die K\u00f6lner S\u00e4ngerin Melane erobert zusammen mit ihrer Band die B\u00fchne. Ihre Musik bewegt sich zwischen Neo-Soul, Rumba und Hip-Hop \u2013 mit politischen Lyrics, kongolesischen Wurzeln und einer atemberaubender Stimme, die unter die Haut geht.<\/p>\n","protected":false},"author":7,"featured_media":0,"comment_status":"open","ping_status":"open","sticky":false,"template":"","format":"standard","meta":{"footnotes":""},"categories":[29],"tags":[],"class_list":["post-85309","post","type-post","status-publish","format-standard","hentry","category-kultur"],"publishpress_future_action":{"enabled":false,"date":"2026-05-02 12:14:53","action":"change-status","newStatus":"draft","terms":[],"taxonomy":"category","extraData":[]},"publishpress_future_workflow_manual_trigger":{"enabledWorkflows":[]},"_links":{"self":[{"href":"https:\/\/www.die-stadtzeitung.de\/index.php\/wp-json\/wp\/v2\/posts\/85309","targetHints":{"allow":["GET"]}}],"collection":[{"href":"https:\/\/www.die-stadtzeitung.de\/index.php\/wp-json\/wp\/v2\/posts"}],"about":[{"href":"https:\/\/www.die-stadtzeitung.de\/index.php\/wp-json\/wp\/v2\/types\/post"}],"author":[{"embeddable":true,"href":"https:\/\/www.die-stadtzeitung.de\/index.php\/wp-json\/wp\/v2\/users\/7"}],"replies":[{"embeddable":true,"href":"https:\/\/www.die-stadtzeitung.de\/index.php\/wp-json\/wp\/v2\/comments?post=85309"}],"version-history":[{"count":4,"href":"https:\/\/www.die-stadtzeitung.de\/index.php\/wp-json\/wp\/v2\/posts\/85309\/revisions"}],"predecessor-version":[{"id":85315,"href":"https:\/\/www.die-stadtzeitung.de\/index.php\/wp-json\/wp\/v2\/posts\/85309\/revisions\/85315"}],"wp:attachment":[{"href":"https:\/\/www.die-stadtzeitung.de\/index.php\/wp-json\/wp\/v2\/media?parent=85309"}],"wp:term":[{"taxonomy":"category","embeddable":true,"href":"https:\/\/www.die-stadtzeitung.de\/index.php\/wp-json\/wp\/v2\/categories?post=85309"},{"taxonomy":"post_tag","embeddable":true,"href":"https:\/\/www.die-stadtzeitung.de\/index.php\/wp-json\/wp\/v2\/tags?post=85309"}],"curies":[{"name":"wp","href":"https:\/\/api.w.org\/{rel}","templated":true}]}}