{"id":84932,"date":"2025-06-27T10:52:30","date_gmt":"2025-06-27T08:52:30","guid":{"rendered":"https:\/\/www.die-stadtzeitung.de\/?p=84932"},"modified":"2025-06-28T15:10:37","modified_gmt":"2025-06-28T13:10:37","slug":"pinas-gesichter-neues-mural-sorgt-fuer-leuchtkraft-im-tal","status":"publish","type":"post","link":"https:\/\/www.die-stadtzeitung.de\/index.php\/2025\/06\/27\/pinas-gesichter-neues-mural-sorgt-fuer-leuchtkraft-im-tal\/","title":{"rendered":"Pinas Gesichter: Neues Mural sorgt f\u00fcr Leuchtkraft im Tal"},"content":{"rendered":"<div id=\"attachment_84987\" class=\"wp-caption alignnone\" style=\"max-width: 2570px;\"><img loading=\"lazy\" decoding=\"async\" class=\"wp-image-84987 size-full\" src=\"\/wp-content\/uploads\/2025\/06\/Achim-Otto-faerberstr-1-1-scaled.jpeg\" alt=\"\" width=\"2560\" height=\"1647\" \/><span class=\"wp-caption-text\">Das beeindruckende Mural, das Guido Palmadessa auf der Fassade F\u00e4rberstr. 10 geschaffen hat &#8211; \u00a9 Achim Otto<\/span><\/div>\n<p>StreetArt-K\u00fcnstler Guido Palmadessa hat auf der Fassade F\u00e4rberstr. 10 im Quartier Elberfeld-Mitte mit Portraits aus unterschiedlichen Lebensphasen der weltber\u00fchmten Choreografin Pina Bausch (*27.07.1940 &#8211; +30.06.2009) einen eindrucksvollen Eyecatcher geschaffen. Guido Palmadessa wurde 1988 in Buenos Aires (Argentinien) geboren und lebt seit 2018 in Berlin. Bekannt geworden ist er auch durch die Workshops seines sozialen Projekts \u201eMigrant Dreams\u201c.<\/p>\n<p>In der Lenneper Str. 28 (Quartier Heckinghausen) war das Duo \u201eStudio Giftig\u201c aus Veldhoven (Niederlande) mit ihren Spr\u00fchdosen k\u00fcnstlerisch im Einsatz und schuf ein farbenpr\u00e4chtiges Mural. Niels van Swaemen (1981 in Eindhoven geboren), und Kasper van Leek, der 1983 in Philipsburg St. Marten das Licht der Welt erblickte, arbeiten sein 2007 zusammen.<\/p>\n<div id=\"attachment_84935\" class=\"wp-caption alignnone\" style=\"max-width: 510px;\"><img loading=\"lazy\" decoding=\"async\" class=\"wp-image-84935 size-full\" src=\"\/wp-content\/uploads\/2025\/06\/WT_B_Palmadessa.png\" alt=\"\" width=\"500\" height=\"387\" \/><span class=\"wp-caption-text\">Der in Argentinien geborene StreetArt K\u00fcnstler Guido Palmadessa &#8211; \u00a9 wupperone929 UrbanArt e.V.<\/span><\/div>\n<p>\u201eUKW\u201c, ein von Valentina Manojlov und dem Verein \u201ewupperone929 UrbanArt e.V.\u201c initiiertes gro\u00dfartiges Kunst-Projekt im \u00f6ffentlichen Raum ging mit der Edition 2025 in die dritte Phase. Eine gigantische Aufgabe: 24 Quartiere, 24 Werkst\u00e4tten, 24 Fassaden und 24 internationale K\u00fcnstler entlang der Wuppertaler Talachse, von Vohwinkel bis Langerfeld-Mitte.<\/p>\n<p>Danach w\u00e4re ein Schlussstrich unter ein einmaliges Leuchtturmprojekt gezogen &#8211; vorerst zumindest. Valentina Manojlov: \u201eDie NRW-F\u00f6rderung f\u00fcr den Urbaner KunstRaum Wuppertal endet mit dem 31.12.2025. Aber nat\u00fcrlich w\u00fcrden wir unsere Arbeit gerne fortsetzen, denn wir haben nun eine Kunstsammlung im \u00f6ffentlichen Raum der Stadt erstellt, die sich international sehen lassen kann.\u201c<\/p>\n<div id=\"attachment_84937\" class=\"wp-caption alignnone\" style=\"max-width: 560px;\"><img loading=\"lazy\" decoding=\"async\" class=\"wp-image-84937 size-full\" src=\"\/wp-content\/uploads\/2025\/06\/Achim-Otto-lenneper-.jpg\" alt=\"\" width=\"550\" height=\"908\" \/><span class=\"wp-caption-text\">Das Mural an der Lenneper Str. 28, das vom niederl\u00e4ndisce Duo &#8222;Studio Giftig&#8220; geschaffen wurde &#8211; \u00a9 Achim Otto<\/span><\/div>\n<p>Sie und ihre Mitstreiter hoffen auf die Spendenbereitschaft der Wuppertaler Gesellschaft und er bergischen Wirtschaft. Valentina Manojlov: \u201eEigentlich f\u00e4ngt die Arbeit jetzt erst richtig an: Wie k\u00f6nnen wir Vermittlungsformate entwickeln, die es den Menschen m\u00f6glich machen \u2013 ob B\u00fcrger oder Besucher \u2013 diese autonom zu erleben, ohne zus\u00e4tzliche Kosten? Wie k\u00f6nnen wir dem Urbanen KunstRaum Wuppertal neue Impulse geben? Daf\u00fcr braucht es einfach Geld, um die geschaffenen Strukturen zu erhalten, aber auch um neue Konzepte zu entwickeln und neue F\u00f6rderantr\u00e4ge zu schreiben. Wir sind ein gemeinn\u00fctziger Verein und eine kleine Truppe, die an einen gro\u00dfen Traum geglaubt hat: Wuppertal can make a Difference! Deswegen freuen wir uns sehr \u00fcber jede Unterst\u00fctzung in Form von Spenden auf das folgende Konto.\u201c <strong>(pp)<\/strong><\/p>\n<div id=\"attachment_84938\" class=\"wp-caption alignnone\" style=\"max-width: 510px;\"><img loading=\"lazy\" decoding=\"async\" class=\"wp-image-84938 size-full\" src=\"\/wp-content\/uploads\/2025\/06\/Studio-Giftig.jpg\" alt=\"\" width=\"500\" height=\"333\" \/><span class=\"wp-caption-text\">Das Duo &#8222;Studio Giftig&#8220; aus Veldhoven (Niederlande): Niels van Swarmen und Kasper van Leek &#8211; \u00a9 wupperone929 UrbanArt e.V.<\/span><\/div>\n<h4>Spendenkonto WupperOne929 UrbanArt e.V.<\/h4>\n<p>Bank: Stadt-Sparkasse Wuppertal<\/p>\n<p>IBAN: DE38330500000009402579<\/p>\n<p>BIC: WUPSDE33XXX<\/p>\n<p><strong>Link zur Webseite \u201eUrbaner Kunstraum\u201c<\/strong><\/p>\n<p><a href=\"http:\/\/www.urbaner-kunstraum.de\">http:\/\/www.urbaner-kunstraum.de<\/a><\/p>\n<div id=\"attachment_84940\" class=\"wp-caption alignnone\" style=\"max-width: 510px;\"><img loading=\"lazy\" decoding=\"async\" class=\"wp-image-84940 size-full\" src=\"\/wp-content\/uploads\/2025\/06\/Valentina-Manojlov-2-1-1.jpg\" alt=\"\" width=\"500\" height=\"380\" \/><span class=\"wp-caption-text\">Valentina Manojlov, Initiatorin von UKW und Voristzendes des Vereins &#8222;wupperone929 UrbanArt e.V.&#8220; &#8211; \u00a9 wupperone929 UrbanArt e.V.<\/span><\/div>\n<p>&nbsp;<\/p>\n<p>&nbsp;<\/p>\n<p>&nbsp;<\/p>\n","protected":false},"excerpt":{"rendered":"<p>Das Wuppertaler Open-Air-Museum \u201eUrbaner Kunstraum Wuppertal\u201c (UKW) w\u00e4chst weiter und wird immer attraktiver. StreetArt-Kunst als hochkar\u00e4tiger Blickfang und Touristen-Magnet. Zwei weitere markante Werke sind so gut wie fertig. Besonders ins Auge f\u00e4llt das Werk von Guido Palmadessa, das verschiedene Gesichter von Pina Bausch abbildet.<\/p>\n","protected":false},"author":7,"featured_media":0,"comment_status":"open","ping_status":"open","sticky":false,"template":"","format":"standard","meta":{"footnotes":""},"categories":[29],"tags":[],"class_list":["post-84932","post","type-post","status-publish","format-standard","hentry","category-kultur"],"publishpress_future_action":{"enabled":false,"date":"2026-05-06 04:21:00","action":"change-status","newStatus":"draft","terms":[],"taxonomy":"category","extraData":[]},"publishpress_future_workflow_manual_trigger":{"enabledWorkflows":[]},"_links":{"self":[{"href":"https:\/\/www.die-stadtzeitung.de\/index.php\/wp-json\/wp\/v2\/posts\/84932","targetHints":{"allow":["GET"]}}],"collection":[{"href":"https:\/\/www.die-stadtzeitung.de\/index.php\/wp-json\/wp\/v2\/posts"}],"about":[{"href":"https:\/\/www.die-stadtzeitung.de\/index.php\/wp-json\/wp\/v2\/types\/post"}],"author":[{"embeddable":true,"href":"https:\/\/www.die-stadtzeitung.de\/index.php\/wp-json\/wp\/v2\/users\/7"}],"replies":[{"embeddable":true,"href":"https:\/\/www.die-stadtzeitung.de\/index.php\/wp-json\/wp\/v2\/comments?post=84932"}],"version-history":[{"count":10,"href":"https:\/\/www.die-stadtzeitung.de\/index.php\/wp-json\/wp\/v2\/posts\/84932\/revisions"}],"predecessor-version":[{"id":84989,"href":"https:\/\/www.die-stadtzeitung.de\/index.php\/wp-json\/wp\/v2\/posts\/84932\/revisions\/84989"}],"wp:attachment":[{"href":"https:\/\/www.die-stadtzeitung.de\/index.php\/wp-json\/wp\/v2\/media?parent=84932"}],"wp:term":[{"taxonomy":"category","embeddable":true,"href":"https:\/\/www.die-stadtzeitung.de\/index.php\/wp-json\/wp\/v2\/categories?post=84932"},{"taxonomy":"post_tag","embeddable":true,"href":"https:\/\/www.die-stadtzeitung.de\/index.php\/wp-json\/wp\/v2\/tags?post=84932"}],"curies":[{"name":"wp","href":"https:\/\/api.w.org\/{rel}","templated":true}]}}