{"id":84715,"date":"2025-06-15T12:51:41","date_gmt":"2025-06-15T10:51:41","guid":{"rendered":"https:\/\/www.die-stadtzeitung.de\/?p=84715"},"modified":"2025-06-15T20:07:01","modified_gmt":"2025-06-15T18:07:01","slug":"kuenstler-shary-von-ueberfall-auf-die-geissens-geschockt","status":"publish","type":"post","link":"https:\/\/www.die-stadtzeitung.de\/index.php\/2025\/06\/15\/kuenstler-shary-von-ueberfall-auf-die-geissens-geschockt\/","title":{"rendered":"K\u00fcnstler Shary von \u00dcberfall auf die Geissens geschockt"},"content":{"rendered":"<div id=\"attachment_84717\" class=\"wp-caption alignnone\" style=\"max-width: 2570px;\"><img loading=\"lazy\" decoding=\"async\" class=\"wp-image-84717 size-full\" src=\"\/wp-content\/uploads\/2025\/06\/PHOTO-2025-04-23-02-34-50-Kopie-scaled-1.jpg\" alt=\"\" width=\"2560\" height=\"1951\" \/><span class=\"wp-caption-text\">Gute Kumpel und erfolgreiche Gesch\u00e4ftspartner: K\u00fcnstler Sharyar &#8222;Shary&#8220; Azhdari (r.) mit Robert Geis &#8211; \u00a9 privat<\/span><\/div>\n<p>Die Gangster wendeten auch sofort rohe Gewalt an, um ihr verbrecherisches Ziel zu erreichen: Die \u00d6ffnung der Tresore in der Villa. Carmen und Robert bekamen am eigenen Leib zu sp\u00fcren, wie ernst die Verbrecher ihre Drohungen meinten: Carmen erlitt W\u00fcrgemale am Hals und eine Schnittwunde. Ehemann Robert wurde mit Tritten in die Rippen maltr\u00e4tiert. Nach erster Diagnose ist eine Rippe angebrochen.<\/p>\n<p>Die R\u00e4uber r\u00e4umten die Tresore leer, stecken weitere Wertsachen ein und schwanden dann in die Dunkelheit. Carmen und Robert hatten Gl\u00fcck im Ungl\u00fcck. Der gemeine \u00dcberfall h\u00e4tte auch noch dramatischer enden k\u00f6nnen. Die Kriminalpolizei untersucht die Villa auf Spuren, das Filmmaterial der \u00dcberwachungskameras wird ausgewertet. Die Fahndung l\u00e4uft.<\/p>\n<h4>Essener Ehepaar war zu Gast bei Carmens Geburtstagsparty<\/h4>\n<p>Der Essener K\u00fcnstler &amp; Architekt Sharyar \u201eShary\u201c Azhdari und seine Ehefrau Azadeh, ebenfalls Architektin, waren total entsetzt, als sie \u00fcber Whatsapp von dem brutalen \u00dcberfall erfuhren. Sie sind seit langem mit Carmen und Robert Geis befreund und waren auch G\u00e4ste der mond\u00e4nen Party zum 60. Wiegenfest von Carmen. W\u00e4hrend der feuchtfr\u00f6hlichen Feier hatte Shary gemeinsam mit den G\u00e4sten ein Bild produziert, das f\u00fcr einen guten Zweck versteigert wird.<\/p>\n<div id=\"attachment_84718\" class=\"wp-caption alignnone\" style=\"max-width: 1317px;\"><img loading=\"lazy\" decoding=\"async\" class=\"wp-image-84718 size-full\" src=\"\/wp-content\/uploads\/2025\/06\/PHOTO-2025-05-05-10-04-46-Kopie.jpg\" alt=\"\" width=\"1307\" height=\"749\" \/><span class=\"wp-caption-text\">Gut gelaunt und verkleidet bei der Geburtags-Party von Carmen Geis: (v.l.) Azadeh Azhdari, Robert Geis, Carmen Geis und Sharyar Azhdari &#8211; \u00a9 privat<\/span><\/div>\n<p>Shary nahm sofort Kontakt zu seinem Freund auf, mit dem er in Sachen Kunst auch gesch\u00e4ftlich verbandelt ist. Der K\u00fcnstler: \u201eDas war f\u00fcr mich und meine Frau ein Riesen- Schock am Morgen. Wir haben sofort unsere Hilfe angeboten \u2013 welche auch immer. Zum Gl\u00fcck ging dieser feige, brutale \u00dcberfall noch einigerma\u00dfen glimpflich aus. Hoffentlich werden die Verbrecher ganz schnell gefasst. Carmen und Robert w\u00fcnschen wir, dass ihre Wunden ganz schnell wieder verheilen.\u201c<\/p>\n<p>Die beliebten Reality-Stars m\u00fcssen diesen n\u00e4chtlichen Schock erst einmal verdauen. Von den k\u00f6rperlichen Verletzungen wird nichts zur\u00fcck bleiben, aber wie tief sind die Narben in ihrer Psyche, das Gef\u00fchl, im eigenen Zuhause nicht mehr sicher zu sein?<\/p>\n<p>Sharyar und Azadeh Azhdari wollen ihre Freunde so bald wie m\u00f6glich in S\u00fcdfrankreich besuchen.<\/p>\n<p><strong>Text Peter Pionke<\/strong><\/p>\n<div id=\"attachment_84721\" class=\"wp-caption alignnone\" style=\"max-width: 850px;\"><img loading=\"lazy\" decoding=\"async\" class=\"wp-image-84721 size-full\" src=\"\/wp-content\/uploads\/2025\/06\/IMG_0222-2.jpg\" alt=\"\" width=\"840\" height=\"495\" \/><span class=\"wp-caption-text\">Carmen Geis (r.) mit Architektin Azadeh Azhdari in der S-Art-Galerie in Essen &#8211; \u00a9 privat<\/span><\/div>\n","protected":false},"excerpt":{"rendered":"<p>Vor wenigen Wochen wurde in der Traum-Villa der Geissens in Saint Tropez (Frankreich) der 60. Geburtstag von Carmen Geis mit einer rauschenden Party und zahlreichen prominente G\u00e4ste gefeiert. Die \u201eG\u00e4ste\u201c, die das beliebte Reality-TV-Paar in der Nacht zu Sonntag (15.06.) besuchten, war alles andere als geladen: Vier brutale, bewaffnete Einbrecher \u00fcberfielen das Ehepaar, das nichtsahnend auf dem Sofa lag.<\/p>\n","protected":false},"author":7,"featured_media":0,"comment_status":"open","ping_status":"open","sticky":false,"template":"","format":"standard","meta":{"footnotes":""},"categories":[19],"tags":[],"class_list":["post-84715","post","type-post","status-publish","format-standard","hentry","category-weitblick"],"publishpress_future_action":{"enabled":false,"date":"2026-05-07 20:17:48","action":"change-status","newStatus":"draft","terms":[],"taxonomy":"category","extraData":[]},"publishpress_future_workflow_manual_trigger":{"enabledWorkflows":[]},"_links":{"self":[{"href":"https:\/\/www.die-stadtzeitung.de\/index.php\/wp-json\/wp\/v2\/posts\/84715","targetHints":{"allow":["GET"]}}],"collection":[{"href":"https:\/\/www.die-stadtzeitung.de\/index.php\/wp-json\/wp\/v2\/posts"}],"about":[{"href":"https:\/\/www.die-stadtzeitung.de\/index.php\/wp-json\/wp\/v2\/types\/post"}],"author":[{"embeddable":true,"href":"https:\/\/www.die-stadtzeitung.de\/index.php\/wp-json\/wp\/v2\/users\/7"}],"replies":[{"embeddable":true,"href":"https:\/\/www.die-stadtzeitung.de\/index.php\/wp-json\/wp\/v2\/comments?post=84715"}],"version-history":[{"count":5,"href":"https:\/\/www.die-stadtzeitung.de\/index.php\/wp-json\/wp\/v2\/posts\/84715\/revisions"}],"predecessor-version":[{"id":84739,"href":"https:\/\/www.die-stadtzeitung.de\/index.php\/wp-json\/wp\/v2\/posts\/84715\/revisions\/84739"}],"wp:attachment":[{"href":"https:\/\/www.die-stadtzeitung.de\/index.php\/wp-json\/wp\/v2\/media?parent=84715"}],"wp:term":[{"taxonomy":"category","embeddable":true,"href":"https:\/\/www.die-stadtzeitung.de\/index.php\/wp-json\/wp\/v2\/categories?post=84715"},{"taxonomy":"post_tag","embeddable":true,"href":"https:\/\/www.die-stadtzeitung.de\/index.php\/wp-json\/wp\/v2\/tags?post=84715"}],"curies":[{"name":"wp","href":"https:\/\/api.w.org\/{rel}","templated":true}]}}