{"id":84708,"date":"2025-06-13T13:54:03","date_gmt":"2025-06-13T11:54:03","guid":{"rendered":"https:\/\/www.die-stadtzeitung.de\/?p=84708"},"modified":"2025-06-13T13:54:03","modified_gmt":"2025-06-13T11:54:03","slug":"eloy-morante-wertvollster-spieler-der-saison-2024-25","status":"publish","type":"post","link":"https:\/\/www.die-stadtzeitung.de\/index.php\/2025\/06\/13\/eloy-morante-wertvollster-spieler-der-saison-2024-25\/","title":{"rendered":"Eloy Morante: Wertvollster Spieler der Saison 2024\/25"},"content":{"rendered":"<div id=\"attachment_84710\" class=\"wp-caption alignnone\" style=\"max-width: 2570px;\"><img loading=\"lazy\" decoding=\"async\" class=\"wp-image-84710 size-full\" src=\"\/wp-content\/uploads\/2025\/06\/Eloy-Morante-12-JC-scaled.jpg\" alt=\"\" width=\"2560\" height=\"1706\" \/><span class=\"wp-caption-text\">Eloy Morante Maldonado: Aufsteiger, Meister, Torsch\u00fctzenk\u00f6nig, wertvollster Spieler der Saison &#8211; mrht geht wirklich nicht &#8211; \u00a9 Archivfoto Jochen Classen<\/span><\/div>\n<p>Der 27j\u00e4hrige verwies im Fan-Voting mit gro\u00dfem Vorsprung die Konkurrenten Alexander Weck und Malte Semisch auf die Pl\u00e4tze.<\/p>\n<p>Mit 230 Toren, 95 Assists und 14 Steals war Morante der bestimmende Spieler bei den L\u00f6wen. Neben dem Wiederaufstieg und dem Meistertitel hat der Spielmacher noch einen Grund zum Feiern: Er konnte sich die Torj\u00e4gerkrone der 2. Handball-Bundesliga aufsetzen.<\/p>\n<p><strong>Die beeindruckenden Werte des MVP (Most Valuable Player \u2013 wertvollster Spieler) 2024\/25:<\/strong><\/p>\n<p>25 Tempogegensto\u00df-Tore<\/p>\n<p>29 Siebenmetertreffer (Wurfquote 85%)<\/p>\n<p>230 Tore mit \u00fcber 70% Wurfquote<\/p>\n<p>14 Steals (vom Gegner eroberte B\u00e4lle)<\/p>\n<p>95 Assists<\/p>\n<p>HPI (Handball Performance Index) 79<\/p>\n<p><strong>Das Endergebnis zur Wahl des Spielers der Saison 2024\/25 in der 2. Handball-Bundesliga:<\/strong><\/p>\n<p>01. Eloy Morante Maldonado (Bergischer HC) \u2013 33,3 % der Stimmen<\/p>\n<p>02. Alexander Weck (GWD Minden) \u2013 16,1 % der Stimmen<\/p>\n<p>03. Malte Semisch (GWD Minden) \u2013 15,7 % der Stimmen<\/p>\n<p>04. Aron Seesing (Bergischer HC) \u2013 12,4 % der Stimmen<\/p>\n<p>05. Jan von Boenigk (VfL Eintracht Hagen) \u2013 9,3 % der Stimmen<\/p>\n<p>06. Sascha Pfattheicher (HBW Balingen-Weilstetten) \u2013 9,1 % der Stimmen<\/p>\n<p>07. Noah Beyer (Bergischer HC) \u2013 4,1 % der Stimmen<\/p>\n<p><strong>Link zur Webseite des BHC:<\/strong><\/p>\n<p><a href=\"http:\/\/www.bhc06.de\">http:\/\/www.bhc06.de<\/a><\/p>\n","protected":false},"excerpt":{"rendered":"<p>Was f\u00fcr eine Saison f\u00fcr Eloy Morante Maldonado! Der R\u00fcckraumspieler des Bergischen HC ist jetzt zum wertvollsten Spieler der Saison 2024\/25 in der 2. Handball-Bundesliga gew\u00e4hlt worden.<\/p>\n","protected":false},"author":7,"featured_media":0,"comment_status":"open","ping_status":"open","sticky":false,"template":"","format":"standard","meta":{"footnotes":""},"categories":[20],"tags":[],"class_list":["post-84708","post","type-post","status-publish","format-standard","hentry","category-sport"],"publishpress_future_action":{"enabled":false,"date":"2026-05-07 06:31:43","action":"change-status","newStatus":"draft","terms":[],"taxonomy":"category","extraData":[]},"publishpress_future_workflow_manual_trigger":{"enabledWorkflows":[]},"_links":{"self":[{"href":"https:\/\/www.die-stadtzeitung.de\/index.php\/wp-json\/wp\/v2\/posts\/84708","targetHints":{"allow":["GET"]}}],"collection":[{"href":"https:\/\/www.die-stadtzeitung.de\/index.php\/wp-json\/wp\/v2\/posts"}],"about":[{"href":"https:\/\/www.die-stadtzeitung.de\/index.php\/wp-json\/wp\/v2\/types\/post"}],"author":[{"embeddable":true,"href":"https:\/\/www.die-stadtzeitung.de\/index.php\/wp-json\/wp\/v2\/users\/7"}],"replies":[{"embeddable":true,"href":"https:\/\/www.die-stadtzeitung.de\/index.php\/wp-json\/wp\/v2\/comments?post=84708"}],"version-history":[{"count":3,"href":"https:\/\/www.die-stadtzeitung.de\/index.php\/wp-json\/wp\/v2\/posts\/84708\/revisions"}],"predecessor-version":[{"id":84712,"href":"https:\/\/www.die-stadtzeitung.de\/index.php\/wp-json\/wp\/v2\/posts\/84708\/revisions\/84712"}],"wp:attachment":[{"href":"https:\/\/www.die-stadtzeitung.de\/index.php\/wp-json\/wp\/v2\/media?parent=84708"}],"wp:term":[{"taxonomy":"category","embeddable":true,"href":"https:\/\/www.die-stadtzeitung.de\/index.php\/wp-json\/wp\/v2\/categories?post=84708"},{"taxonomy":"post_tag","embeddable":true,"href":"https:\/\/www.die-stadtzeitung.de\/index.php\/wp-json\/wp\/v2\/tags?post=84708"}],"curies":[{"name":"wp","href":"https:\/\/api.w.org\/{rel}","templated":true}]}}