{"id":84702,"date":"2025-06-13T13:15:37","date_gmt":"2025-06-13T11:15:37","guid":{"rendered":"https:\/\/www.die-stadtzeitung.de\/?p=84702"},"modified":"2025-06-13T13:15:37","modified_gmt":"2025-06-13T11:15:37","slug":"keine-langeweile-spannende-ferienkurse-in-der-junior-uni","status":"publish","type":"post","link":"https:\/\/www.die-stadtzeitung.de\/index.php\/2025\/06\/13\/keine-langeweile-spannende-ferienkurse-in-der-junior-uni\/","title":{"rendered":"Keine Langeweile: Spannende Ferienkurse in der Junior Uni"},"content":{"rendered":"<div id=\"attachment_84703\" class=\"wp-caption alignnone\" style=\"max-width: 1930px;\"><img loading=\"lazy\" decoding=\"async\" class=\"wp-image-84703 size-full\" src=\"\/wp-content\/uploads\/2025\/06\/Spannende-Sommerferien-in-der-Junior-Uni.jpg\" alt=\"\" width=\"1920\" height=\"1280\" \/><span class=\"wp-caption-text\">Der Kurs \u201eLumos! Zauberei im Licht der Wissenschaft\u201c verbindet Fantasie und Forschung \u2013 und zeigt, wie sich Ph\u00e4nomene aus der Welt von Harry Potter naturwissenschaftlich erkl\u00e4ren lassen &#8211; \u00a9\u00a0Junior Uni Wuppertal \/ Thorsten Cronauge<\/span><\/div>\n<p>Vier- bis sechsj\u00e4hrige Studentinnen und Studenten entdecken im Kurs \u201eKling, Klang &amp; Co- Abenteuer in der Welt des H\u00f6rens\u201c spielerisch die Welt der Kl\u00e4nge. Sie erfahren, warum man bei T\u00f6nen auch von Wellen spricht und bauen ein eigenes Schnurtelefon. Im Zentrum steht das bewusste Erleben des Wahrnehmens &#8211; insbesondere des H\u00f6rens &#8211; sowie eine altersgerechte wissenschaftliche Einf\u00fchrung in die Akustik.<\/p>\n<p>Sieben- bis zehnj\u00e4hrige Nachwuchsdesigner entwerfen im Kurs \u201eKunst als Dankesch\u00f6n \u2013 Skulpturen f\u00fcr die Heldinnen und Helden des Ehrenamts\u201c eigene Skulpturen, die im November an ehrenamtlich aktive Deutschlandstipendiaten der Bergischen Universit\u00e4t im Rahmen einer Veranstaltung feierlich \u00fcbergeben werden.<\/p>\n<h4>Aktionstag &#8222;Wupper erleben&#8220;<\/h4>\n<p>Ein besonderer Kurs im Ferienprogramm ist in diesem Sommer der Aktionstag \u201eWupper erleben\u201c am 14. August, der in Kooperation mit dem Wupperverband stattfindet. An diesem Tag k\u00f6nnen 100 Nachwuchsforscher im Alter von sieben bis zehn Jahren Umweltschutz praxisnah erleben. Sie erforschen gemeinsam die Tier- und Pflanzenwelt der Wupper, messen die Wasserqualit\u00e4t, erfahren wie Staud\u00e4mme funktionieren und erleben Umweltschutz praxisnah und mit allen Sinnen.<\/p>\n<p>Im Kurs \u201eReality Check: Ein Leben mit Behinderung(en)\u201c besch\u00e4ftigen sich elf bis 14-j\u00e4hrige Studentinnen und Studenten mit den Herausforderungen und Einschr\u00e4nkungen, die Menschen mit Handicap in ihrem Alltag begleiten. Sie machen sich Gedanken dazu, wie Inklusion gelingen kann und finden heraus, was sich Menschen mit Behinderungen f\u00fcr ihren Alltag w\u00fcnschen.<\/p>\n<div id=\"attachment_38392\" class=\"wp-caption alignnone\" style=\"max-width: 2570px;\"><img loading=\"lazy\" decoding=\"async\" class=\"size-full wp-image-38392\" src=\"\/wp-content\/uploads\/2021\/06\/01003065-01-scaled.jpeg\" alt=\"\" width=\"2560\" height=\"1732\" \/><span class=\"wp-caption-text\">Die Junior Uni &#8211; bunt wie ihr Bildungsangebot &#8211; Im Vordergrund die vom weltber\u00fchmten Bildhauer Tony Cragg gestiftete Skulptur &#8211; \u00a9 Achim Otto<\/span><\/div>\n<p>In Kooperation mit der Polizei Wuppertal setzen sich Jugendliche ab 14 Jahren im Kurs \u201eGewalt verstehen &#8211; stark reagieren\u201c mit Gewalt auseinander und lernen Pr\u00e4ventionsma\u00dfnahmen sowie Strategien im Umgang mit Gewalt unter Jugendlichen kennen.<\/p>\n<p>Wieder mit im Ferienprogramm ist auch der beliebte \u201eGameJam\u201c f\u00fcr alle ab 14 Jahren. Vom 15. bis 17. August designen und programmieren Jugendliche in kleinen Gruppen ein eigenes Computerspiel, das sie anschlie\u00dfend den anderen Teilnehmerinnen und Teilnehmern pr\u00e4sentieren. Ein tolles Wochenende f\u00fcr alle Computerbegeisterten.<\/p>\n<h4>Offener Ganztag ist fester Bestandteil<\/h4>\n<p>Fester Bestandteil in diesen Ferien sind erneut die Tageskurse f\u00fcr Einrichtungen des Offenen Ganztags. Sie wurden speziell f\u00fcr die Ferienbetreuung an Grundschulen entwickelt und erm\u00f6glichen Kindern spannende Erfahrungen zu verschiedenen Themen. Diese Kurse k\u00f6nnen von den Einrichtungen direkt und ohne Losverfahren gebucht werden.<\/p>\n<p>Alle Kurse werden am Mittwoch (18.06.) auf der Website der Junior Uni ver\u00f6ffentlicht. Der Anmeldezeitraum f\u00fcr das offene Kursprogramm l\u00e4uft von Mittwoch (18.06.) 1Juni bis Montag (23.06.) jeweils 10 Uhr. Danach werden die Pl\u00e4tze per Losverfahren vergeben. Restpl\u00e4tze k\u00f6nnen anschlie\u00dfend nat\u00fcrlich weiterhin unter junioruni-wuppertal.de gebucht werden.<\/p>\n<p>Fragen rund um die Kursbuchung beantwortet das Team der Junior Uni zu den \u00d6ffnungszeiten telefonisch unter 0202 430439 \u20130 sowie per E-Mail an info@junioruni-wuppertal.de.<\/p>\n<p><strong>Link zur Webseite der Junior Uni:<\/strong><\/p>\n<p><a href=\"http:\/\/www.junioruni-wuppertal.de\">http:\/\/www.junioruni-wuppertal.de<\/a><\/p>\n<p>&nbsp;<\/p>\n<p>&nbsp;<\/p>\n<p>&nbsp;<\/p>\n","protected":false},"excerpt":{"rendered":"<p>Langeweile in den Sommerferien \u2013 von wegen! Die Junior Uni Wuppertal l\u00e4dt Kinder und Jugendliche im Alter von vier bis 20 Jahren ein, die Welt der Wissenschaft auf spannende Weise zu entdecken. Mit \u00fcber 120 abwechslungsreichen Kursen, neuen Formaten und besonderen Highlights ist f\u00fcr jede Altersgruppe etwas dabei.<\/p>\n","protected":false},"author":7,"featured_media":0,"comment_status":"open","ping_status":"open","sticky":false,"template":"","format":"standard","meta":{"footnotes":""},"categories":[27],"tags":[],"class_list":["post-84702","post","type-post","status-publish","format-standard","hentry","category-wissen"],"publishpress_future_action":{"enabled":false,"date":"2026-05-06 12:35:37","action":"change-status","newStatus":"draft","terms":[],"taxonomy":"category","extraData":[]},"publishpress_future_workflow_manual_trigger":{"enabledWorkflows":[]},"_links":{"self":[{"href":"https:\/\/www.die-stadtzeitung.de\/index.php\/wp-json\/wp\/v2\/posts\/84702","targetHints":{"allow":["GET"]}}],"collection":[{"href":"https:\/\/www.die-stadtzeitung.de\/index.php\/wp-json\/wp\/v2\/posts"}],"about":[{"href":"https:\/\/www.die-stadtzeitung.de\/index.php\/wp-json\/wp\/v2\/types\/post"}],"author":[{"embeddable":true,"href":"https:\/\/www.die-stadtzeitung.de\/index.php\/wp-json\/wp\/v2\/users\/7"}],"replies":[{"embeddable":true,"href":"https:\/\/www.die-stadtzeitung.de\/index.php\/wp-json\/wp\/v2\/comments?post=84702"}],"version-history":[{"count":4,"href":"https:\/\/www.die-stadtzeitung.de\/index.php\/wp-json\/wp\/v2\/posts\/84702\/revisions"}],"predecessor-version":[{"id":84707,"href":"https:\/\/www.die-stadtzeitung.de\/index.php\/wp-json\/wp\/v2\/posts\/84702\/revisions\/84707"}],"wp:attachment":[{"href":"https:\/\/www.die-stadtzeitung.de\/index.php\/wp-json\/wp\/v2\/media?parent=84702"}],"wp:term":[{"taxonomy":"category","embeddable":true,"href":"https:\/\/www.die-stadtzeitung.de\/index.php\/wp-json\/wp\/v2\/categories?post=84702"},{"taxonomy":"post_tag","embeddable":true,"href":"https:\/\/www.die-stadtzeitung.de\/index.php\/wp-json\/wp\/v2\/tags?post=84702"}],"curies":[{"name":"wp","href":"https:\/\/api.w.org\/{rel}","templated":true}]}}