{"id":84695,"date":"2025-06-13T10:07:53","date_gmt":"2025-06-13T08:07:53","guid":{"rendered":"https:\/\/www.die-stadtzeitung.de\/?p=84695"},"modified":"2025-07-02T09:40:43","modified_gmt":"2025-07-02T07:40:43","slug":"charles-petersohn-kommt-in-die-alte-glaserei","status":"publish","type":"post","link":"https:\/\/www.die-stadtzeitung.de\/index.php\/2025\/06\/13\/charles-petersohn-kommt-in-die-alte-glaserei\/","title":{"rendered":"Charles Petersohn: Kommt in die Alte Glaserei!"},"content":{"rendered":"<div>\n<div id=\"attachment_77116\" class=\"wp-caption alignnone\" style=\"max-width: 1473px;\"><img loading=\"lazy\" decoding=\"async\" class=\"size-full wp-image-77116\" src=\"\/wp-content\/uploads\/2024\/08\/Charles-Petersohn-@-Anita-Muminovic.jpg\" alt=\"\" width=\"1463\" height=\"1096\" \/><span class=\"wp-caption-text\">Der Wuppertaler Multi-K\u00fcnstler, Musiker, Komponist, DJ Charles Petersohn &#8211; \u00a9 Anita Muminovic<\/span><\/div>\n<\/div>\n<div>\n<div>\n<p>&#8222;Nach dem tollen Zu Zu Abend mit Band, Lichtkunst, Fotoshow und DJ im Pina Bausch Zentrum war eine kurze Pause n\u00f6tig.<\/p>\n<p>Trotz meiner langen Erfahrung als Veranstalter habe ich dieses Ausma\u00df an flie\u00dfender Energie w\u00e4hrend der Vorbereitung, beim Konzert und danach selten erlebt. Ein echtes Highlight. Danke an alle, die daran mitgewirkt haben. Insbesondere drei Leuten, die diesen Abend in dieser Qualit\u00e4t erm\u00f6glicht haben: Mariam Tarkian, Bettina Milz und Michael Th\u00f6ne!<\/p>\n<p>Am n\u00e4chsten Freitag (20. Juni) um 18 Uhr geht es weiter. Die Freunde von Out And About \u2013 OAA haben mich eingeladen, in der Alten Glaserei parallel zur Ausstellung DON&#8217;T WORRY Musik zu machen. Gef\u00fchlt lange her, dass ich alleine aufgelegt habe.<\/p>\n<p>Wer dort noch nicht war, sollte unbedingt dabei sein. Der Ort ist sehr speziell. Ger\u00e4umige Ausstellungsfl\u00e4che in der Halle, Chill Area auf der Trasse und noch besser, der Hof der Alten Glaserei. Tolle &#8222;kleine&#8220; Oase mit speziellem Flair und Felsen an der R\u00fcckwand.<\/p>\n<p>Musikalisch werde ich mich von K nach DD nach CP bewegen. Kunstmusik, Deep Dancemusic und einige Tracks meiner neuen EP Children Of Zu Zu. In welcher Reihenfolge, entscheiden wie fast immer die Atmosph\u00e4re des Ortes und die G\u00e4ste, also Ihr!<\/p>\n<p>Alle Infos zur Alten Glaserei, zu OAA #15 und zum DJ Set unten verstecken sich hinter den Links<\/p>\n<p>Check it in&#8220;<\/p>\n<p><strong>Euer Charles Petersohn<\/strong><\/p>\n<p>&nbsp;<\/p>\n<p><a href=\"https:\/\/oaa15.jimdofree.com\/o-a-a\/p-r-o-g-r-a-m-m\/20-06-25\/\">OAA DJ-SET<\/a><\/p>\n<p><a href=\"https:\/\/oaa15.jimdofree.com\/o-a-a\/p-r-o-g-r-a-m-m\/\">OAA #15 &#8211; DON&#8217;T WORRY &#8211; PROGRAMM<\/a><\/p>\n<p><a href=\"https:\/\/www.google.de\/maps\/place\/Alte+Glaserei+-+Forum+an+der+Nordbahntrasse\/@51.2673682,7.1411924,17z\/data=!3m1!4b1!4m6!3m5!1s0x47b8d7d5bab5e233:0x4192424af367d424!8m2!3d51.2673649!4d7.1437727!16s%2Fg%2F11rgv0xcq0?entry=ttu&amp;g_ep=EgoyMDI1MDYxMC4xIKXMDSoASAFQAw%3D%3D\">ALTE GLASEREI<\/a><\/p>\n<p>&nbsp;<\/p>\n<\/div>\n<\/div>\n","protected":false},"excerpt":{"rendered":"<p>Charles Petersohn, Musiker, Komponist, DJ, Moderator, l\u00e4sst seine Fans in seiner Kolumne regelm\u00e4ssig an seiner k\u00fcnstlerischen und musikalischen Gef\u00fchlswelt teilhaben. Und er macht auch auf Veranstaltungen aufmerksam, bei denen er oder seine Musik-Kolleginnen und -Kollegen f\u00fcr das coole Feeling und den Groove sorgen.<\/p>\n","protected":false},"author":7,"featured_media":0,"comment_status":"open","ping_status":"open","sticky":false,"template":"","format":"standard","meta":{"footnotes":""},"categories":[29],"tags":[],"class_list":["post-84695","post","type-post","status-publish","format-standard","hentry","category-kultur"],"publishpress_future_action":{"enabled":false,"date":"2026-05-05 19:29:09","action":"change-status","newStatus":"draft","terms":[],"taxonomy":"category","extraData":[]},"publishpress_future_workflow_manual_trigger":{"enabledWorkflows":[]},"_links":{"self":[{"href":"https:\/\/www.die-stadtzeitung.de\/index.php\/wp-json\/wp\/v2\/posts\/84695","targetHints":{"allow":["GET"]}}],"collection":[{"href":"https:\/\/www.die-stadtzeitung.de\/index.php\/wp-json\/wp\/v2\/posts"}],"about":[{"href":"https:\/\/www.die-stadtzeitung.de\/index.php\/wp-json\/wp\/v2\/types\/post"}],"author":[{"embeddable":true,"href":"https:\/\/www.die-stadtzeitung.de\/index.php\/wp-json\/wp\/v2\/users\/7"}],"replies":[{"embeddable":true,"href":"https:\/\/www.die-stadtzeitung.de\/index.php\/wp-json\/wp\/v2\/comments?post=84695"}],"version-history":[{"count":6,"href":"https:\/\/www.die-stadtzeitung.de\/index.php\/wp-json\/wp\/v2\/posts\/84695\/revisions"}],"predecessor-version":[{"id":84701,"href":"https:\/\/www.die-stadtzeitung.de\/index.php\/wp-json\/wp\/v2\/posts\/84695\/revisions\/84701"}],"wp:attachment":[{"href":"https:\/\/www.die-stadtzeitung.de\/index.php\/wp-json\/wp\/v2\/media?parent=84695"}],"wp:term":[{"taxonomy":"category","embeddable":true,"href":"https:\/\/www.die-stadtzeitung.de\/index.php\/wp-json\/wp\/v2\/categories?post=84695"},{"taxonomy":"post_tag","embeddable":true,"href":"https:\/\/www.die-stadtzeitung.de\/index.php\/wp-json\/wp\/v2\/tags?post=84695"}],"curies":[{"name":"wp","href":"https:\/\/api.w.org\/{rel}","templated":true}]}}