{"id":84621,"date":"2025-06-05T19:44:40","date_gmt":"2025-06-05T17:44:40","guid":{"rendered":"https:\/\/www.die-stadtzeitung.de\/?p=84621"},"modified":"2025-06-16T09:45:37","modified_gmt":"2025-06-16T07:45:37","slug":"kunstwerk-festival-kunst-trifft-musik-in-der-alten-malzfabrik","status":"publish","type":"post","link":"https:\/\/www.die-stadtzeitung.de\/index.php\/2025\/06\/05\/kunstwerk-festival-kunst-trifft-musik-in-der-alten-malzfabrik\/","title":{"rendered":"KunstWerk Festival: Kunst trifft Musik in der alten Malzfabrik"},"content":{"rendered":"<div id=\"attachment_77793\" class=\"wp-caption alignnone\" style=\"max-width: 2570px;\"><img loading=\"lazy\" decoding=\"async\" class=\"wp-image-77793 size-full\" src=\"\/wp-content\/uploads\/2024\/09\/Pressefoto_Christian_von_Grumbkow-scaled.jpg\" alt=\"\" width=\"2560\" height=\"1749\" \/><span class=\"wp-caption-text\">Der erfolgreiche Wuppertaler Maler Christian von Grumbkow &#8211; \u00a9 privat<\/span><\/div>\n<p>Das Geb\u00e4ude einer alten Malzfabrik bietet inzwischen sieben K\u00fcnstlerinnen und K\u00fcnstlern nicht nur Platz zum Erschaffen ihrer Werke, sondern mit den unterschiedlichen, atmosph\u00e4rischen R\u00e4umen auch die Gelegenheit, diese wirkungsvoll zu pr\u00e4sentieren.<\/p>\n<p>Kleine Kammern, hohe R\u00e4ume und der alte, k\u00fchle Bruchsteinkeller wirken auch auf die eingeladenen Musikerinnen und Musiker inspirierend. Am Samstagabend gibt die Formation CO3 ein Kellerkonzert unter dem Titel &#8222;freie Musik im Schein einer Stehlampe&#8220;, und am Sonntag erwarten Sie verschiedene musikalische Interventionen in der Ausstellung: Improvisationen auf Didgeridoo und Handpan, sowie Pop- und Neo-Soul Chansons vom Isa Reis Trio.<\/p>\n<p><strong>Es stellen aus:<\/strong><\/p>\n<p>Andreas Bausch &#8211; Malerei<br \/>\nS\u00f6nke Faltien\u00a0 &#8211; Fotografie<\/p>\n<p>Corinna Granich &#8211; Skulpturen<br \/>\nMartin Langer\u00a0 &#8211; Skulpturen<br \/>\nKirsten Radermacher\u00a0 &#8211; Fotografie<br \/>\nGabriele Reckhard &#8211; Fotografie<br \/>\nTransformation Wuppertal\u00a0 &#8211; Zukunftskunst<\/p>\n<p><strong>Gastk\u00fcnstler:<\/strong><br \/>\nChristian von Grumbkow\u00a0 &#8211; Malerei<br \/>\nKatja Pl\u00f6tz \u2013 Glaskunst &amp; Malerei<\/p>\n<div id=\"attachment_84671\" class=\"wp-caption alignnone\" style=\"max-width: 2570px;\"><img loading=\"lazy\" decoding=\"async\" class=\"wp-image-84671 size-full\" src=\"\/wp-content\/uploads\/2025\/06\/Martin-Langer-2-Kopie-scaled.jpg\" alt=\"\" width=\"2560\" height=\"1315\" \/><span class=\"wp-caption-text\">Martin Langer vor seinen &#8222;Artefakten&#8220; &#8211; \u00a9 Martin Langer<\/span><\/div>\n<p><strong>Programm:<\/strong><\/p>\n<p>Samstag &#8211; 14.6.2025:<\/p>\n<p>19 Uhr &#8211; Konzert im k\u00fchlen S\u00e4ulenkeller:<\/p>\n<p>CO3 &#8211; freie Musik im Schein einer Stehlampe<\/p>\n<p>Sonntag &#8211; 15.6.2025:<\/p>\n<p>Musikalische Interventionen in der Ausstellung:<\/p>\n<p>14 Uhr: Marvin Dillmann &#8211; Didgeridoo<\/p>\n<p>15 Uhr: pan.bastardo &#8211; Improvisationen auf der Handpan<\/p>\n<p>16 Uhr: Isa Reise Trio \u2013 Pop- und Neo-Soul<\/p>\n<p>KunstWerk Wuppertal &#8211; Hagener Str. 53\u00a0 &#8211; 42277 Wuppertal<\/p>\n<p>Der Eintritt zu allen Veranstaltungen ist frei.<\/p>\n<p>\u00d6ffnungszeiten der Ausstellung:<\/p>\n<p>Sa 14.6.2025:\u00a0\u00a0 14 bis 19 Uhr<\/p>\n<p>So 15.6.2025:\u00a0\u00a0 12 bis 18 Uhr<\/p>\n<div id=\"attachment_84626\" class=\"wp-caption alignnone\" style=\"max-width: 2570px;\"><img loading=\"lazy\" decoding=\"async\" class=\"wp-image-84626 size-full\" src=\"\/wp-content\/uploads\/2025\/06\/KunstWerk-Wuppertal-c-Martin-Langer-scaled.jpg\" alt=\"\" width=\"2560\" height=\"1975\" \/><span class=\"wp-caption-text\">Die alte Malzfabrik an der Hagener Strasse ist heute Heimat des &#8222;KunstWerks Wuppertal&#8220; &#8211; \u00a9 KunstWerk Wuppertal<\/span><\/div>\n<p>Das alte Geb\u00e4ude ist leider nicht barrierefrei. Wer Fragen hat oder Hilfe ben\u00f6tigt, erh\u00e4lt diese unter folgenden Kontakten:<\/p>\n<p>Kontakt:\u00a0 Tel\u00a0 0157-87 465 363 &#8211; info@martin-langer.net &#8211; www.martin-langer.net<\/p>\n<p><strong>Die K\u00fcnstlerinnen und K\u00fcnstler:<\/strong><\/p>\n<p><strong>Andreas Bausch<\/strong> erkundet in seiner Malerei Begriffe des Bildraums. Im Prozess zahlreicher Arbeitsg\u00e4nge entsteht landschaftliche Weite. Die Weite und Einsamkeit wird von Durchblicken auf andere formale Ebenen unterbrochen. Sie stellen Fragen der Introspektion am sublimen Ort des Existierens.<\/p>\n<p><a href=\"http:\/\/www.andreasbausch.de\">http:\/\/www.andreasbausch.de<\/a><\/p>\n<p>Die fotografischen Arbeiten von <strong>S\u00f6nke Faltien<\/strong> untersuchen Orte und Begegnungen, denen eine Ambivalenz von Erwartung und Erinnerung innewohnt. Sie bewegen sich in den L\u00fccken von dem, was wir vermeintlich wissen und dem, was wir zu kennen erhoffen. Dieses Spannungsverh\u00e4ltnis findet auch in der Arbeit in der eigenen Dunkelkammer seinen Ausdruck. Hier wird analog experimentiert, um dem Dialog von erf\u00fcllter Hoffnung und positiver Entt\u00e4uschung Form zu geben.<\/p>\n<p>Schwarz, Pink, Neonrot oder leuchtende Blaut\u00f6ne\u2026 <strong>Christian v. Grumbkows<\/strong> neuere, emotionale Farbfeldmalerei ist Ausdruck und Spiegel seiner Auseinandersetzung mit den ihn und uns umtreibenden Gegenwartsthemen, ohne dabei illustrativ oder gegenst\u00e4ndlich zu werden.<\/p>\n<p><a href=\"http:\/\/www.grumbkow-colors.de\">http:\/\/www.grumbkow-colors.de<\/a><\/p>\n<div id=\"attachment_84627\" class=\"wp-caption alignnone\" style=\"max-width: 2570px;\"><img loading=\"lazy\" decoding=\"async\" class=\"wp-image-84627 size-full\" src=\"\/wp-content\/uploads\/2025\/06\/Artefakte-1-von-Martin-Langer--scaled.jpg\" alt=\"\" width=\"2560\" height=\"1672\" \/><span class=\"wp-caption-text\">Werke, die beim &#8222;KunstWerk Festival&#8220; vom Bildhauer Martin Langer ausgestellt sind &#8211; \u00a9 Martin Langer<\/span><\/div>\n<p>&#8222;Artefakte&#8220; nennt der Bildhauer <strong>Martin Langer s<\/strong>eine aus verschiedenen H\u00f6lzern gefertigten Skulpturen. Mit ihren verschlissenen Oberfl\u00e4chen wirken sie wie alte Gebrauchsgegenst\u00e4nde unbekannter Kulturen. In seinen &#8222;Labor&#8220; und &#8222;Archiv&#8220; genannten R\u00e4umen f\u00fchlt man sich versetzt in ein ethnologisches Museum vergangener Zeiten.<\/p>\n<p><a href=\"http:\/\/www.martin-langer.net\">http:\/\/www.martin-langer.net<\/a><\/p>\n<p>Die K\u00f6lner K\u00fcnstlerin <strong>Katja Pl\u00f6tz<\/strong> zeigt farbig gestaltete Leinw\u00e4nde mit geschmolzenen und gesandstrahlten Gl\u00e4sern bedeckt, in die Fundst\u00fccke eingearbeitet sind. Die Farben korrespondieren mit den Strukturen im Glas. Da die Sammler- und Miniunikate im Block h\u00e4ngen, klingen sie miteinander in unterschiedlichen Harmonien. Gestisch auf das Papier geschleuderte Farben ihrer Aquarell-Grafiken ergeben vage Formen, die mit Punktfeldern, Schriftst\u00fccken und Linien gezielt gefasst werden. Eine Serie, die in der Coronazeit begann und derzeit immer noch Fortsetzungen findet.<\/p>\n<p><a href=\"http:\/\/katjaploetz.jimdofree.com\">http:\/\/katjaploetz.jimdofree.com<\/a><\/p>\n<p>Die K\u00fcnstlerin <strong>Kirsten Radermacher<\/strong> schafft mit ihren fotografischen Arbeiten assoziative Verbindungen. Sie ver\u00e4ndert die Materialit\u00e4t und lotet dabei die M\u00f6glichkeiten der Fotografie an den Grenzen zur Malerei und Objektkunst aus.<\/p>\n<p><a href=\"http:\/\/www.radermacher.photography\">http:\/\/www.radermacher.photography<\/a><\/p>\n<p>Die Fotodesignerin <strong>Gabriele Reckhard<\/strong> zieht Ende Mai ins KunstWerk ein und wird am Festival-Wochenende ihr neues Atelier er\u00f6ffnen; sie zeigt Arbeiten unter dem Thema \u201earea under construction\u201c. Au\u00dferdem pr\u00e4sentiert sie ihr Upcycling-Projekt \u201eUnik(a)rte\u201c, mit dem sie alten Foto-Abz\u00fcgen aus dem letzten Jahrhundert neues Leben einhaucht.<\/p>\n<div id=\"attachment_84628\" class=\"wp-caption alignnone\" style=\"max-width: 1510px;\"><img loading=\"lazy\" decoding=\"async\" class=\"wp-image-84628 size-full\" src=\"\/wp-content\/uploads\/2025\/06\/KunstWerk-Festival_2_c-Kirsten_Radermacher.jpg\" alt=\"\" width=\"1500\" height=\"883\" \/><span class=\"wp-caption-text\">Eine spannende Gemeinschaftsausstellung in der hohen Halle \u2013 \u00a9 Kirsten Radermacher<\/span><\/div>\n<p>Der Zukunftsraum im Kunstwerk ist ein Ort f\u00fcr kreative Zukunftsgestaltung und Visionsentwicklung. Die Zukunft wird in diesem Raum zum k\u00fcnstlerischen Prozess und l\u00e4dt zu Beteiligung und Austausch ein. Die Mobilit\u00e4t von morgen, Oberbarmen in 2045, eine Neue \u00d6konomie &#8211; in Bildern und Graphiken zeigen Liesbeth Bakker, Eileen Wylicil, Kathrin Schwarz \u00a0und Jan Koemmet vom Projekt Transformation Wuppertal, dass unsere Welt, auch Wuppertal, voller M\u00f6glichkeiten ist!<\/p>\n<p><a href=\"http:\/\/www.transformation-wuppertal.de\">http:\/\/www.transformation-wuppertal.de<\/a><\/p>\n<p><strong>Die Musikerinnen und Musiker:\u00a0<\/strong><\/p>\n<p><strong>CO3 &#8211; freie Musik im Schein einer Stehlampe<\/strong><\/p>\n<p>Samstag &#8211;\u00a0 14.6.2025 &#8211; 19:00 Uhr<\/p>\n<p>Vom Klang inspiriert entsteht ohne Vorgabe Musik aus dem Moment.<\/p>\n<p>Das \u00fcberraschend Zuf\u00e4llige ist Anlass f\u00fcr st\u00e4ndigen Wandel &#8211; ein Fluss freier Entfaltung mit unbekanntem Ziel, neu und immer anders&#8230;<\/p>\n<p>Andreas Wagner:\u00a0 Saxophon &#8211; Klarinette &#8211; Bass<\/p>\n<p>Adrian Wellmann: &#8211; Keyboard &#8211; Synthesizer &#8211; Bass &#8211; Gitarre<\/p>\n<p>Dustin Kopischke: Bass &#8211; Gitarre &#8211; Synthesizer<\/p>\n<p>Andreas Bausch: &#8211; Schlagzeug &#8211; Stimme<\/p>\n<div id=\"attachment_84634\" class=\"wp-caption alignnone\" style=\"max-width: 2570px;\"><img loading=\"lazy\" decoding=\"async\" class=\"wp-image-84634 size-full\" src=\"\/wp-content\/uploads\/2025\/06\/Artefakte-3-von-Martin-Langer-cc-scaled.jpg\" alt=\"\" width=\"2560\" height=\"1631\" \/><span class=\"wp-caption-text\">Artefakte, die beim &#8222;KunstWerk Festival&#8220; vom Bildhauer Martin Langer zu sehen sind &#8211; \u00a9 Martin Langer<\/span><\/div>\n<p><strong>Marvin Dillmann &#8211;\u00a0 Didgeridoo<\/strong><\/p>\n<p>Sonntag &#8211; 15.6.2025 &#8211; 14:00 Uhr<\/p>\n<p>fasziniert sein Publikum mit seinem hochenergetischen Spiel: perkussiv, mitrei\u00dfend, variantenreich und hypnotisch. Sein einzigartiger Stil gibt dem Didgeridoo, dem traditionellen Instrument der australischen Ureinwohner, eine neue Perspektive. Sein musikalisches Einf\u00fchlungsverm\u00f6gen zeigt sich auch in seinen zahlreichen und sehr unterschiedlichen Fusionen.<\/p>\n<p>Dillmann gilt heute als einer der vielseitigsten zeitgen\u00f6ssischen Didgeridoospieler.<\/p>\n<p><a href=\"https:\/\/linktr.ee\/marvin.dillmann\">https:\/\/linktr.ee\/marvin.dillmann<\/a><\/p>\n<p><strong>pan.bastardo &#8211; handpan<\/strong><\/p>\n<p>Sonntag &#8211; 15.6.2025 &#8211; 15:00 Uhr<\/p>\n<p>pan.bastardo ist Handpan- und Percussion-Musiker. Seine Handpan-Kl\u00e4nge sind freie Improvisationen aus stark rhythmischen und getragenen melodischen Musikelementen. Dabei l\u00e4sst er sich stets von der ihn zum Zeitpunkt des Spiels umgebenden Atmosph\u00e4re zu neuen Klangfolgen inspirieren.<\/p>\n<p><a href=\"http:\/\/www.panbastardo.de\">http:\/\/www.panbastardo.de<\/a><\/p>\n<div id=\"attachment_84625\" class=\"wp-caption alignnone\" style=\"max-width: 1787px;\"><img loading=\"lazy\" decoding=\"async\" class=\"wp-image-84625 size-full\" src=\"\/wp-content\/uploads\/2025\/06\/KunstWerk-Festival_1_c-Kisten_Radermacher.jpg\" alt=\"\" width=\"1777\" height=\"901\" \/><span class=\"wp-caption-text\">Auch im athmosph\u00e4rischen S\u00e4ulenkeller trifft Kunst auf Musik \u2013 \u00a9 Kirsten Radermacher<\/span><\/div>\n<p><strong>Isa Reise Trio &#8211; Pop- und Neo-Soul<\/strong><\/p>\n<p>Sonntag &#8211; 15.6.2025 &#8211; 16:00 Uhr<\/p>\n<p>Isabella Reise \u2013 Gesang<\/p>\n<p>Axel Sardemann \u2013 Bass<\/p>\n<p>Wolfgang Voswinkel \u2013 Piano<\/p>\n<p>Das k\u00fcrzlich gegr\u00fcndete Trio zeichnet sich durch charmante und exquisite Neuinterpretationen von Songs u.a. aus dem Pop- und Neo-Soul-Bereich aus<\/p>\n<p>&nbsp;<\/p>\n<p>&nbsp;<\/p>\n","protected":false},"excerpt":{"rendered":"<p>Die K\u00fcnstlerinnen und K\u00fcnstler der \u201eKunstWerkstatt Wuppertal\u201c lassen sich beim &#8222;KunstWerk-Festival&#8220; am Wochenende 14. und 15.06. in ihren Ateliers \u00fcber die Schulter schauen gew\u00e4hren einen Einblick in ihr k\u00fcnstlerisches Schaffen, bereichert durch die Werke zweier Gastk\u00fcnstler und untermalt von vielf\u00e4ltigen, musikalische Darbietungen.\u00a0<\/p>\n","protected":false},"author":7,"featured_media":0,"comment_status":"open","ping_status":"open","sticky":false,"template":"","format":"standard","meta":{"footnotes":""},"categories":[29],"tags":[],"class_list":["post-84621","post","type-post","status-publish","format-standard","hentry","category-kultur"],"publishpress_future_action":{"enabled":false,"date":"2026-05-10 14:24:15","action":"change-status","newStatus":"draft","terms":[],"taxonomy":"category","extraData":[]},"publishpress_future_workflow_manual_trigger":{"enabledWorkflows":[]},"_links":{"self":[{"href":"https:\/\/www.die-stadtzeitung.de\/index.php\/wp-json\/wp\/v2\/posts\/84621","targetHints":{"allow":["GET"]}}],"collection":[{"href":"https:\/\/www.die-stadtzeitung.de\/index.php\/wp-json\/wp\/v2\/posts"}],"about":[{"href":"https:\/\/www.die-stadtzeitung.de\/index.php\/wp-json\/wp\/v2\/types\/post"}],"author":[{"embeddable":true,"href":"https:\/\/www.die-stadtzeitung.de\/index.php\/wp-json\/wp\/v2\/users\/7"}],"replies":[{"embeddable":true,"href":"https:\/\/www.die-stadtzeitung.de\/index.php\/wp-json\/wp\/v2\/comments?post=84621"}],"version-history":[{"count":16,"href":"https:\/\/www.die-stadtzeitung.de\/index.php\/wp-json\/wp\/v2\/posts\/84621\/revisions"}],"predecessor-version":[{"id":84752,"href":"https:\/\/www.die-stadtzeitung.de\/index.php\/wp-json\/wp\/v2\/posts\/84621\/revisions\/84752"}],"wp:attachment":[{"href":"https:\/\/www.die-stadtzeitung.de\/index.php\/wp-json\/wp\/v2\/media?parent=84621"}],"wp:term":[{"taxonomy":"category","embeddable":true,"href":"https:\/\/www.die-stadtzeitung.de\/index.php\/wp-json\/wp\/v2\/categories?post=84621"},{"taxonomy":"post_tag","embeddable":true,"href":"https:\/\/www.die-stadtzeitung.de\/index.php\/wp-json\/wp\/v2\/tags?post=84621"}],"curies":[{"name":"wp","href":"https:\/\/api.w.org\/{rel}","templated":true}]}}