{"id":84480,"date":"2025-06-03T12:45:43","date_gmt":"2025-06-03T10:45:43","guid":{"rendered":"https:\/\/www.die-stadtzeitung.de\/?p=84480"},"modified":"2025-06-05T12:45:55","modified_gmt":"2025-06-05T10:45:55","slug":"neuer-chefarzt-fuer-das-interdisziplinaere-notfallzentrum","status":"publish","type":"post","link":"https:\/\/www.die-stadtzeitung.de\/index.php\/2025\/06\/03\/neuer-chefarzt-fuer-das-interdisziplinaere-notfallzentrum\/","title":{"rendered":"Neuer Chefarzt f\u00fcr das Interdisziplin\u00e4re Notfallzentrum"},"content":{"rendered":"<div id=\"attachment_84481\" class=\"wp-caption alignnone\" style=\"max-width: 2010px;\"><img loading=\"lazy\" decoding=\"async\" class=\"size-full wp-image-84481\" src=\"\/wp-content\/uploads\/2025\/06\/NFZ-Windmoeller-Begruessung.jpg\" alt=\"\" width=\"2000\" height=\"1358\" \/><span class=\"wp-caption-text\">Neuer Chefarzt f\u00fcr das Interdisziplin\u00e4re Notfallzentrum (NFZ): Sebastian Windm\u00f6ller \u00fcbernimmt Leitung am Helios Universit\u00e4tsklinikum Wuppertal (HUKW) &#8211; \u00a9 Helios Universit\u00e4tsklinikum Wuppertal (Michael Mutzberg)<\/span><\/div>\n<p>Die medizinische Laufbahn f\u00fchrte ihn zun\u00e4chst als Assistenzarzt in die Zentrale Notaufnahme (ZNA) des Klinikums L\u00fcdenscheid und anschlie\u00dfend in das Gemeinschaftskrankenhaus Herdecke. Es folgten Stationen in der Allgemeinmedizin sowie eine freiberufliche T\u00e4tigkeit als Notarzt und Dozent. Im Mai 2019 \u00fcbernahm er die Funktion des Oberarztes der ZNA des Klinikums L\u00fcdenscheid, seit Juli 2019 ist er zudem als Leitender Notarzt im Ennepe-Ruhr-Kreis t\u00e4tig.<\/p>\n<p>Zum Jahresbeginn 2020 wechselte Windm\u00f6ller als Leitender Oberarzt nach Wuppertal, wo er als Standortleiter die Zentrale Notaufnahme am Krankenhaus St. Josef verantwortete. Ab 2021 gr\u00fcndete und leitete er die neu geschaffene Klinik f\u00fcr Akut- und Notfallmedizin im Evangelischen Krankenhaus Duisburg des Klinikverbunds Niederrhein (EVKLN), die er aus einer zuvor rein funktionalen Notaufnahme heraus aufbaute.<\/p>\n<h4>Sebastian Windm\u00f6ller bringt viel Erfahrung mit<\/h4>\n<p>Zuletzt war er ab 2023 als Chefarzt am Klinikum Westm\u00fcnsterland besch\u00e4ftigt, wo er mit seinem Team unter anderem den Aufbau und die Zertifizierung des dortigen Cardiac Arrest Centers, eine spezielle Notaufnahme f\u00fcr Patienten mit Herz-Kreislauf-Stillstand, sowie die Gr\u00fcndung einer \u201ezentralen Aufnahmestation\u201c durchf\u00fchrte.<\/p>\n<p>Windm\u00f6ller tritt mit klaren strategischen Zielen an: Die strukturierte Fort- und Weiterbildung aller Berufsgruppen im Notfallzentrum soll weiter ausgebaut und auf einem hohen Niveau etabliert werden. Ein besonderer Fokus liegt auf der Einf\u00fchrung einer standardisierten, nicht-traumatologischen Schockraumversorgung sowie der konsequenten Anwendung moderner und innovativer Verfahren in der Notfall- und Akutmedizin.<\/p>\n<div id=\"attachment_48671\" class=\"wp-caption alignnone\" style=\"max-width: 737px;\"><img loading=\"lazy\" decoding=\"async\" class=\"size-full wp-image-48671\" src=\"\/wp-content\/uploads\/2020\/07\/csm_Raphael-Dr-Holger_04_13490479a9.jpeg\" alt=\"\" width=\"727\" height=\"484\" \/><span class=\"wp-caption-text\">Klinik-Gesch\u00e4ftsf\u00fchrer Dr. Holger Raphael &#8211; \u00a9 Helios Universit\u00e4tsklinikum Wuppertal<\/span><\/div>\n<p>Dar\u00fcber hinaus m\u00f6chte er die Notfallsonografie als diagnostisches Instrument im \u00e4rztlichen Dienst gezielt geschult und fl\u00e4chendeckend einsetzen. Die pflegerischen Teams m\u00f6chte er durch die gezielte F\u00f6rderung von Eigenverantwortung st\u00e4rken. Auch die vertrauensvolle Zusammenarbeit mit dem Rettungsdienst soll auf bestehender guter Praxis weiterentwickelt und noch enger verzahnt werden.<\/p>\n<p>\u201eIch freue mich darauf, gemeinsam mit meinem engagierten Team die Notfallversorgung am Standort Wuppertal weiterzuentwickeln\u201c, so Chefarzt Sebastian Windm\u00f6ller. \u201eEine qualitativ hochwertige Notfallmedizin braucht neben moderner Ausstattung vor allem gut ausgebildete, verantwortungsbewusste Fachkr\u00e4fte, \u00fcber alle Berufsgruppen hinweg. Deshalb setzen wir gezielt auf strukturierte Weiterbildung, klare Abl\u00e4ufe und eine starke interprofessionelle Zusammenarbeit.\u201c<\/p>\n<h4>Kompetente Versorgung auf \u00fcberregionalem Niveau<\/h4>\n<p>Prof. Patrick Haage, \u00e4rztlicher Direktor am HUKW, begr\u00fc\u00dft die Verst\u00e4rkung im Team: \u201eUnser Notfallzentrum ist die zentrale Eingangspforte f\u00fcr unsere Patienten \u2013 hier arbeiten alle Fachbereiche interdisziplin\u00e4r zusammen, um rund um die Uhr eine schnelle und kompetente Versorgung auf \u00fcberregionalem Niveau sicherzustellen. Chefarzt Windm\u00f6ller vereint langj\u00e4hrige Erfahrung, hohe F\u00fchrungskompetenz und strategisches Verst\u00e4ndnis, genau das, was es braucht, um die Notfallmedizin patientenzentriert und zukunftsgerichtet zu gestalten.\u201c<\/p>\n<p>Klinikgesch\u00e4ftsf\u00fchrer Dr. Holger Raphael schlie\u00dft sich an: \u201eWir freuen uns sehr, mit Sebastian Windm\u00f6ller einen ebenso erfahrenen wie engagierten Notfallmediziner f\u00fcr unser Haus gewonnen zu haben\u201c.<\/p>\n<p>&nbsp;<\/p>\n<p>&nbsp;<\/p>\n<p>&nbsp;<\/p>\n<p>&nbsp;<\/p>\n","protected":false},"excerpt":{"rendered":"<p>Sebastian Windm\u00f6ller ist neuer Chefarztes des Interdisziplin\u00e4ren Notfallzentrums (NFZ) am Helios Universit\u00e4tsklinikum Wuppertal. Mit seiner langj\u00e4hrigen Erfahrung in der Notfallmedizin sowie im strategischen Auf- und Ausbau interdisziplin\u00e4rer Strukturen bringt er umfassende klinische Expertise in die Leitung ein.<\/p>\n","protected":false},"author":7,"featured_media":0,"comment_status":"open","ping_status":"open","sticky":false,"template":"","format":"standard","meta":{"footnotes":""},"categories":[27],"tags":[],"class_list":["post-84480","post","type-post","status-publish","format-standard","hentry","category-wissen"],"publishpress_future_action":{"enabled":false,"date":"2026-05-06 10:21:26","action":"change-status","newStatus":"draft","terms":[],"taxonomy":"category","extraData":[]},"publishpress_future_workflow_manual_trigger":{"enabledWorkflows":[]},"_links":{"self":[{"href":"https:\/\/www.die-stadtzeitung.de\/index.php\/wp-json\/wp\/v2\/posts\/84480","targetHints":{"allow":["GET"]}}],"collection":[{"href":"https:\/\/www.die-stadtzeitung.de\/index.php\/wp-json\/wp\/v2\/posts"}],"about":[{"href":"https:\/\/www.die-stadtzeitung.de\/index.php\/wp-json\/wp\/v2\/types\/post"}],"author":[{"embeddable":true,"href":"https:\/\/www.die-stadtzeitung.de\/index.php\/wp-json\/wp\/v2\/users\/7"}],"replies":[{"embeddable":true,"href":"https:\/\/www.die-stadtzeitung.de\/index.php\/wp-json\/wp\/v2\/comments?post=84480"}],"version-history":[{"count":3,"href":"https:\/\/www.die-stadtzeitung.de\/index.php\/wp-json\/wp\/v2\/posts\/84480\/revisions"}],"predecessor-version":[{"id":84484,"href":"https:\/\/www.die-stadtzeitung.de\/index.php\/wp-json\/wp\/v2\/posts\/84480\/revisions\/84484"}],"wp:attachment":[{"href":"https:\/\/www.die-stadtzeitung.de\/index.php\/wp-json\/wp\/v2\/media?parent=84480"}],"wp:term":[{"taxonomy":"category","embeddable":true,"href":"https:\/\/www.die-stadtzeitung.de\/index.php\/wp-json\/wp\/v2\/categories?post=84480"},{"taxonomy":"post_tag","embeddable":true,"href":"https:\/\/www.die-stadtzeitung.de\/index.php\/wp-json\/wp\/v2\/tags?post=84480"}],"curies":[{"name":"wp","href":"https:\/\/api.w.org\/{rel}","templated":true}]}}