{"id":84471,"date":"2025-06-03T11:48:34","date_gmt":"2025-06-03T09:48:34","guid":{"rendered":"https:\/\/www.die-stadtzeitung.de\/?p=84471"},"modified":"2025-06-05T11:48:44","modified_gmt":"2025-06-05T09:48:44","slug":"beim-campus-sommerfest-uni-ehrte-ihre-spitzensportler","status":"publish","type":"post","link":"https:\/\/www.die-stadtzeitung.de\/index.php\/2025\/06\/03\/beim-campus-sommerfest-uni-ehrte-ihre-spitzensportler\/","title":{"rendered":"Beim Campus-Sommerfest: Uni ehrte ihre Spitzensportler"},"content":{"rendered":"<div id=\"attachment_84475\" class=\"wp-caption alignnone\" style=\"max-width: 860px;\"><img loading=\"lazy\" decoding=\"async\" class=\"size-full wp-image-84475\" src=\"\/wp-content\/uploads\/2025\/06\/csm__DSC3930_6087011ea2-1.jpg\" alt=\"\" width=\"850\" height=\"534\" \/><span class=\"wp-caption-text\">Beim Campus-Sommerfest der Bergischen Uni wurden die Spitzensportlerinnen und Spitzensportler geehrt &#8211; \u00a9 Foto Friederike von Heyden<\/span><\/div>\n<p>Abgerundet wurde die Ehrung durch den Empfang der World University Games-Fackel \u2013 die Olympischen Spiele der Studierenden finden im Juli in der Rhein-Ruhr-Region statt, als Partneruniversit\u00e4t fiebert die Bergische Uni auf dieses sportliche wie kulturelle Gro\u00dfereignis hin.<\/p>\n<p>Zwei Karrieren unter einen Hut zu bringen, das ist nicht immer einfach: Die Leistungssportler der Bergischen Universit\u00e4t bew\u00e4ltigen neben ihrem Studium auch noch Trainingslager, Vorbereitungswettk\u00e4mpfe und Meisterschaften \u2013 und feiern dabei gro\u00dfe Erfolge. \u201eDiese doppelte Karriere f\u00fchren sie nicht immer im Fokus der \u00d6ffentlichkeit, umso mehr freut es uns, ihnen heute diese besondere B\u00fchne bieten zu k\u00f6nnen\u201c, er\u00f6ffnete der Spitzensportbeauftrage der Universit\u00e4t, Prof. Michael Fallgatter, die Begr\u00fc\u00dfung der Geehrten im Rahmen des Campus Sommerfestes.<\/p>\n<p>\u201eIch begl\u00fcckw\u00fcnsche die studierenden Spitzensportlerinnen und Spitzensportler der Bergischen Universit\u00e4t Wuppertal herzlich zu ihren Erfolgen. Ihre hervorragenden Leistungen sind hart erarbeitet und erk\u00e4mpft. Der Sportsgeist und die Leidenschaft, mit denen sie nicht nur sportliche Herausforderungen meistern, sind vorbildlich und zeigen, dass es m\u00f6glich ist, akademische Ziele und sportliche H\u00f6chstleistungen miteinander zu verbinden\u201c, betonte NRW-Staatssekret\u00e4rin Andrea Milz, die der Einladung zur Ehrung gerne gefolgt war, um ihre Worte pers\u00f6nlich an die Sportler*innen zu richten.<\/p>\n<p>Der Pr\u00e4sident des LSB NRW, Stefan Klett, lobte das Engagement und die Wertsch\u00e4tzung f\u00fcr den Sport, die die Bergische Universit\u00e4t mit einer so prominent platzierten Ehrung im Rahmen des Sommerfests und dar\u00fcber hinaus demonstriert. \u201eNRW wird im Juli ein toller Gastgeber f\u00fcr die World University Games sein!\u201c<\/p>\n<p>Im Rahmen der Campus Sommerfests wurden folgende Sportlerinnen und Sportler ausgezeichnet:<\/p>\n<p><strong>Aaron B\u00f6rkei<\/strong> wurde mit seinem Rollhockey-Team Deutscher Vize-Meister und Deutscher Vize-Pokalsieger.<\/p>\n<p>Im Rahmen der World Skate Games gelang den Rollhockeyspielerinnen <strong>Annika Zech<\/strong> und <strong>Yolanda Kahmann<\/strong> mit ihrem Team der Sieg beim Intercontinental Championship (B-Weltmeisterschaft) in Novara (Italien).<\/p>\n<p><strong>Ayna Pollok, Denise Schmitz<\/strong> und <strong>Katharina Wagner<\/strong> nahmen an der Deutschen Hochschulmeisterschaft im Fechten teil und belegten vor Ort in Heidelberg den zweiten Platz im Teamwettbewerb.<\/p>\n<p><strong>Christos Pintsis<\/strong> wurde Deutscher Mannschaftsmeister im Judo.<\/p>\n<p>Taekwondoka <strong>Dardan Pllana<\/strong> qualifizierte sich f\u00fcr die European Universities Games im ungarischen Miskolc.<\/p>\n<p>Schwimmer <strong>Emre Demirdas<\/strong> sammelte Erfolge bei den Deutschen Kurzbahnmeisterschaften in Wuppertal: erster Platz \u00fcber 4&#215;50 Meter Freistil mixed sowie zweimal dritter Platz \u00fcber 4&#215;50 Meter Lagen mixed und 4&#215;50 Meter Lagen M\u00e4nner.<\/p>\n<p><strong>Franziska Ritter<\/strong> wurde in Hamburg Deutsche Meisterin im Speedklettern.<\/p>\n<p><strong>Jan Sauerbier<\/strong> nahm an der Floorball-Weltmeisterschaft in Malm\u00f6 (Schweden) teil.<\/p>\n<p>Handballerin <strong>Lena Lindemann<\/strong> belegte mit ihrem Team den f\u00fcnften Platz bei der U18-Weltmeisterschaft in China.<\/p>\n<p>Leichtathlet <strong>Lennart Roos<\/strong> wurde in Duisburg deutscher Hochschulmeister 2024 \u00fcber 400 Meter H\u00fcrden.<\/p>\n<p>Auch Linus Bader sicherte sich den Titel Deutscher Meister im Speedklettern.<\/p>\n<p><strong>Maximilian Z\u00f6llner<\/strong> blickt auf mehrere Erfolge im Kanurennsport zur\u00fcck: zweiter Platz im Achter-Canadier \u00fcber 200 Meter, zweimal dritter Platz im Einer-Canadier \u00fcber 5.000 Meter und im Zweier-Canadier \u00fcber 1.000 Meter bei den Deutschen Meisterschaften in Brandenburg an der Havel; zudem reiste er zu den World University Championships in Montemor-o-Velho (Portugal), wo er im Einer-Canadier \u00fcber 5.000 Meter auf den dritten Platz fuhr.<\/p>\n<p><strong>Victoria Krause<\/strong> wurde Deutsche Meisterin im Speerwurf, den Titel sicherte sie sich bei den Deutschen (Winterwurf-)Meisterschaften in Halle (Saale).<\/p>\n<p>Seit 2006 unterst\u00fctzt die Bergische Universit\u00e4t als \u201ePartnerhochschule des Spitzensports\u201c studierende Spitzensportlerinnen und Spitzensportler bei ihrer dualen Karriere. Initiiert wurde das Projekt 1999 mit verschiedenen Partnern vom Allgemeinen Deutschen Hochschulsportverband (adh). Im Rahmen dieser Kooperationsvereinbarungen werden derzeit circa 1.200 studierende Spitzensportlerinnen und Spitzensportler an \u00fcber 110 adh-Mitgliedshochschulen begleitet.<\/p>\n<p>Weitere Infos zum Thema Partnerhochschule des Spitzensports gibt es auf der <a href=\"https:\/\/unisport.uni-wuppertal.de\/de\/unisport\/spitzensport\/\">Webseite des UniSports<\/a>.<\/p>\n<p>Weitere Infos zum Thema Partneruniversit\u00e4t der World Univerity Games gibt es auf der <a href=\"https:\/\/unisport.uni-wuppertal.de\/de\/wug-2025\/\">Event-Webseite<\/a> des UniSports.<\/p>\n<p>&nbsp;<\/p>\n","protected":false},"excerpt":{"rendered":"<p>Das Campus Sommerfest wurde zur Jubelfeier f\u00fcr die Spitzensportlerinnen und Spitzensportler der Bergischen Universit\u00e4t. Andrea Milz, NRW-Staatssekret\u00e4rin f\u00fcr Ehrenamt und Sport, und Stefan Klett, Pr\u00e4sident des Landessportbundes Nordrhein-Westfalen (LSB NRW), ehrten die Protagonisten f\u00fcr ihre herausragenden Leistungen.<\/p>\n","protected":false},"author":7,"featured_media":0,"comment_status":"open","ping_status":"open","sticky":false,"template":"","format":"standard","meta":{"footnotes":""},"categories":[27],"tags":[],"class_list":["post-84471","post","type-post","status-publish","format-standard","hentry","category-wissen"],"publishpress_future_action":{"enabled":false,"date":"2026-05-06 17:39:02","action":"change-status","newStatus":"draft","terms":[],"taxonomy":"category","extraData":[]},"publishpress_future_workflow_manual_trigger":{"enabledWorkflows":[]},"_links":{"self":[{"href":"https:\/\/www.die-stadtzeitung.de\/index.php\/wp-json\/wp\/v2\/posts\/84471","targetHints":{"allow":["GET"]}}],"collection":[{"href":"https:\/\/www.die-stadtzeitung.de\/index.php\/wp-json\/wp\/v2\/posts"}],"about":[{"href":"https:\/\/www.die-stadtzeitung.de\/index.php\/wp-json\/wp\/v2\/types\/post"}],"author":[{"embeddable":true,"href":"https:\/\/www.die-stadtzeitung.de\/index.php\/wp-json\/wp\/v2\/users\/7"}],"replies":[{"embeddable":true,"href":"https:\/\/www.die-stadtzeitung.de\/index.php\/wp-json\/wp\/v2\/comments?post=84471"}],"version-history":[{"count":3,"href":"https:\/\/www.die-stadtzeitung.de\/index.php\/wp-json\/wp\/v2\/posts\/84471\/revisions"}],"predecessor-version":[{"id":84476,"href":"https:\/\/www.die-stadtzeitung.de\/index.php\/wp-json\/wp\/v2\/posts\/84471\/revisions\/84476"}],"wp:attachment":[{"href":"https:\/\/www.die-stadtzeitung.de\/index.php\/wp-json\/wp\/v2\/media?parent=84471"}],"wp:term":[{"taxonomy":"category","embeddable":true,"href":"https:\/\/www.die-stadtzeitung.de\/index.php\/wp-json\/wp\/v2\/categories?post=84471"},{"taxonomy":"post_tag","embeddable":true,"href":"https:\/\/www.die-stadtzeitung.de\/index.php\/wp-json\/wp\/v2\/tags?post=84471"}],"curies":[{"name":"wp","href":"https:\/\/api.w.org\/{rel}","templated":true}]}}