{"id":84426,"date":"2025-06-01T20:31:12","date_gmt":"2025-06-01T18:31:12","guid":{"rendered":"https:\/\/www.die-stadtzeitung.de\/?p=84426"},"modified":"2025-06-06T13:49:37","modified_gmt":"2025-06-06T11:49:37","slug":"bhc-von-nur-wenigen-fans-auf-dem-rathausbalkon-gefeiert","status":"publish","type":"post","link":"https:\/\/www.die-stadtzeitung.de\/index.php\/2025\/06\/01\/bhc-von-nur-wenigen-fans-auf-dem-rathausbalkon-gefeiert\/","title":{"rendered":"BHC von nur wenigen Fans auf dem Rathausbalkon gefeiert"},"content":{"rendered":"<div id=\"attachment_84429\" class=\"wp-caption alignnone\" style=\"max-width: 2570px;\"><img loading=\"lazy\" decoding=\"async\" class=\"wp-image-84429 size-full\" src=\"\/wp-content\/uploads\/2025\/06\/Classen-03-06-2025-051-scaled.jpg\" alt=\"\" width=\"2560\" height=\"1707\" \/><span class=\"wp-caption-text\">Der Bundesliga-Aufsteiger und Zweitligameister Bergischer HC wurde im Rathaus geehrt: (v.) Sportdezernent Matthias Nocke, Dezernentin Sandra Zeh, die BHC-Trainer Markus P\u00fctz und Arnor Thor Gunnarsson sowie Oberb\u00fcrgermeister Dr. Uwe Schneidewind &#8211; \u00a9 Jochen Classen<\/span><\/div>\n<p>Immerhin war die Feier am Dienstagnachmittag gut gemeint. Ein Empfang f\u00fcr einen bergischen Verein, der einen Teil seiner Heimspiele in der Uni-Halle austr\u00e4gt und dessen Gro\u00dfteil der Hauptsponsoren aus Wuppertal kommt. Ein Verdienst des f\u00fcrs Marketing zust\u00e4ndigen BHC-Gesch\u00e4ftsf\u00fchrers Philipp Tychy, der fr\u00fcher beim Fu\u00dfball-Regionalligisten Wuppertaler SV bei der Akquise von Sponsoren ebenso erfolgreich war.<\/p>\n<p>Noch-OB Uwe Schneidewind und FDP-Mann Marcel Haffke gingen kurz vor dem Aufstieg in die \u00d6ffentlichkeit, um erneut f\u00fcr eine seit vielen Jahren geforderte Sport-Arena in Wuppertal zu pl\u00e4dieren. Der Bergische HC, entstanden durch die Fusion des LTV Wuppertal und der SG Solingen, wurde jetzt nach einer direkten R\u00fcckkehr in die Handball-Bundesliga \u00a0auf dem Rathausbalkon in Wuppertal-Barmen geehrt, ein Ort, der sonst nur f\u00fcr ganz wenige Sportler im Tal vorbehalten war.<\/p>\n<div id=\"attachment_84430\" class=\"wp-caption alignnone\" style=\"max-width: 2570px;\"><img loading=\"lazy\" decoding=\"async\" class=\"wp-image-84430 size-full\" src=\"\/wp-content\/uploads\/2025\/06\/Classen-03-06-2025-025-scaled.jpg\" alt=\"\" width=\"2560\" height=\"1462\" \/><span class=\"wp-caption-text\">Empfang f\u00fcr die BHC-Aufstiegshelden im Barmer Rathaus &#8211; \u00a9 Jochen Classen<\/span><\/div>\n<p>Zum Beispiel f\u00fcr die WSV-Kicker nach den Aufstiegen 1972 in die 1. und 1992 in die 2. Bundesliga. Tausende feierten damals auf dem Rathausvorplatz die Fu\u00dfballhelden.<\/p>\n<h4>Aufsteiger BHC verliert vor Gericht<\/h4>\n<p>Noch l\u00e4uft die Saison in der 2. Bundesliga. Die souver\u00e4ne R\u00fcckkehr in die Bundesliga und die Zweitliga-Meisterschaft stehen nach einer langen Siegesserie fest. Doch die Freude beim BHC wurde getr\u00fcbt durch die aktuelle Nachricht aus der Solinger BHC-Gesch\u00e4ftsstelle, dass der Rechtsstreit mit Ex-Trainer Jamal Naji auch in zweiter Distanz verloren wurde. Der BHC war der irrigen Ansicht, dass mit dem Abstieg aus der Bundesliga der bis 2028 abgeschlossene Vertrag mit dem Ex-Trainer automatisch beendet w\u00e4re.<\/p>\n<p>Doch Jamal Naji, der inzwischen als Handball-Experte beim TV-Sender DYN einen guten Job macht, zog wie erwartet vor das Arbeitsgericht und bekam Recht. Das Urteil wurde jetzt vom Landesarbeitsgericht in D\u00fcsseldorf best\u00e4tigt. Das bedeutet, dass der BHC Jamal Naji weiter das vertraglich vereinbarte Gehalt zahlen muss, insgesamt soll es um den stolzen Betrag von einer halben Million Euro gehen.<\/p>\n<div id=\"attachment_84431\" class=\"wp-caption alignnone\" style=\"max-width: 2570px;\"><img loading=\"lazy\" decoding=\"async\" class=\"wp-image-84431 size-full\" src=\"\/wp-content\/uploads\/2025\/06\/Classen-03-06-2025-083-scaled.jpg\" alt=\"\" width=\"2560\" height=\"1413\" \/><span class=\"wp-caption-text\">Die erfolgreichen Handballer des BHC zeigten sich auch auf dem Rathaus-Balkon &#8211; leider jubelte ihnen nicht sehr viele Fans zu &#8211; \u00a9 Jochen Classen<\/span><\/div>\n<p>Hinzu kommt auch noch das Gehalt f\u00fcr Co-Trainer Peer P\u00fctz, der auch gegen den Bergischen HC vor das Arbeitsgericht gezogen ist. Auch er hatte in erster Instanz in Solingen Recht bekommen. Die Ligaklausel, nach der sein Vertrag nur in der 1.\u2005Handball-Bundesliga G\u00fcltigkeit hat, erkl\u00e4rte das Gericht f\u00fcr unwirksam.<\/p>\n<p>Das Urteil wurde vom Landesarbeitsgericht D\u00fcsseldorf best\u00e4tigt, die Revision ist zugelassen. Im Unterschied zu Jamal Naji, der einen Kontrakt bis Juni 2028 hat, geht es bei Peer P\u00fctz um eine Laufzeit bis Sommer 2026.<\/p>\n<p>\u00dcbrigens: Wie im Berufungsprozess bei Naji monierte das Gericht auch bei P\u00fctz Formfehler im Vertrag.<\/p>\n<p><strong>Text: Manfred Osenberg\u00a0<\/strong><\/p>\n","protected":false},"excerpt":{"rendered":"<p>Peinlich und traurig zugleich! Nur eine Handvoll Fans waren gekommen, um den Bundesliga-R\u00fcckkehrer auf dem Rathausbalkon zu feiern. Die BHC-Handballer machten trotzdem gute Miene zum b\u00f6sen Spiel. Und Wuppertals Oberb\u00fcrgermeister Uwe Schneidewind, der die Delegation aus Solingen in Wuppertals guter Stube empfangen hat, l\u00e4chelte ebenso gequ\u00e4lt wie Matthias Nocke, der im Tal f\u00fcr Kultur und Sport zust\u00e4ndig ist.<\/p>\n","protected":false},"author":7,"featured_media":0,"comment_status":"open","ping_status":"open","sticky":false,"template":"","format":"standard","meta":{"footnotes":""},"categories":[20],"tags":[],"class_list":["post-84426","post","type-post","status-publish","format-standard","hentry","category-sport"],"publishpress_future_action":{"enabled":false,"date":"2026-05-06 17:41:25","action":"change-status","newStatus":"draft","terms":[],"taxonomy":"category","extraData":[]},"publishpress_future_workflow_manual_trigger":{"enabledWorkflows":[]},"_links":{"self":[{"href":"https:\/\/www.die-stadtzeitung.de\/index.php\/wp-json\/wp\/v2\/posts\/84426","targetHints":{"allow":["GET"]}}],"collection":[{"href":"https:\/\/www.die-stadtzeitung.de\/index.php\/wp-json\/wp\/v2\/posts"}],"about":[{"href":"https:\/\/www.die-stadtzeitung.de\/index.php\/wp-json\/wp\/v2\/types\/post"}],"author":[{"embeddable":true,"href":"https:\/\/www.die-stadtzeitung.de\/index.php\/wp-json\/wp\/v2\/users\/7"}],"replies":[{"embeddable":true,"href":"https:\/\/www.die-stadtzeitung.de\/index.php\/wp-json\/wp\/v2\/comments?post=84426"}],"version-history":[{"count":5,"href":"https:\/\/www.die-stadtzeitung.de\/index.php\/wp-json\/wp\/v2\/posts\/84426\/revisions"}],"predecessor-version":[{"id":84446,"href":"https:\/\/www.die-stadtzeitung.de\/index.php\/wp-json\/wp\/v2\/posts\/84426\/revisions\/84446"}],"wp:attachment":[{"href":"https:\/\/www.die-stadtzeitung.de\/index.php\/wp-json\/wp\/v2\/media?parent=84426"}],"wp:term":[{"taxonomy":"category","embeddable":true,"href":"https:\/\/www.die-stadtzeitung.de\/index.php\/wp-json\/wp\/v2\/categories?post=84426"},{"taxonomy":"post_tag","embeddable":true,"href":"https:\/\/www.die-stadtzeitung.de\/index.php\/wp-json\/wp\/v2\/tags?post=84426"}],"curies":[{"name":"wp","href":"https:\/\/api.w.org\/{rel}","templated":true}]}}