{"id":84192,"date":"2025-05-18T09:50:53","date_gmt":"2025-05-18T07:50:53","guid":{"rendered":"https:\/\/www.die-stadtzeitung.de\/?p=84192"},"modified":"2025-05-27T08:22:28","modified_gmt":"2025-05-27T06:22:28","slug":"bhc-jagt-in-luebeck-die-eigene-bestmarke","status":"publish","type":"post","link":"https:\/\/www.die-stadtzeitung.de\/index.php\/2025\/05\/18\/bhc-jagt-in-luebeck-die-eigene-bestmarke\/","title":{"rendered":"BHC jagt in L\u00fcbeck die eigene Bestmarke"},"content":{"rendered":"<div id=\"attachment_82753\" class=\"wp-caption alignnone\" style=\"max-width: 2570px;\"><img loading=\"lazy\" decoding=\"async\" class=\"size-full wp-image-82753\" src=\"\/wp-content\/uploads\/2025\/04\/Gunnarsson-Puetz-3-JC-scaled.jpg\" alt=\"\" width=\"2560\" height=\"1706\" \/><span class=\"wp-caption-text\">Ein kongeniales Duo &#8211; das BHC-Trainergespann Arnor Thor Gunnarsson (l.) und Markus P\u00fctz. Die beiden Coaches wollen ihre Mannschaft auch in L\u00fcbeck zum Sieg f\u00fchren\u00a0 &#8211; \u00a9 Archivfoto Jochen Classen<\/span><\/div>\n<p>Die L\u00fcbecker sind aktuell obenauf. Durch einen 37:36-Sieg bei Bayer Dormagen, den die Hansest\u00e4dter erst nach dem Schlusspfiff durch einen direkt verwandelten Freiwurf sicherstellten, hat die Mannschaft den vorletzten Tabellenplatz verlassen und vorerst an die Eulen Ludwigshafen abgegeben.<\/p>\n<p>Mit einem Erfolg \u00fcber den BHC k\u00f6nnte das Team von Trainer David R\u00f6hrig die Weichen Richtung Klassenerhalt stellen. \u201eIch verstehe nicht, warum L\u00fcbeck \u00fcberhaupt unten drin steht\u201c, sagt BHC-Trainer Arnor Gunnarsson. \u201eDas ist eine richtig gute Mannschaft.\u201c<\/p>\n<p>Der Isl\u00e4nder ist von Spielmacher Niko Blaauw genauso \u00fcberzeugt wie von Oliver Juhl Refsgaard und Einar Nickelsen. Die erfolgreichsten Torsch\u00fctzen sind Linksau\u00dfen Jan-Eric Speckmann (120) und R\u00fcckraumspieler Janik Schrader. \u201eSie setzen auf eine offensive Abwehr. Darauf m\u00fcssen wir vorbereitet sein\u201c, sagt Gunnarsson.<\/p>\n<p>Der BHC hat seine Ziele bekanntlich schon erreicht. Der direkte Wiederaufstieg ins Oberhaus ist genauso sicher wie die Zweitliga-Meisterschaft, die nach dem Heimspiel gegen Eintracht Hagen (1. Juni, 17 Uhr, Unihalle Wuppertal) mit der \u00dcbergabe der Schale offiziell gefeiert wird.<\/p>\n<p>Trotzdem wollen die L\u00f6wen auch am Montag beim VfL gewinnen. \u201eAls Sportler willst du das immer \u2013 egal, wo du stehst. Diese Mentalit\u00e4t wollen wir behalten\u201c, stellt Gunnarsson klar. Dass es auch um den 15. Sieg in Serie geht, ist ein zus\u00e4tzlicher Ansporn. Wenn der gelingt, h\u00e4tte der BHC seine bisherige Bestmarke in der 2. Liga eingestellt.<\/p>\n<div id=\"attachment_77937\" class=\"wp-caption alignnone\" style=\"max-width: 810px;\"><img loading=\"lazy\" decoding=\"async\" class=\"wp-image-77937 size-full\" src=\"\/wp-content\/uploads\/2024\/09\/Seesing-BHC-JC.jpg\" alt=\"\" width=\"800\" height=\"533\" \/><span class=\"wp-caption-text\">Beim BHC hofft man auf weitere spektakul\u00e4re Treffer von Kreisl\u00e4ufer Aaron Seesing &#8211; \u00a9 Archivfoto Jochen Classen<\/span><\/div>\n<p>Auch in der Aufstiegssaison 2017\/18 gewann die Truppe 15 Mal in Folge \u2013 damals gleich zu Beginn der Saison. Im Kader seinerzeit neben Trainer Gunnarsson: der Sportliche Leiter Fabian Gutbrod sowie das Kapit\u00e4nsgespann Christopher Rudeck und Tomas Babak.<\/p>\n<p>Der VfL L\u00fcbeck-Schwartau befand sich ebenfalls in der Liga und war das Team, das die BHC- Serie am 16. Spieltag rei\u00dfen lie\u00df. \u201eSie waren auch 2017 gut\u201c, erinnert sich Gunnarsson. \u201eAber sie standen weiter oben.\u201c Tats\u00e4chlich gewannen die Hansest\u00e4dter damals als Tabellenzweiter bei Spitzenreiter BHC in der Klingenhalle.<\/p>\n<h4>Einsatz von M&#8217;Bengue und Beyer fraglich<\/h4>\n<p>Vergleichbar sind die beiden Situationen nat\u00fcrlich sowieso nicht. Der Druck liegt am Montag bei den Gastgebern, w\u00e4hrend der BHC diese Saisonphase etwas mehr genie\u00dfen kann \u2013 und vielleicht auch wieder etwas ausprobieren wird. Das hat in Ferndorf schon gut funktioniert, als Soeren Servos und Paul Gie\u00dfelmann in der Schlussphase entscheidende Rollen \u00fcbernahmen.<\/p>\n<p>Ersterer k\u00f6nnte auch in L\u00fcbeck spielen, Gie\u00dfelmann muss aus privaten Gr\u00fcnden aussetzen. Noch nicht sicher sind die Eins\u00e4tze von Djibril M\u2019Bengue und Noah Beyer. Beide sind zwar wieder ins Training eingestiegen, sind aber auch noch nicht voll dabei. \u201eWir entscheiden es kurzfristig\u201c, sagt Gunnarsson, der definitiv auch auf Tj\u00f6rvi Gislason verzichten muss. Nach einer Zahn-OP ist der Kreisl\u00e4ufer weiterhin nicht einsatzbereit. Aron Seesing wird daher wohl wieder viel spielen m\u00fcssen, wenn er sich bis Montag von einem Magen-Darm-Infekt erholt. Gunnarsson: \u201eDavon gehe ich aber aus.\u201c<\/p>\n","protected":false},"excerpt":{"rendered":"<p>Der Bergische HC hatte nach dem 30:28-Erfolg beim TuS Ferndorf ein paar Tage l\u00e4nger frei. Erst am Montag (26.05.) steigt das n\u00e4chste Duell in der 2. Handball-Bundesliga. Beim VfL L\u00fcbeck-Schwartau (19.30 Uhr, Hansehalle) erwartet die Mannschaft eine schwierige Aufgabe gegen einen Kontrahenten, der im Abstiegskampf dringend noch Punkte ben\u00f6tigt.<\/p>\n","protected":false},"author":7,"featured_media":0,"comment_status":"open","ping_status":"open","sticky":false,"template":"","format":"standard","meta":{"footnotes":""},"categories":[20],"tags":[],"class_list":["post-84192","post","type-post","status-publish","format-standard","hentry","category-sport"],"publishpress_future_action":{"enabled":false,"date":"2026-05-09 11:53:27","action":"change-status","newStatus":"draft","terms":[],"taxonomy":"category","extraData":[]},"publishpress_future_workflow_manual_trigger":{"enabledWorkflows":[]},"_links":{"self":[{"href":"https:\/\/www.die-stadtzeitung.de\/index.php\/wp-json\/wp\/v2\/posts\/84192","targetHints":{"allow":["GET"]}}],"collection":[{"href":"https:\/\/www.die-stadtzeitung.de\/index.php\/wp-json\/wp\/v2\/posts"}],"about":[{"href":"https:\/\/www.die-stadtzeitung.de\/index.php\/wp-json\/wp\/v2\/types\/post"}],"author":[{"embeddable":true,"href":"https:\/\/www.die-stadtzeitung.de\/index.php\/wp-json\/wp\/v2\/users\/7"}],"replies":[{"embeddable":true,"href":"https:\/\/www.die-stadtzeitung.de\/index.php\/wp-json\/wp\/v2\/comments?post=84192"}],"version-history":[{"count":3,"href":"https:\/\/www.die-stadtzeitung.de\/index.php\/wp-json\/wp\/v2\/posts\/84192\/revisions"}],"predecessor-version":[{"id":84195,"href":"https:\/\/www.die-stadtzeitung.de\/index.php\/wp-json\/wp\/v2\/posts\/84192\/revisions\/84195"}],"wp:attachment":[{"href":"https:\/\/www.die-stadtzeitung.de\/index.php\/wp-json\/wp\/v2\/media?parent=84192"}],"wp:term":[{"taxonomy":"category","embeddable":true,"href":"https:\/\/www.die-stadtzeitung.de\/index.php\/wp-json\/wp\/v2\/categories?post=84192"},{"taxonomy":"post_tag","embeddable":true,"href":"https:\/\/www.die-stadtzeitung.de\/index.php\/wp-json\/wp\/v2\/tags?post=84192"}],"curies":[{"name":"wp","href":"https:\/\/api.w.org\/{rel}","templated":true}]}}