{"id":83760,"date":"2025-05-05T11:17:29","date_gmt":"2025-05-05T09:17:29","guid":{"rendered":"https:\/\/www.die-stadtzeitung.de\/?p=83760"},"modified":"2025-05-10T11:17:42","modified_gmt":"2025-05-10T09:17:42","slug":"talflimmern-startet-mit-alain-delon-in-die-neue-saison","status":"publish","type":"post","link":"https:\/\/www.die-stadtzeitung.de\/index.php\/2025\/05\/05\/talflimmern-startet-mit-alain-delon-in-die-neue-saison\/","title":{"rendered":"\u201aTalflimmern\u2018 startet mit Alain Delon in die neue Saison"},"content":{"rendered":"<div id=\"attachment_83761\" class=\"wp-caption alignnone\" style=\"max-width: 1610px;\"><img loading=\"lazy\" decoding=\"async\" class=\"wp-image-83761 size-full\" src=\"\/wp-content\/uploads\/2025\/05\/SONNE-ZEUGE_Delon_Copyright-Studiocanal.jpg\" alt=\"\" width=\"1600\" height=\"951\" \/><span class=\"wp-caption-text\">Alain Delon in dem Leinwand-Klassiker &#8222;Nur die Sonne war Zeuge&#8220; &#8211; \u00a9 &#8218;Studiocanal&#8216;<\/span><\/div>\n<p>Die Hauptrolle spielt Film-Star Alain Delon, der am 18. August 2024 im Alter von 89 Jahren verstarb. Das legend\u00e4re Werk unter Regie von Ren\u00e9 Cl\u00e9ment aus dem Jahr 1959 basiert auf dem mittlerweile mehrfach verfilmten Kriminalroman &#8222;Der talentierte Mr. Ripley&#8220; der US-amerikanischen Autorin Patricia Highsmith. In weiteren Rollen sind Marie Laforet, Maurice Ronet, Erno Crisa und Frank Latimore zu sehen.<\/p>\n<p>Im Anschluss an den Er\u00f6ffnungsabend wird dann im Innenhof der Alten Feuerwache bis Ende August erneut ein Mix aus internationaler Filmkunst und anspruchsvollem Unterhaltungskino zu sehen sein.<\/p>\n<p>Das Gesamtprogramm und die Programmhefte werden ab Mitte Juni ver\u00f6ffentlicht, bereits jetzt sind der Vorverkauf f\u00fcr die Auftaktveranstaltung sowie alle Infos zur Reihe finden Sie im Internet unter <a href=\"http:\/\/www.talflimmern.de\">http:\/\/www.talflimmern.de\u00a0<\/a><\/p>\n","protected":false},"excerpt":{"rendered":"<p>Das beliebte Wuppertaler Open-Air-Kino \u201eTalflimmern\u201c\u00a0 im Hof der Alten Feuerwachen (Gathe) startet am 11. Juli in die neue Freiluft-Saison. Zur Er\u00f6ffnung wird der franz\u00f6sisch-italienische Filmklassiker &#8222;Nur die Sonne war Zeuge&#8220; gezeigt.<\/p>\n","protected":false},"author":7,"featured_media":0,"comment_status":"open","ping_status":"open","sticky":false,"template":"","format":"standard","meta":{"footnotes":""},"categories":[29],"tags":[],"class_list":["post-83760","post","type-post","status-publish","format-standard","hentry","category-kultur"],"publishpress_future_action":{"enabled":false,"date":"2026-05-07 20:15:53","action":"change-status","newStatus":"draft","terms":[],"taxonomy":"category","extraData":[]},"publishpress_future_workflow_manual_trigger":{"enabledWorkflows":[]},"_links":{"self":[{"href":"https:\/\/www.die-stadtzeitung.de\/index.php\/wp-json\/wp\/v2\/posts\/83760","targetHints":{"allow":["GET"]}}],"collection":[{"href":"https:\/\/www.die-stadtzeitung.de\/index.php\/wp-json\/wp\/v2\/posts"}],"about":[{"href":"https:\/\/www.die-stadtzeitung.de\/index.php\/wp-json\/wp\/v2\/types\/post"}],"author":[{"embeddable":true,"href":"https:\/\/www.die-stadtzeitung.de\/index.php\/wp-json\/wp\/v2\/users\/7"}],"replies":[{"embeddable":true,"href":"https:\/\/www.die-stadtzeitung.de\/index.php\/wp-json\/wp\/v2\/comments?post=83760"}],"version-history":[{"count":2,"href":"https:\/\/www.die-stadtzeitung.de\/index.php\/wp-json\/wp\/v2\/posts\/83760\/revisions"}],"predecessor-version":[{"id":83767,"href":"https:\/\/www.die-stadtzeitung.de\/index.php\/wp-json\/wp\/v2\/posts\/83760\/revisions\/83767"}],"wp:attachment":[{"href":"https:\/\/www.die-stadtzeitung.de\/index.php\/wp-json\/wp\/v2\/media?parent=83760"}],"wp:term":[{"taxonomy":"category","embeddable":true,"href":"https:\/\/www.die-stadtzeitung.de\/index.php\/wp-json\/wp\/v2\/categories?post=83760"},{"taxonomy":"post_tag","embeddable":true,"href":"https:\/\/www.die-stadtzeitung.de\/index.php\/wp-json\/wp\/v2\/tags?post=83760"}],"curies":[{"name":"wp","href":"https:\/\/api.w.org\/{rel}","templated":true}]}}