{"id":83721,"date":"2025-05-02T12:02:12","date_gmt":"2025-05-02T10:02:12","guid":{"rendered":"https:\/\/www.die-stadtzeitung.de\/?p=83721"},"modified":"2025-05-11T07:42:06","modified_gmt":"2025-05-11T05:42:06","slug":"wsv-verabschiedet-vor-spiel-gegen-lotte-zehn-spieler","status":"publish","type":"post","link":"https:\/\/www.die-stadtzeitung.de\/index.php\/2025\/05\/02\/wsv-verabschiedet-vor-spiel-gegen-lotte-zehn-spieler\/","title":{"rendered":"WSV verabschiedet vor Spiel gegen Lotte zehn Spieler"},"content":{"rendered":"<div id=\"attachment_82606\" class=\"wp-caption alignnone\" style=\"max-width: 2570px;\"><img loading=\"lazy\" decoding=\"async\" class=\"wp-image-82606 size-full\" src=\"\/wp-content\/uploads\/2025\/03\/Manno-Tyrala-JC-scaled.jpg\" alt=\"\" width=\"2560\" height=\"1707\" \/><span class=\"wp-caption-text\">Bleiben zusammen, haben aber in der neuen Saison eine sehr schwere Aufgabe zu bew\u00e4ltigen: Sportdirektor Gaetano Manno (l.) und Cheftrainer Sebastian Tyrala &#8211; \u00a9 Jochen Classen<\/span><\/div>\n<p>W\u00e4hrend SF Lotte noch Vizemeister werden kann, geht es f\u00fcr die Wuppertaler nach dem Klassenerhalt rein sportlich nur noch um das Prestige. Und man m\u00f6chte beim WSV jetzt schon f\u00fcr die neue Spielzeit werben. Aktuell werden die Vertr\u00e4ge f\u00fcr eine neue junge Mannschaft unter Dach und Fach gebracht. 20 Spieler plus zwei Torleute sollen es am Ende diesmal maximal sein. Gleichzeitig werden am Samstag einige Spieler verabschiedete, die zu einem anderen Verein wechseln oder ihre Karriere beenden.<\/p>\n<h4>W\u00fcrdevoller Spieler-Abschied ist Tyrala wichtig<\/h4>\n<p>Unsere Frage an Cheftrainer Tyrala war, ob er am Samstag bei der Start-Elf bereits die k\u00fcnftige junge Mannhaft im Auge haben werde oder seine Stammformation, unabh\u00e4ngig von deren weiteren Weg, aufbieten wird, beantwortete er eher salomonisch: \u201eIch m\u00f6chte m\u00f6glichst allen gerecht werden. Dabei ist mir aber auch wichtig, verdiente Spieler w\u00fcrdevoll zu verabschieden\u201c. Bis auf den angeschlagenen Marco Terrazzino seien alle einsatzf\u00e4hig. Von den Jungen sehe\u00a0 er jetzt schon vor allen Innenverteidiger Kilian Cedric Bielitza im Aufgebot.<\/p>\n<div id=\"attachment_83725\" class=\"wp-caption alignnone\" style=\"max-width: 2570px;\"><img loading=\"lazy\" decoding=\"async\" class=\"wp-image-83725 size-full\" src=\"\/wp-content\/uploads\/2025\/05\/IMG_1672-scaled.jpg\" alt=\"\" width=\"2560\" height=\"1274\" \/><span class=\"wp-caption-text\">Bei der Pressekonferenz vor dem Spiel gegen Sportfreunde Lotte: (v.l.) Gaetano Manno, Pressesprecher Max Schleicher, und Sebastian Tyrala &#8211; \u00a9 Siegfried J\u00e4hne<\/span><\/div>\n<p>Der WSV geh\u00f6rte mit Trainer Tyrala zur den wenigen Vereinen, die in dieser Spielzeit bereits einmal gegen das Team von Trainer Fabian L\u00fcbbers (33), noch dazu ausw\u00e4rts, gewinnen (0:1) konnten. Es war der erste Erfolg im seinem dritten WSV-Spiel f\u00fcr den neuen Coach Sebastian Tyrala. Aufgrund einer enormen Steigerung konnten die Blau-Roten aber\u00a0 erst letzte Woche trotz der 0:3-Niederlage beim Aufsteiger MSV Duisburg den Klassenerhalt sichern. Sport-Chef Gaetano Manno: \u201eEs war eine turbulente Saison!\u201c<\/p>\n<p>Die G\u00e4ste vom Autobahnkreuz Lotte\/Osnabr\u00fcck belegen als Aufsteiger Rang drei der Regionalliga-Tabelle und k\u00f6nnten in den letzten beiden Spieltagen bei nur einem Punkt R\u00fcckstand auf den FC G\u00fctersloh noch Vizemeister werden. Mit beeindruckenden 70 Treffern stellt Lotte den besten Angriff der Regionalliga West. Marc Heider wird\u00a0 in der Rangliste mit 19 Treffern, Fatum Elezi\u00a0 (9), Leon Demaj und Kramer Krasniqi (je 8 Tore) gef\u00fchrt. Teuerster Akteur der Blau-Wei\u00dfen ist mit einen Marktwert von 250.000 \u20ac aber der 26j\u00e4hrige holl\u00e4ndische Innenverteidiger Thomas Kok.<\/p>\n<h4>Das WSV-Spieler-Karussell drehte sich<\/h4>\n<p>Das Spieler-Karussell drehte sich in dieser Woche beim WSV besonders heftig. Als Neuzugang wurde der 22j\u00e4hrige japanische Mittelfeldspieler Daiki Kamo vom Oberligisten SC T\u00f6nis gemeldet, dem man eine gewisse Torgef\u00e4hrlichkeit nachsagt. 14 Mal traf der 1,73 m gro\u00dfe Asiate in der letzten Saison.<\/p>\n<div id=\"attachment_83726\" class=\"wp-caption alignnone\" style=\"max-width: 1610px;\"><img loading=\"lazy\" decoding=\"async\" class=\"size-full wp-image-83726\" src=\"\/wp-content\/uploads\/2025\/05\/5vi9oDrVHCk_.jpeg\" alt=\"\" width=\"1600\" height=\"900\" \/><span class=\"wp-caption-text\">WSV-Sportdirektor Gaetano Manno (r.) mit Neuzugang Vincent Schaub &#8211; \u00a9 WSV<\/span><\/div>\n<p>Mit\u00a0Vincent Schaub (26) kommt ein schneller Offensivspieler bringt viel Erfahrung aus der Regionalliga West.\u00a0Er stammt aus der Jugend von Fortuna D\u00fcsseldorf und lief unter anderem f\u00fcr den SV R\u00f6dinghausen und Alemannia Aachen auf. Mit Aachen gelang ihm in der vergangenen Saison der Aufstieg in die 3. Liga. Sein bisheriger Verein: Ausgerechnet Sportfreunde Lotte, der letzte Gegner des WSV in der Saison 2024\/25.2<\/p>\n<p>Ab dem Sommer 2025 geh\u00f6rt Henry Mertsch fest zum Kader der Regionalligamannschaft. Der 17-j\u00e4hrige Offensivspieler \u00fcberzeugte in der U19 mit konstant starken Leistungen.<\/p>\n<p>Verl\u00e4ngert wurden die Vertr\u00e4ge mit dem rechten Verteidiger Subaru Nishimura, mit Torh\u00fcter Emil Metz, Kilian Bielitza, Au\u00dfenverteidiger Levin M\u00fcller sowie Offensiv-Spieler Dildar Atmaca. Aus dem Nachwuchs des westf\u00e4lischen Oberligisten Sportfreunde Siegen soll Offensiv-Talent Imad Lamnaouar Sekaki (19) kommen.<\/p>\n<h4>Zehn Spieler verlassen den Verein auf jeden Fall<\/h4>\n<p>Zehn Spieler werden nicht mehr im Kader der neuen Saison sein: St\u00fcrmer Timo Bornemann, Torwart Krystian Wozniak, Rechtsverteidiger Shinnosuke Nishi, Sechser Dominik Bilogrevic, Eigengew\u00e4chs Hugo Schmidt, Linksverteidiger Dilhan Demir sowie Beyhan Ametov, Marco Terrazzino, Vincent Ocansey und Etienne-Noel Reck.<\/p>\n<div id=\"attachment_83727\" class=\"wp-caption alignnone\" style=\"max-width: 1381px;\"><img loading=\"lazy\" decoding=\"async\" class=\"wp-image-83727 size-full\" src=\"\/wp-content\/uploads\/2025\/05\/OjA3Y7zt7hwd.jpg\" alt=\"\" width=\"1371\" height=\"774\" \/><span class=\"wp-caption-text\">Imad Lamnaouar Sekaki (18) kommt von der U19 der Sportfreunde Siegen zum WSV &#8211; \u00a9 WSV<\/span><\/div>\n<p>Dagegen laufen die Gespr\u00e4che mit Torwart Michael Luyambula , Vincent Gembalies, den Zwillinge Joel und Nick Munsters, Pedro Cejas sowie mit\u00a0den Routiniers Semir Saric und Kevin Hagemann noch, die als wichtige denkbare Korsettstangen des jungen Teams gesehen werden.<\/p>\n<h4>Das Stadion am Zoo lockt junge Akteure an<\/h4>\n<p>Sport-Direktor Gaetano Manno res\u00fcmierte: \u201cEs gibt viele gute Spieler, die nicht viel Geld kosten. Wir haben zwar nur noch einen kleinen Etat, daf\u00fcr aber viele Ideen&#8220;. Nach Mannos Einsch\u00e4tzung bietet gerade das Wuppertaler Stadion jungen Spielern einen besonderen Anreiz, denn die \u00fcbrigen Regionalliga Stadien k\u00f6nnen von der Atmosph\u00e4re her kaum mithalten, seit Duisburg und Aachen mit vergleichbaren Anlagen bereits wieder\u00a0 in der dritten Liga spielen.<\/p>\n<p>\u201eWir m\u00fcssen es schaffen, wieder mehr Zuschauer, aber auch wieder mehr Mitglieder und Sponsoren an uns zu binden,\u201c so Gaetano Manno. Hier hat man in der Tat noch einen erheblichen Nachholbedarf.<\/p>\n<p>Dies konnte man erst j\u00fcngst beim Fan-Abend des Vereins bei der Vorstellung des neuen Vorstandsmitglieds Ludger Kieneke erleben, wo sich laut vereinseigenen \u201eRot-Blau-Forum\u201c\u00a0ganze 20 bis 22 Anwesende eingefunden hatten. Verwaltungsratschef Dr. J\u00fcrgen Hoss erkl\u00e4rte hier zur kommenden Spielzeit: \u00a0\u201eEs wird eine schwere Saison!&#8220;<\/p>\n<p><strong>Text: Siegfried J\u00e4hne<\/strong><\/p>\n<p>&nbsp;<\/p>\n","protected":false},"excerpt":{"rendered":"<p>Der erste Eindruck z\u00e4hlt, der letzte bleibt. Was Psychologen den Recency-Effekt nennen, k\u00f6nnte auch f\u00fcr den letzten Heimauftritt der Saison 2024\/25 beim Wuppertaler SV gelten, der am Samstag die schwachen Eindr\u00fccke der ablaufenden Saison vergessen machen m\u00f6chte. Ein starker und nachhaltiger Auftritt d\u00fcrfte im Spiel gegen die SF Lotte\u00a0 (Sa. 14 Uhr, Zoo-Stadion) freilich nicht ganz einfach werden. Coach Tyrala indes:\u201c Wir wollen gewinnen!\u201c<\/p>\n","protected":false},"author":7,"featured_media":0,"comment_status":"open","ping_status":"open","sticky":false,"template":"","format":"standard","meta":{"footnotes":""},"categories":[20],"tags":[],"class_list":["post-83721","post","type-post","status-publish","format-standard","hentry","category-sport"],"publishpress_future_action":{"enabled":false,"date":"2026-05-07 23:18:02","action":"change-status","newStatus":"draft","terms":[],"taxonomy":"category","extraData":[]},"publishpress_future_workflow_manual_trigger":{"enabledWorkflows":[]},"_links":{"self":[{"href":"https:\/\/www.die-stadtzeitung.de\/index.php\/wp-json\/wp\/v2\/posts\/83721","targetHints":{"allow":["GET"]}}],"collection":[{"href":"https:\/\/www.die-stadtzeitung.de\/index.php\/wp-json\/wp\/v2\/posts"}],"about":[{"href":"https:\/\/www.die-stadtzeitung.de\/index.php\/wp-json\/wp\/v2\/types\/post"}],"author":[{"embeddable":true,"href":"https:\/\/www.die-stadtzeitung.de\/index.php\/wp-json\/wp\/v2\/users\/7"}],"replies":[{"embeddable":true,"href":"https:\/\/www.die-stadtzeitung.de\/index.php\/wp-json\/wp\/v2\/comments?post=83721"}],"version-history":[{"count":5,"href":"https:\/\/www.die-stadtzeitung.de\/index.php\/wp-json\/wp\/v2\/posts\/83721\/revisions"}],"predecessor-version":[{"id":83729,"href":"https:\/\/www.die-stadtzeitung.de\/index.php\/wp-json\/wp\/v2\/posts\/83721\/revisions\/83729"}],"wp:attachment":[{"href":"https:\/\/www.die-stadtzeitung.de\/index.php\/wp-json\/wp\/v2\/media?parent=83721"}],"wp:term":[{"taxonomy":"category","embeddable":true,"href":"https:\/\/www.die-stadtzeitung.de\/index.php\/wp-json\/wp\/v2\/categories?post=83721"},{"taxonomy":"post_tag","embeddable":true,"href":"https:\/\/www.die-stadtzeitung.de\/index.php\/wp-json\/wp\/v2\/tags?post=83721"}],"curies":[{"name":"wp","href":"https:\/\/api.w.org\/{rel}","templated":true}]}}