{"id":83712,"date":"2025-05-02T11:39:26","date_gmt":"2025-05-02T09:39:26","guid":{"rendered":"https:\/\/www.die-stadtzeitung.de\/?p=83712"},"modified":"2025-05-10T11:16:40","modified_gmt":"2025-05-10T09:16:40","slug":"drei-langjaehrige-mitglieder-verlassen-die-cdu-wuppertal","status":"publish","type":"post","link":"https:\/\/www.die-stadtzeitung.de\/index.php\/2025\/05\/02\/drei-langjaehrige-mitglieder-verlassen-die-cdu-wuppertal\/","title":{"rendered":"Drei langj\u00e4hrige Mitglieder verlassen die CDU Wuppertal"},"content":{"rendered":"<div id=\"attachment_83715\" class=\"wp-caption alignnone\" style=\"max-width: 2570px;\"><img loading=\"lazy\" decoding=\"async\" class=\"size-full wp-image-83715\" src=\"\/wp-content\/uploads\/2025\/05\/IMG_1330-scaled.jpg\" alt=\"\" width=\"2560\" height=\"1684\" \/><span class=\"wp-caption-text\">Setzte sich seit vielen Jahren f\u00fcr die Belange von Menschen in Wuppertal ein: Ex-CDU-Mitglied Rosemarie Gundelbacher &#8211; \u00a9 Paul Coon<\/span><\/div>\n<p>Die drei CDU-Mitglieder mit \u00fcber 120 Jahren gemeinsamer Parteizugeh\u00f6rigkeit haben ihren Parteiaustritt erkl\u00e4rt. Sie begr\u00fcnden ihren Entschluss\u00a0 mit einer tiefen Entt\u00e4uschung \u00fcber ein aus ihrer Sicht inakzeptables Verhalten und eine mangelhafte F\u00fchrungskultur im CDU-Kreisverband Wuppertal.<\/p>\n<p>Ausl\u00f6ser sei ein Vorfall auf der Mitgliederversammlung am 30. April 2025 gewesen. Dort habe Rosemarie Gundelbacher einen Kandidatur-Vorschlag gemacht, der von einer F\u00fchrungs-Person\u00a0 respektlos mit einem sogenannten \u201eStinkefinger\u201c quittiert worden sei. Aus Sicht von Rosemarie Gundelbacher eine klare Entgleisung und pers\u00f6nliche Beleidigung. Der Eklat k\u00f6nne \u2013 so Rosemarie Gundelbacher &#8211; von mehreren Mitgliedern bezeugt werden.<\/p>\n<p>Statt sich zu entschuldigen, verleugne die besagte Person die obsz\u00f6ne Geste weiterhin. Damit w\u00fcrde nicht nur die Betroffene, sondern auch mehrere Augenzeuginnen und Augenzeugen, die eine Best\u00e4tigung bereits abgegebenen h\u00e4tten, als unglaubw\u00fcrdig hingestellt, so die drei Ex-Parteimitglieder.<\/p>\n<p>0Au\u00dferdem f\u00fchlten sich Gundelbacher &amp; Co. vom Kreisvorstand im Stich gelassen, der den Vorfall aus ihrer Sicht unter den Teppich kehren wolle.<\/p>\n<div id=\"attachment_83716\" class=\"wp-caption alignnone\" style=\"max-width: 560px;\"><img loading=\"lazy\" decoding=\"async\" class=\"wp-image-83716 size-full\" src=\"\/wp-content\/uploads\/2025\/05\/9665632d-cc65-479d-ad17-ebfb48136f8e.jpg\" alt=\"\" width=\"550\" height=\"415\" \/><span class=\"wp-caption-text\">Ex-CDU-Mitglied Dr. med. Christine Luise Ruck &#8211; \u00a9 privat<\/span><\/div>\n<p>Statement Rosemarie Gundelbacher: \u201eIch bin ersch\u00fcttert, dass die CDU Wuppertal jemand sch\u00fctzt, der sich in der \u00d6ffentlichkeit entw\u00fcrdigend benimmt, und einen Vorstand, der dazu schweigt. Dieses Schweigen ist ein Schlag ins Gesicht aller, die sich anst\u00e4ndig f\u00fcr diese Partei engagieren.\u201c<\/p>\n<p>Statement Dr. med. Christine Luise Ruck: \u201eDie CDU hat mich \u00fcber Jahrzehnte gepr\u00e4gt. Was ich in den letzten Tagen erlebt habe, ist politisches und menschliches Versagen. Kein Gespr\u00e4ch, keine Verantwortung \u2013 nur Ignoranz. Das ist nicht mehr meine CDU.\u201c<\/p>\n<p>Statement Lutz Schmand: \u201eIch war vier Jahrzehnte loyal. Doch eine Partei, die eine solche Missachtung von Anstand und demokratischem Miteinander zul\u00e4sst \u2013 und auch noch mit einem Spitzenlistenplatz belohnt \u2013, hat ihren moralischen Kompass verloren.\u201c<\/p>\n","protected":false},"excerpt":{"rendered":"<p>Die CDU Wuppertal verliert drei langj\u00e4hrige Mitglieder: Rosemarie Gundelbacher, Ex-Ratsmitglied und enge Mitarbeiterin des verstorbenen ehemaligen Bundestagsvizepr\u00e4sidenten Peter Hintze (CDU), Lutz Schmand und Dr. med. Christine Luise Ruck. \u00a0<\/p>\n","protected":false},"author":7,"featured_media":0,"comment_status":"open","ping_status":"open","sticky":false,"template":"","format":"standard","meta":{"footnotes":""},"categories":[26],"tags":[],"class_list":["post-83712","post","type-post","status-publish","format-standard","hentry","category-politik"],"publishpress_future_action":{"enabled":false,"date":"2026-05-08 19:06:12","action":"change-status","newStatus":"draft","terms":[],"taxonomy":"category","extraData":[]},"publishpress_future_workflow_manual_trigger":{"enabledWorkflows":[]},"_links":{"self":[{"href":"https:\/\/www.die-stadtzeitung.de\/index.php\/wp-json\/wp\/v2\/posts\/83712","targetHints":{"allow":["GET"]}}],"collection":[{"href":"https:\/\/www.die-stadtzeitung.de\/index.php\/wp-json\/wp\/v2\/posts"}],"about":[{"href":"https:\/\/www.die-stadtzeitung.de\/index.php\/wp-json\/wp\/v2\/types\/post"}],"author":[{"embeddable":true,"href":"https:\/\/www.die-stadtzeitung.de\/index.php\/wp-json\/wp\/v2\/users\/7"}],"replies":[{"embeddable":true,"href":"https:\/\/www.die-stadtzeitung.de\/index.php\/wp-json\/wp\/v2\/comments?post=83712"}],"version-history":[{"count":3,"href":"https:\/\/www.die-stadtzeitung.de\/index.php\/wp-json\/wp\/v2\/posts\/83712\/revisions"}],"predecessor-version":[{"id":83718,"href":"https:\/\/www.die-stadtzeitung.de\/index.php\/wp-json\/wp\/v2\/posts\/83712\/revisions\/83718"}],"wp:attachment":[{"href":"https:\/\/www.die-stadtzeitung.de\/index.php\/wp-json\/wp\/v2\/media?parent=83712"}],"wp:term":[{"taxonomy":"category","embeddable":true,"href":"https:\/\/www.die-stadtzeitung.de\/index.php\/wp-json\/wp\/v2\/categories?post=83712"},{"taxonomy":"post_tag","embeddable":true,"href":"https:\/\/www.die-stadtzeitung.de\/index.php\/wp-json\/wp\/v2\/tags?post=83712"}],"curies":[{"name":"wp","href":"https:\/\/api.w.org\/{rel}","templated":true}]}}