{"id":83670,"date":"2025-05-07T09:54:12","date_gmt":"2025-05-07T07:54:12","guid":{"rendered":"https:\/\/www.die-stadtzeitung.de\/?p=83670"},"modified":"2025-05-07T09:54:12","modified_gmt":"2025-05-07T07:54:12","slug":"15-jahre-kunst-performance-und-ein-roter-teppich","status":"publish","type":"post","link":"https:\/\/www.die-stadtzeitung.de\/index.php\/2025\/05\/07\/15-jahre-kunst-performance-und-ein-roter-teppich\/","title":{"rendered":"15 Jahre Kunst, Performance und ein roter Teppich"},"content":{"rendered":"<div id=\"attachment_83672\" class=\"wp-caption alignnone\" style=\"max-width: 2147px;\"><img loading=\"lazy\" decoding=\"async\" class=\"wp-image-83672 size-full\" src=\"\/wp-content\/uploads\/2025\/05\/A.Kompart.copy_.R.Silberkuhl.n.jpg\" alt=\"\" width=\"2137\" height=\"1517\" \/><span class=\"wp-caption-text\">Annika Kompart stellt gemeinsam mit Arian Settler ihr Projekt \u201eVintage Tanz\u201c vor &#8211; \u00a9 Ralf Silberkuhl<\/span><\/div>\n<p>Zum 15-j\u00e4hrigen Bestehen \u00f6ffnet der Verein seine T\u00fcren und l\u00e4dt herzlich ein, gemeinsam auf eineinhalb Jahrzehnte engagierter Vermittlung zeitgen\u00f6ssischer Kunst zur\u00fcckzublicken \u2013 und einen inspirierenden Blick in die Zukunft zu werfen.<\/p>\n<p>Der Abend beginnt mit Gru\u00dfworten von Vertreterinnen und Vertretern der Stadtverwaltung und Bundespolitik. Im Anschluss er\u00f6ffnet ein facettenreiches k\u00fcnstlerisches Programm, das die Galerie in einen lebendigen Begegnungsraum verwandelt.<\/p>\n<p>Im Mittelpunkt steht die Long Duration Performance \u201eOnwards And Upwards\u201c von Anna Berndtson, die eigens f\u00fcr das Jubil\u00e4um entwickelt wurde. Die K\u00fcnstlerin verkn\u00fcpft darin die industrielle Geschichte der Wuppertaler Textilproduktion mit der Geschichte des Vereins \u2013 sinnlich erfahrbar gemacht durch den symbolisch aufgeladenen roten Teppich.<\/p>\n<p>Mit dem Projekt \u201eVintage Tanz\u201c laden Arian Stettler und Annika Kompart dazu ein, die Galerie als offene B\u00fchne zu erleben. Zwischen Nostalgie und Gegenwart entsteht ein Raum f\u00fcr Bewegung, Beteiligung und neue Perspektiven \u2013 zum Mittanzen, Miterleben oder einfach zum Staunen.<\/p>\n<div id=\"attachment_83673\" class=\"wp-caption alignnone\" style=\"max-width: 510px;\"><img loading=\"lazy\" decoding=\"async\" class=\"wp-image-83673 size-full\" src=\"\/wp-content\/uploads\/2025\/05\/Anna-Berndtson-\u00a9Hannah-Levy-Kopie.jpg\" alt=\"\" width=\"500\" height=\"641\" \/><span class=\"wp-caption-text\">Anna Berndtson pr\u00e4sentiert ihre Long Duration Performance \u201eOnwards And Upwards\u201c &#8211; \u00a9 Hannah Levy<\/span><\/div>\n<p>Erg\u00e4nzt wird das Programm durch die Ausstellung \u201e15 Jahre \u2013 Plakate des Neuen Kunstvereins\u201c, die als visuelle Zeitreise einen lebendigen \u00dcberblick \u00fcber Ausstellungen, Veranstaltungen und k\u00fcnstlerische Positionen der vergangenen Jahre bietet.<\/p>\n<p>Ab ca. 21:30 Uhr zieht die Feier weiter ins LOCH (Plateniusstra\u00dfe 35), wo die \u201eOffen:Bar\u201c- Clubnacht mit G\u00een Bali, Maik Ollhoff und Rolf Roew zum Tanz l\u00e4dt. Mit freundlicher Unterst\u00fctzung durch die Wuppertaler Stadtwerke.<\/p>\n<p>Foto-K\u00fcnstler &amp; Filmemacher Ralf Silberkuhl, 1. Vorsitzender des Neuen Kunstvereins Wuppertal: \u201eFeiern Sie mit uns \u2013 k\u00fcnstlerisch, tanzend, gemeinsam. Wir freuen uns auf Ihren Besuch!\u201c Eine Einladung, die man als Kunst-Fan eigentlich nicht ausschlagen kann&#8230;<\/p>\n<div id=\"attachment_83674\" class=\"wp-caption alignnone\" style=\"max-width: 510px;\"><img loading=\"lazy\" decoding=\"async\" class=\"wp-image-83674 size-full\" src=\"\/wp-content\/uploads\/2025\/05\/Programm_15-Jahre_A5_vorne-HF-1.jpg\" alt=\"\" width=\"500\" height=\"750\" \/><span class=\"wp-caption-text\">Das Plakat zur Jubil\u00e4umsveranstaltung. Hinter dem QR-Code verbergen sich alle wichtigen Informationen &#8211; \u00a9 Neuer Kunstverein Wuppertal e.V.<\/span><\/div>\n<p><strong>Termin:<\/strong><\/p>\n<h4>15 Jahre Neuer Kunstverein Wuppertal e.V.<\/h4>\n<p><strong>Jubil\u00e4ums-Veranstaltung<\/strong><\/p>\n<p>Freitag \u2013 16.05.2025 \u2013 18:00 Uhr<\/p>\n<p>Neuer Kunstverein Wuppertal e.V. &#8211; Hofaue 51- 42103 Wuppertal<\/p>\n<p>After-Party im LOCH: ab ca. 21:30 Uhr &#8211; Plateniusstra\u00dfe 35 &#8211; 42105 Wuppertal<\/p>\n<p><strong>Link zur Webseite des Neuen Kunstvereins Wuppertal e.V.:<\/strong><\/p>\n<p><a href=\"http:\/\/www.neuer-kunstverein-wuppertal.de\">www.neuer-kunstverein-wuppertal.de<\/a><\/p>\n<p>&nbsp;<\/p>\n","protected":false},"excerpt":{"rendered":"<p>Der Neue Kunstverein Wuppertal e.V. feiert am Freitag (16.05.) sein 15-j\u00e4hriges Bestehen mit einem besonderen Jubil\u00e4umsabend in der Hofaue 51. Die G\u00e4ste erwartet ein Abend voller Kunst, Begegnung und Bewegung.<\/p>\n","protected":false},"author":7,"featured_media":0,"comment_status":"open","ping_status":"open","sticky":false,"template":"","format":"standard","meta":{"footnotes":""},"categories":[29],"tags":[],"class_list":["post-83670","post","type-post","status-publish","format-standard","hentry","category-kultur"],"publishpress_future_action":{"enabled":false,"date":"2026-05-08 20:03:03","action":"change-status","newStatus":"draft","terms":[],"taxonomy":"category","extraData":[]},"publishpress_future_workflow_manual_trigger":{"enabledWorkflows":[]},"_links":{"self":[{"href":"https:\/\/www.die-stadtzeitung.de\/index.php\/wp-json\/wp\/v2\/posts\/83670","targetHints":{"allow":["GET"]}}],"collection":[{"href":"https:\/\/www.die-stadtzeitung.de\/index.php\/wp-json\/wp\/v2\/posts"}],"about":[{"href":"https:\/\/www.die-stadtzeitung.de\/index.php\/wp-json\/wp\/v2\/types\/post"}],"author":[{"embeddable":true,"href":"https:\/\/www.die-stadtzeitung.de\/index.php\/wp-json\/wp\/v2\/users\/7"}],"replies":[{"embeddable":true,"href":"https:\/\/www.die-stadtzeitung.de\/index.php\/wp-json\/wp\/v2\/comments?post=83670"}],"version-history":[{"count":3,"href":"https:\/\/www.die-stadtzeitung.de\/index.php\/wp-json\/wp\/v2\/posts\/83670\/revisions"}],"predecessor-version":[{"id":83677,"href":"https:\/\/www.die-stadtzeitung.de\/index.php\/wp-json\/wp\/v2\/posts\/83670\/revisions\/83677"}],"wp:attachment":[{"href":"https:\/\/www.die-stadtzeitung.de\/index.php\/wp-json\/wp\/v2\/media?parent=83670"}],"wp:term":[{"taxonomy":"category","embeddable":true,"href":"https:\/\/www.die-stadtzeitung.de\/index.php\/wp-json\/wp\/v2\/categories?post=83670"},{"taxonomy":"post_tag","embeddable":true,"href":"https:\/\/www.die-stadtzeitung.de\/index.php\/wp-json\/wp\/v2\/tags?post=83670"}],"curies":[{"name":"wp","href":"https:\/\/api.w.org\/{rel}","templated":true}]}}