{"id":83640,"date":"2025-05-01T09:56:00","date_gmt":"2025-05-01T07:56:00","guid":{"rendered":"https:\/\/www.die-stadtzeitung.de\/?p=83640"},"modified":"2025-05-08T11:10:35","modified_gmt":"2025-05-08T09:10:35","slug":"kunstausstellung-striche-klaenge-und-schattenspiel","status":"publish","type":"post","link":"https:\/\/www.die-stadtzeitung.de\/index.php\/2025\/05\/01\/kunstausstellung-striche-klaenge-und-schattenspiel\/","title":{"rendered":"Kunstausstellung: Striche, Kl\u00e4nge und Schattenspiel"},"content":{"rendered":"<div id=\"attachment_83642\" class=\"wp-caption alignnone\" style=\"max-width: 2570px;\"><img loading=\"lazy\" decoding=\"async\" class=\"wp-image-83642 size-full\" src=\"\/wp-content\/uploads\/2025\/05\/Co_K_Rade_2024_08_01_96155-scaled.jpg\" alt=\"\" width=\"2560\" height=\"1713\" \/><span class=\"wp-caption-text\">Die K\u00fcnstler Sinikka Airaksinen-Rade und Joe M\u00f6ller &#8211; \u00a9 Haus Wenge \/ Joe M\u00fcller<\/span><\/div>\n<p>Sinikka Airaksinen-Rade, geboren 1951 im finnischen Kuusj\u00e4rvi, lebt als freischaffende K\u00fcnstlerin seit 1997 in Witten. Mit ihrer F\u00e4higkeit, mit wenigen Linien, Strich und Schraffuren Konturen entstehen zu lassen, lie\u00df sie sich bei Konzerten von den Kl\u00e4ngen des Jazz und dem Licht- und Schattenspiel auf der B\u00fchne inspirieren.<\/p>\n<p>Improvisation ist die Basis des Jazz, der Strich die der Malerei. Wenn nun Jazz auf Malerei trifft, ist es naheliegend, diese Elemente zu verweben.<\/p>\n<p>Bei ihren \u201eKunstdialogen\u201c am 18. Mai, 22. Juni und 13. Juli jeweils ab 14 Uhr geht es um \u201eFacing you \u2013 ein Portr\u00e4t im Jetzt\u201c. Die Besucherinnen und Besucher haben die M\u00f6glichkeit, sich \u201eschnellzeichnen\u201c zu lassen. Technik: Kohlezeichnung.<\/p>\n<div id=\"attachment_83643\" class=\"wp-caption alignnone\" style=\"max-width: 461px;\"><img loading=\"lazy\" decoding=\"async\" class=\"wp-image-83643\" src=\"\/wp-content\/uploads\/2025\/05\/Co_S_Airaksinen_jazz_floor-3-.jpg\" alt=\"\" width=\"451\" height=\"689\" \/><span class=\"wp-caption-text\">Zeichnung &#8222;Jazz Floor&#8220; von Sinikka Airaksinen-Rade &#8211; \u00a9 Sinikka Airaksinen-Rade<\/span><\/div>\n<p>Joe M\u00f6ller liefert bei seiner Werkschau einen kleinen \u00dcberblick \u00fcber sein fotografisches Schaffen der letzten Jahre. Die Bilder handeln von der Musik und von Musikschaffenden. So entstanden die Fotos des hochdekorierten Theater- und Filmschauspielers sowie leidenschaftlichen Musikers Alexander Scheer. M\u00f6llers \u201eKunstdialoge\u201c sind f\u00fcr den 15. Juni, den 20. Juli und den 27. Juli angesetzt. <strong>(M.D.)<\/strong><\/p>\n<p><strong>Termin:<\/strong><\/p>\n<h4>Sinikka Airaksinen-Rade (Zeichnungen) und Joe M\u00f6ller (Fotos)<\/h4>\n<p><strong>Kunstausstellung<\/strong><\/p>\n<p>Vernissage: Sonntag \u2013 11.05.2025 \u2013 11:00 Uhr<\/p>\n<p>Hans Wenige \u2013 Alekestr. 4 \u2013 44329 Dortmund<\/p>\n<p>Anmeldungen an <a href=\"mailto:m.hueppe@haus-wenge-lanstrop.de\">m.hueppe@haus-wenge-lanstrop.de<\/a>.<\/p>\n","protected":false},"excerpt":{"rendered":"<p>Die Musik ist das Bindeglied bei der neuen Ausstellung mit Werken von Sinikka Airaksinen-Rade (Zeichnungen) und Joe M\u00f6ller (Fotos), die am 11. Mai im Haus Wenige in Dortmund mit der Vernissage beginnt.<\/p>\n","protected":false},"author":7,"featured_media":0,"comment_status":"open","ping_status":"open","sticky":false,"template":"","format":"standard","meta":{"footnotes":""},"categories":[29],"tags":[],"class_list":["post-83640","post","type-post","status-publish","format-standard","hentry","category-kultur"],"publishpress_future_action":{"enabled":false,"date":"2026-05-09 08:51:23","action":"change-status","newStatus":"draft","terms":[],"taxonomy":"category","extraData":[]},"publishpress_future_workflow_manual_trigger":{"enabledWorkflows":[]},"_links":{"self":[{"href":"https:\/\/www.die-stadtzeitung.de\/index.php\/wp-json\/wp\/v2\/posts\/83640","targetHints":{"allow":["GET"]}}],"collection":[{"href":"https:\/\/www.die-stadtzeitung.de\/index.php\/wp-json\/wp\/v2\/posts"}],"about":[{"href":"https:\/\/www.die-stadtzeitung.de\/index.php\/wp-json\/wp\/v2\/types\/post"}],"author":[{"embeddable":true,"href":"https:\/\/www.die-stadtzeitung.de\/index.php\/wp-json\/wp\/v2\/users\/7"}],"replies":[{"embeddable":true,"href":"https:\/\/www.die-stadtzeitung.de\/index.php\/wp-json\/wp\/v2\/comments?post=83640"}],"version-history":[{"count":4,"href":"https:\/\/www.die-stadtzeitung.de\/index.php\/wp-json\/wp\/v2\/posts\/83640\/revisions"}],"predecessor-version":[{"id":83646,"href":"https:\/\/www.die-stadtzeitung.de\/index.php\/wp-json\/wp\/v2\/posts\/83640\/revisions\/83646"}],"wp:attachment":[{"href":"https:\/\/www.die-stadtzeitung.de\/index.php\/wp-json\/wp\/v2\/media?parent=83640"}],"wp:term":[{"taxonomy":"category","embeddable":true,"href":"https:\/\/www.die-stadtzeitung.de\/index.php\/wp-json\/wp\/v2\/categories?post=83640"},{"taxonomy":"post_tag","embeddable":true,"href":"https:\/\/www.die-stadtzeitung.de\/index.php\/wp-json\/wp\/v2\/tags?post=83640"}],"curies":[{"name":"wp","href":"https:\/\/api.w.org\/{rel}","templated":true}]}}