{"id":83430,"date":"2025-04-29T22:27:04","date_gmt":"2025-04-29T20:27:04","guid":{"rendered":"https:\/\/www.die-stadtzeitung.de\/?p=83430"},"modified":"2025-04-30T09:45:30","modified_gmt":"2025-04-30T07:45:30","slug":"vbs-mit-sven-voss-und-markus-puetz-am-puls-der-zeit","status":"publish","type":"post","link":"https:\/\/www.die-stadtzeitung.de\/index.php\/2025\/04\/29\/vbs-mit-sven-voss-und-markus-puetz-am-puls-der-zeit\/","title":{"rendered":"VBS mit Sven Voss und Markus P\u00fctz am Puls der Zeit"},"content":{"rendered":"<div id=\"attachment_83437\" class=\"wp-caption alignnone\" style=\"max-width: 2570px;\"><img loading=\"lazy\" decoding=\"async\" class=\"size-full wp-image-83437\" src=\"\/wp-content\/uploads\/2025\/04\/IMG_1577-scaled.jpg\" alt=\"\" width=\"2560\" height=\"2007\" \/><span class=\"wp-caption-text\">Drei Sport-Promis diesmal nicht auf der Trib\u00fcne, sondern auf der Theke: (v.l.)\u00a0 Markus P\u00fctz, Martin Schneider und Sven Voss beim &#8222;Kneipen Talk&#8220; &#8211; \u00a9 Siegfried J\u00e4hne<\/span><\/div>\n<p>Moderiert von ZDF-Kommentator und VBS-Chef Martin Schneider gaben die G\u00e4ste in lockerem Plausch interessante Einblicke in ihre Arbeitswelten. Sven Voss (48) ist eines der Gesichter des ZDF. Aktuell moderiert im Wechsel mit Jochen Breyer und Katrin M\u00fcller-Hohenstein samstagabends das \u201eAktuelle Sportstudio\u201c. Seit 14 Jahren steht er hier vor der Kamera und kann von Olympischen Spielen, Weltmeisterschaften und der Fu\u00dfball-Bundesliga, aber auch von Pleiten und Pannen hautnah berichten.<\/p>\n<p>Hinter den Kulissen l\u00e4uft dabei l\u00e4ngst nicht alles so gradlinig, wie es oft nach au\u00dfen hin dargestellt wird. Auch beim ZDF gibt es nat\u00fcrlich neben den vielen Highlights, wie k\u00f6nnte es anders sein, auch Generations-Konflikte, Richtungs-\u00a0 und Konkurrenzk\u00e4mpfe sowie Anfeindungen von innen und au\u00dfen. Und: Von Olympische Spiele zu berichten sei f\u00fcr einen Reporter l\u00e4ngst nicht so angenehm, wie f\u00fcr den geneigten Zuschauer, sagt einer, der das Sport-Gro\u00dfereignis dreimal miterlebt hat.<\/p>\n<h4>Peinlich: \u201eSchade, dass Sie da waren\u201c<\/h4>\n<p>Ein kleiner Versprecher kann da schon gro\u00dfe Auswirkungen haben. Unter gro\u00dfem Zeitdruck, die Regie am Ohr mahnte ihn zur Eile, schnell zum Ende zu kommen und so verabschiedete Sven Voss einmal an der Torwand einen hier erfolglosen Gast mit den Worten: \u201eSchade, das Sie da waren\u201c. Sagen wollte er eigentlich &#8222;Sch\u00f6n, dass Sie da waren&#8220;. Jede Menge H\u00e4me war ihm sicher. Einige mehr als kritische Zuschauer wollten ihm gleich die F\u00e4higkeiten absprechen, durch eine TV-Live-Sendung f\u00fchren zu k\u00f6nnen.<\/p>\n<div id=\"attachment_83438\" class=\"wp-caption alignnone\" style=\"max-width: 610px;\"><img loading=\"lazy\" decoding=\"async\" class=\"wp-image-83438 size-full\" src=\"\/wp-content\/uploads\/2025\/04\/IMG_1570.jpg\" alt=\"\" width=\"600\" height=\"694\" \/><span class=\"wp-caption-text\">Lassen sich beim &#8222;Kneipen-Talk&#8220; das Bierchen schmecken: Martin Schneider und Sven Voss, beide f\u00fcrs ZDF in Sachen Sport unterwegs &#8211; \u00a9 Siegfried J\u00e4hne<\/span><\/div>\n<p>Noch dicker kam es, als Sven Voss 2023 \u00fcber die Weltmeisterschaft der Frauen, die in Australien und Neuseeland stattfand, berichtete. Bei einer\u00a0 Szenen-Analyse in der Halbzeitpause kam es zum Eklat. Sein Kommentar in Richtung der Schiedsrichterin Stephanie Frappart kam n\u00e4mlich gar nicht gut an, als er im Nachgang sagte: &#8222;S\u00fc\u00dfe Stimme, aber das nur nebenbei.\u201c<\/p>\n<p>Ein Shitstorm in den Sozialen Medien war die Folge. Man warf Sven Voss sogar Sexismus und Frauenfeindlichkeit vor. Dar\u00fcber konnte sich der zweifache Familienvater nur noch wundern. Immerhin folgte ihn den Medien nach dem Shitstorm auch noch der dann \u00fcbliche Candystorm (S\u00fc\u00dfe).<\/p>\n<p>Ein anderes Mal forderten Zuschauer von ihm sogar eine Entschuldigung f\u00fcr eine Verwechselung. Er hatte aus Versehen die Zweitliga-Begegnung K\u00f6ln gegen Hamburg angek\u00fcndigt. In Wirklich spielte Schalke gegen Hamburg. Ein Fehler, der durchaus auch dem besten TV-Reporter einmal unterlaufen kann.<\/p>\n<h4>\u201eAntonio R\u00fcdiger mit kurzer Z\u00fcndschnur\u201c<\/h4>\n<p>Besonders interessant waren seine Berichte von den Begegnungen mit Madrid-Star und Nationalspieler Antonio R\u00fcdiger (32), der j\u00fcngst mit seinem &#8222;Mega-Ausraster&#8220; im spanischen Pokalfinale gegen den FC Barcelona f\u00fcr viel Wirbel sorgte. Sven Voss erlebte R\u00fcdiger als lammfrommen Zeitgenossen, aber auch als ein \u201ebeleidigtes Alphatier\u201c mit extrem kurzer Z\u00fcndschnur, so als dieser einem durchgeknallten, aufgebrachten Vater aus\u00a0 Zeitdruck nachvollziehbar ein Autogramm f\u00fcr dessen Jungen verweigerte.<\/p>\n<p>Gefragt nach seinem Lieblingsgast im Sportstudio kam die Antwort recht schnell: \u201eChristian Streich vom FC Freiburg, der ist so herrlich nat\u00fcrlich und normal und antwortet auf jede gestellte Frage.\u201c Im Gegensatz dazu nannte er den Dortmunder Matthias Sammer, der ihm immer mit einer \u201enegativen Witterung\u201c begegnet sei.<\/p>\n<p>Sven Voss Vater stammt aus Hamburg, seine Mutter aus M\u00fcnchen. Daher mag auch seine F\u00e4higkeit r\u00fchren,\u00a0 Menschen gekonnt zu imitieren, was er am Beispiel des Skispringers Jens Wei\u00dfflog aus dem s\u00e4chsischen Erzgebirge eindrucksvoll belegte.<\/p>\n<div id=\"attachment_83440\" class=\"wp-caption alignnone\" style=\"max-width: 610px;\"><img loading=\"lazy\" decoding=\"async\" class=\"wp-image-83440 size-full\" src=\"\/wp-content\/uploads\/2025\/04\/IMG_1587.jpg\" alt=\"\" width=\"600\" height=\"643\" \/><span class=\"wp-caption-text\">Ein Interview auf der Theke: Martin Schneider (l.) und Sven Voss &#8211; \u00a9 Siegfried J\u00e4hne<\/span><\/div>\n<p>Gesellschaftliche Ver\u00e4nderungen gingen naturgem\u00e4\u00df auch nicht am Sport und deren Berichterstattung vorbei. Hier m\u00fcsse man seinen ganz eigenen Stil finden. Er selbst sieht sich als bodenst\u00e4ndiger Mensch mit Freude am Leben, der seinem Studiogast eine \u201eWohlf\u00fchlatmosph\u00e4re\u201c schaffen und ihn niemals in eine Ecke dr\u00e4ngen m\u00f6chte.<\/p>\n<h4>BHC hat ein neues Trainer-Modell mit Zukunft<\/h4>\n<p>Mit dem Bergischen Handball Club hat Wuppertal in der neuen Saison wieder einen Verein in der ersten Bundesliga. Ma\u00dfgeblichen Anteil an dem direkten Wiederaufstieg hat der Solinger Gymnasiallehrer (Sport und Geschichte) Markus P\u00fctz (43), der mit dem Isl\u00e4nder Arnor Thor Gunnarsson (37) ein erfolgreiches Trainer-Duo bildet, eine neuartige Konstellation.<\/p>\n<p>Es sei ein Modell mit Perspektive, dass nach \u00dcberzeugung von Markus P\u00fctz Nachahmer finden wird. W\u00e4hrend Gunnarsson ein erfolgreicher Spieler war, verdiente sich P\u00fctz seine Meriten als Trainer.\u00a0 Cheftrainer Gunnarsons Zust\u00e4ndigkeit ist die in der Offensive, w\u00e4hrend sich P\u00fctz ganz den defensiven Aufgaben widmet. Das kongeniale Trainergespann hat einen Zweijahres-Vertrag, der bis 2026 gilt.<\/p>\n<p>Wie Sven Voss, so sieht auch Markus P\u00fctz seine Wurzeln im Familienleben. P\u00fctz\u00a0 sieht seine Zukunft abseits vom Profi-Sport eher als Gymnasiallehrer und Weltenbummler, denn als Trainer. \u201eDer Spitzensport ist mir am Ende viel zu schnelllebig\u201c, so P\u00fctz.<\/p>\n<h4>Deutsche Defizite in der Nachwuchsarbeit<\/h4>\n<p>Vergleiche des deutschen Handballs mit dem Isl\u00e4ndischen oder d\u00e4nischen Modellen sind f\u00fcr ihn nicht zul\u00e4ssig, weil sie anderen gesellschaftlichen und politischen Gegebenheiten entspr\u00e4chen. \u201eWenn unsere Nachwuchsspieler finanziell so unterst\u00fctzt w\u00fcrden und sich auch t\u00e4glich, wann immer sie m\u00f6chten, in eine Sporthalle begeben k\u00f6nnten und dann dort mit Spitzentrainern arbeiten w\u00fcrden, h\u00e4tten auch wir andere Verh\u00e4ltnisse. In Island sei es \u00fcblich, dass sich ein Spitzenpersonal um den Nachwuchs k\u00fcmmert, w\u00e4hrend es bei uns oft eher Anf\u00e4nger oder Eltern seien.<\/p>\n<div id=\"attachment_83434\" class=\"wp-caption alignnone\" style=\"max-width: 2570px;\"><img loading=\"lazy\" decoding=\"async\" class=\"size-full wp-image-83434\" src=\"\/wp-content\/uploads\/2025\/04\/IMG_1566-scaled.jpg\" alt=\"\" width=\"2560\" height=\"1711\" \/><span class=\"wp-caption-text\">ZDF-Moderator Sven Voss (l.) beim &#8222;Kneipen Talk&#8220; im Gespr\u00e4ch mit VBS-Urgestein Jochen Macheroux &#8211; \u00a9 Siegfried J\u00e4hne<\/span><\/div>\n<p>Beim BHC w\u00e4re man schon froh, eine Bundesliga taugliche Halle zu haben, die scheint aber in immer weitere Ferne ger\u00fcckt zu sein. Immerhin stehe jetzt fest, dass aus den bisherigen vier Spielst\u00e4tten des BHC in der kommenden Saison nur noch zwei w\u00fcrden, Wuppertal und D\u00fcsseldorf n\u00e4mlich. Das trage sehr gut zur Akzeptanz und zur Zuschauerbindung bei, so Markus P\u00fctz.<\/p>\n<h4>\u201eAktenzeichen XY\u201c demn\u00e4chst mit Sven Voss?<\/h4>\n<p>Moderator Martin Schneider entlie\u00df seine Gespr\u00e4chspartner des &#8222;Theken-Talks\u201c schlie\u00dflich nicht ohne z\u00fcndende Schlussfrage nach den Zukunftserwartungen. Markus P\u00fctz hat dazu eine klare Antwort: &#8222;Wir haben eine junge Mannschaft und wollen keine Luftschl\u00f6sser bauen. Ich bin froh, wenn wir nicht absteigen\u201c.<\/p>\n<p>Sven Voss erkl\u00e4rte hier seine Ambitionen f\u00fcr die Nachfolge von Rudi Cerne (67), dessen Vertrag mit der ZDF-Sendung \u201eAktenzeichen XY ungel\u00f6st\u201c (ZDF Quoten-Hit mit 5 Mio. Zuschauern) normal Ende diesen Jahres auslaufe. Die Chancen stehen f\u00fcr ihn wohl nicht schlecht, konnte er sich sich doch mit der Sendung \u201e Aktenzeichen XY gel\u00f6st\u201c bereits einen Namen machen.<\/p>\n<p><b>Text:\u00a0 Siegfried J\u00e4hne<\/b><\/p>\n","protected":false},"excerpt":{"rendered":"<p>Der Verein Bergische Sportpresse (VBS) war am Puls der Zeit. In seinem traditionellen \u201eKneipen-Talk\u201c in der Barmer Brauerei am Rott standen Markus P\u00fctz, der Trainer des Handball-Bundesliga-Aufsteigers Bergischer HC (BHC) und der beliebte ZDF-Moderator Sven Voss aus dem \u201eAktuellem Sportstudio\u201c den lokalen Journalisten Rede und Antwort.<\/p>\n","protected":false},"author":7,"featured_media":0,"comment_status":"open","ping_status":"open","sticky":false,"template":"","format":"standard","meta":{"footnotes":""},"categories":[20],"tags":[],"class_list":["post-83430","post","type-post","status-publish","format-standard","hentry","category-sport"],"publishpress_future_action":{"enabled":false,"date":"2026-05-10 12:28:29","action":"change-status","newStatus":"draft","terms":[],"taxonomy":"category","extraData":[]},"publishpress_future_workflow_manual_trigger":{"enabledWorkflows":[]},"_links":{"self":[{"href":"https:\/\/www.die-stadtzeitung.de\/index.php\/wp-json\/wp\/v2\/posts\/83430","targetHints":{"allow":["GET"]}}],"collection":[{"href":"https:\/\/www.die-stadtzeitung.de\/index.php\/wp-json\/wp\/v2\/posts"}],"about":[{"href":"https:\/\/www.die-stadtzeitung.de\/index.php\/wp-json\/wp\/v2\/types\/post"}],"author":[{"embeddable":true,"href":"https:\/\/www.die-stadtzeitung.de\/index.php\/wp-json\/wp\/v2\/users\/7"}],"replies":[{"embeddable":true,"href":"https:\/\/www.die-stadtzeitung.de\/index.php\/wp-json\/wp\/v2\/comments?post=83430"}],"version-history":[{"count":8,"href":"https:\/\/www.die-stadtzeitung.de\/index.php\/wp-json\/wp\/v2\/posts\/83430\/revisions"}],"predecessor-version":[{"id":83455,"href":"https:\/\/www.die-stadtzeitung.de\/index.php\/wp-json\/wp\/v2\/posts\/83430\/revisions\/83455"}],"wp:attachment":[{"href":"https:\/\/www.die-stadtzeitung.de\/index.php\/wp-json\/wp\/v2\/media?parent=83430"}],"wp:term":[{"taxonomy":"category","embeddable":true,"href":"https:\/\/www.die-stadtzeitung.de\/index.php\/wp-json\/wp\/v2\/categories?post=83430"},{"taxonomy":"post_tag","embeddable":true,"href":"https:\/\/www.die-stadtzeitung.de\/index.php\/wp-json\/wp\/v2\/tags?post=83430"}],"curies":[{"name":"wp","href":"https:\/\/api.w.org\/{rel}","templated":true}]}}