{"id":83304,"date":"2025-05-13T10:09:48","date_gmt":"2025-05-13T08:09:48","guid":{"rendered":"https:\/\/www.die-stadtzeitung.de\/?p=83304"},"modified":"2025-05-23T14:13:40","modified_gmt":"2025-05-23T12:13:40","slug":"kunst-ausstellung-thematisiert-sorgen-aengste","status":"publish","type":"post","link":"https:\/\/www.die-stadtzeitung.de\/index.php\/2025\/05\/13\/kunst-ausstellung-thematisiert-sorgen-aengste\/","title":{"rendered":"Kunst-Ausstellung thematisiert Sorgen &#038; \u00c4ngste"},"content":{"rendered":"<div id=\"attachment_84090\" class=\"wp-caption alignnone\" style=\"max-width: 2570px;\"><img loading=\"lazy\" decoding=\"async\" class=\"wp-image-84090 size-full\" src=\"\/wp-content\/uploads\/2025\/05\/Prof.-Katja-Pfeiffer-Momo-Trommer-scaled.jpg\" alt=\"\" width=\"2560\" height=\"1843\" \/><span class=\"wp-caption-text\">Prof. Katja Pfeiffer (l.), k\u00fcnstlerische Leiterin des Projektes Kunsthalle Barmen und Momo Trommer, Kunstlehrerin der Bergischen Universit\u00e4t &#8211; \u00a9 Ralf Silberkuhl<\/span><\/div>\n<p>Verbindendes Element zwischen allen Exponaten ist das Thema der Ausstellung: Sorgen, \u00c4ngste und Bew\u00e4ltigungsstrategien. All diese tiefgreifenden Gef\u00fchle, die ihren Ursprung im aktuellen Weltgeschehen haben, werden in den Installationen, Malereien, Fotografien und gezeigten Videoarbeiten reflektiert.<\/p>\n<p>Diese K\u00fcnstlerinnen und K\u00fcnstler sind mit Arbeiten vertreten: Svenja Biedenbach, Pink B\u00fcchsensch\u00fctz, Tudor Ciurescu, Francisco de Goya, Luna De Luca, Frankfurter Hauptschule, Selma G\u00fcltoprak, Jonas Habrich, Ivo Kiefer, Jody Korbach, Christiane M\u00f6bus, Ben Joy Muin, Daniel Richter, Tim Sandow, Toni Schmale, Nasan Tur, Samira Turan und Rachel Youn.<\/p>\n<h4>Sind geteilte Sorgen halbe Sorgen?<\/h4>\n<p>Die Werken spiegeln die teilweise hoffnungsvollen und teilweise pessimistischen Blicke auf aktuelle politische Entwicklungen, wie Klimawandel, die Angst vor der eigenen Verg\u00e4nglichkeit oder dem \u00dcbernat\u00fcrlichen wider.<\/p>\n<div id=\"attachment_84094\" class=\"wp-caption alignnone\" style=\"max-width: 2570px;\"><img loading=\"lazy\" decoding=\"async\" class=\"wp-image-84094 size-full\" src=\"\/wp-content\/uploads\/2025\/05\/2-Visionaere_Ruinen-.-Frankfurter_Hauptschule-1-scaled.jpg\" alt=\"\" width=\"2560\" height=\"1420\" \/><span class=\"wp-caption-text\">Vision\u00e4re Ruinen, ein Werk von der Frankfurter Hauptschule &#8211; \u00a9 Ralf Silberkuhl<\/span><\/div>\n<p>Dass geteilte Sorgen potentiell halbe Sorgen sein k\u00f6nnen und die individuellen wie \u00fcberindividuellen \u00c4ngste zum verbindenden Element zwischen den Besucherinnen und Besuchern werden k\u00f6nnen, m\u00f6chten die Initiatoren und Protagonisten der Ausstellung \u201eDo Worry Be Happy\u201c \u00fcber die Exponate hinaus in einer Reihe von Workshops und Gespr\u00e4chspodien abkl\u00e4ren.<\/p>\n<p>Die 2024 wiederer\u00f6ffnete Kunsthalle Barmen im Haus der Jugend wird in Tr\u00e4gerschaft der Bergischen Universit\u00e4t Wuppertal und gef\u00f6rdert durch den LVR sowie die Stadt Wuppertal von der Fakult\u00e4t f\u00fcr Design und Kunst mit j\u00e4hrlich drei Ausstellungen bespielt, die spannende Begegnungen zwischen Kunst und Wissenschaft zum Ziel haben.<\/p>\n<p>Die Ausstellung wurde initiativ von Momo Trommer und dem kuratorischen Team der Kunsthalle Barmen, Katja Pfeiffer, Katharina Maderthaner, Christoph Westermeier und Sebastian Bartel entwickelt.<\/p>\n<div id=\"attachment_84095\" class=\"wp-caption alignnone\" style=\"max-width: 560px;\"><img loading=\"lazy\" decoding=\"async\" class=\"wp-image-84095 size-full\" src=\"\/wp-content\/uploads\/2025\/05\/Jody-Korbach-vor-ihrer-Arbeit.jpg\" alt=\"\" width=\"550\" height=\"677\" \/><span class=\"wp-caption-text\">Die K\u00fcnstlerin Jody Korbach vor ihrer Arbeit &#8211; \u00a9 Ralf Silberkuhl<\/span><\/div>\n<p><strong>Termin:<\/strong><\/p>\n<h4>\u201eDo Worry Be Happy\u201c<\/h4>\n<p><strong>Gruppenausstellung<\/strong><\/p>\n<p>Vernissage: 23.05.2025 &#8211; 19:00 Uhr<br \/>\nAusstellungsdauer: 23. Mai \u2013 31. August 2025<\/p>\n<p>Kunsthalle Barmen &#8211; Geschwister-Scholl-Platz 4-6 &#8211; 42269 Wuppertal<br \/>\nGe\u00f6ffnet Donnerstag: Sonntag 14:00 \u2013 18:00 Uhr<\/p>\n<p><strong>Link zur Webseite der Kunsthalle Barmen:<\/strong><\/p>\n<p><a href=\"https:\/\/kunsthallebarmen.de\/\">https:\/\/kunsthallebarmen.de<\/a><\/p>\n<div id=\"attachment_84096\" class=\"wp-caption alignnone\" style=\"max-width: 2570px;\"><img loading=\"lazy\" decoding=\"async\" class=\"wp-image-84096 size-full\" src=\"\/wp-content\/uploads\/2025\/05\/Ach-Ach-Ach-.-Toni_Schmale-scaled.jpg\" alt=\"\" width=\"2560\" height=\"1843\" \/><span class=\"wp-caption-text\">Das Kunstwerk &#8222;Ach, Ach, Ach&#8220; von Toni Schmale &#8211; \u00a9 Ralf Silberkuhl<\/span><\/div>\n","protected":false},"excerpt":{"rendered":"<p>Diese Gruppen- Ausstellung in Kunsthalle Barmen thematisiert menschliche Ur\u00e4ngste. Titel: \u201eDo Worry Be Bappy\u201c. Gezeigt werden Werke etablierter sowie aufstrebender K\u00fcnstlerinnen und K\u00fcnstler und von Kunststudenten der Bergischen Universit\u00e4t. Die Vernissage findet am Freitag (23.05.) statt. <\/p>\n","protected":false},"author":7,"featured_media":0,"comment_status":"open","ping_status":"open","sticky":false,"template":"","format":"standard","meta":{"footnotes":""},"categories":[29],"tags":[],"class_list":["post-83304","post","type-post","status-publish","format-standard","hentry","category-kultur"],"publishpress_future_action":{"enabled":false,"date":"2026-05-05 20:04:44","action":"change-status","newStatus":"draft","terms":[],"taxonomy":"category","extraData":[]},"publishpress_future_workflow_manual_trigger":{"enabledWorkflows":[]},"_links":{"self":[{"href":"https:\/\/www.die-stadtzeitung.de\/index.php\/wp-json\/wp\/v2\/posts\/83304","targetHints":{"allow":["GET"]}}],"collection":[{"href":"https:\/\/www.die-stadtzeitung.de\/index.php\/wp-json\/wp\/v2\/posts"}],"about":[{"href":"https:\/\/www.die-stadtzeitung.de\/index.php\/wp-json\/wp\/v2\/types\/post"}],"author":[{"embeddable":true,"href":"https:\/\/www.die-stadtzeitung.de\/index.php\/wp-json\/wp\/v2\/users\/7"}],"replies":[{"embeddable":true,"href":"https:\/\/www.die-stadtzeitung.de\/index.php\/wp-json\/wp\/v2\/comments?post=83304"}],"version-history":[{"count":13,"href":"https:\/\/www.die-stadtzeitung.de\/index.php\/wp-json\/wp\/v2\/posts\/83304\/revisions"}],"predecessor-version":[{"id":84100,"href":"https:\/\/www.die-stadtzeitung.de\/index.php\/wp-json\/wp\/v2\/posts\/83304\/revisions\/84100"}],"wp:attachment":[{"href":"https:\/\/www.die-stadtzeitung.de\/index.php\/wp-json\/wp\/v2\/media?parent=83304"}],"wp:term":[{"taxonomy":"category","embeddable":true,"href":"https:\/\/www.die-stadtzeitung.de\/index.php\/wp-json\/wp\/v2\/categories?post=83304"},{"taxonomy":"post_tag","embeddable":true,"href":"https:\/\/www.die-stadtzeitung.de\/index.php\/wp-json\/wp\/v2\/tags?post=83304"}],"curies":[{"name":"wp","href":"https:\/\/api.w.org\/{rel}","templated":true}]}}