{"id":83079,"date":"2025-04-08T12:34:08","date_gmt":"2025-04-08T10:34:08","guid":{"rendered":"https:\/\/www.die-stadtzeitung.de\/?p=83079"},"modified":"2025-04-18T08:50:45","modified_gmt":"2025-04-18T06:50:45","slug":"das-pablo-held-trio-ist-reif-fuer-die-insel","status":"publish","type":"post","link":"https:\/\/www.die-stadtzeitung.de\/index.php\/2025\/04\/08\/das-pablo-held-trio-ist-reif-fuer-die-insel\/","title":{"rendered":"Das \u201ePablo Held Trio\u201c ist reif f\u00fcr die &#8222;INSEL&#8220;"},"content":{"rendered":"<div id=\"attachment_83119\" class=\"wp-caption alignnone\" style=\"max-width: 1034px;\"><img loading=\"lazy\" decoding=\"async\" class=\"size-full wp-image-83119\" src=\"\/wp-content\/uploads\/2025\/04\/188332_1720516016.3254-1.jpg\" alt=\"\" width=\"1024\" height=\"634\" \/><span class=\"wp-caption-text\">Das &#8222;Pablo Held Trio&#8220; tritt am 24.04. in der INSREL auf &#8211; \u00a9 Linghuan Zhang<\/span><\/div>\n<p>Das \u201ePablo Held Trio\u201c \u00fcberschreitet die Grenzen zwischen Komposition und Improvisation, indem es auf Festlegungen \u2013 eine Abfolge von Themen und einen vorgezeichneten Weg, diese zu pr\u00e4sentieren \u2013 bei Konzerten verzichtet.<\/p>\n<p>Das Risiko radikaler Spontanit\u00e4t verleiht dem Trio seit Jahren Fl\u00fcgel, so dass es zum Modell einer \u00c4sthetik geworden ist, welche man nur bei wenigen K\u00fcnstlerinnen und K\u00fcnstlern des Genres findet. Die Koh\u00e4sion des Pablo Held Trios beruht auf Freundschaft und auf dem sch\u00f6pferischen Willen, best\u00e4ndig Neuland zu betreten.<\/p>\n<p>Das k\u00fcnstlerische Gewicht und die Eigenst\u00e4ndigkeit der drei Ausnahmemusiker ist ein Anziehungspunkt f\u00fcr einen wachsenden Kreis kongenialer Musiker des europ\u00e4ischen und amerikanischen Kontinents, die das Trio h\u00e4ufig erweitern.<\/p>\n<p>&#8222;One of the great groups in music today\u201c, lobt der ber\u00fchmte Jazz-Gitarrist und Komponist John Scofield.<\/p>\n<p>Eine Veranstaltung der INSEL. Gef\u00f6rdert von der Intitiative Musik und der Beauftragten der Bundesregierung f\u00fcr Kultur und Medien.<\/p>\n<p><strong>Termin:<\/strong><\/p>\n<h4>Pablo Held Trio<\/h4>\n<p><strong>INSEL-Jazz<\/strong><\/p>\n<p>Besetzung:<\/p>\n<p>Pablo Held \u2013 Piano<\/p>\n<p>Robert Landfermann \u2013 Bass<\/p>\n<p>Jonas Burgwinkel &#8211; Schlagzeug<\/p>\n<p><strong>Donnerstag &#8211; 24. April 2025 &#8211; 19:30 Uhr<\/strong><\/p>\n<p>Eintritt: 18\/8 (VVK) und 20\/10 (AK)<\/p>\n<p>INSEL im Caf\u00e9 ADA Wiesenstr. 6 \u2013 4105 Wuppertal<\/p>\n<p>INFOS und TICKETS: <a href=\"https:\/\/insel.news\/Programm\">INSEL Programm<\/a><\/p>\n<p>&nbsp;<\/p>\n<p>&nbsp;<\/p>\n","protected":false},"excerpt":{"rendered":"<p>Das \u201ePablo Held Trio\u201c ist reif f\u00fcr die &#8222;INSEL&#8220;. Es gilt derzeit als eine der lebendigsten und bedeutendsten Formationen des europ\u00e4ischen Jazz. Am Donnerstag (24.04.) tritt die Band an der INSEL auf.<\/p>\n","protected":false},"author":7,"featured_media":0,"comment_status":"open","ping_status":"open","sticky":false,"template":"","format":"standard","meta":{"footnotes":""},"categories":[29],"tags":[],"class_list":["post-83079","post","type-post","status-publish","format-standard","hentry","category-kultur"],"publishpress_future_action":{"enabled":false,"date":"2026-05-08 19:04:43","action":"change-status","newStatus":"draft","terms":[],"taxonomy":"category","extraData":[]},"publishpress_future_workflow_manual_trigger":{"enabledWorkflows":[]},"_links":{"self":[{"href":"https:\/\/www.die-stadtzeitung.de\/index.php\/wp-json\/wp\/v2\/posts\/83079","targetHints":{"allow":["GET"]}}],"collection":[{"href":"https:\/\/www.die-stadtzeitung.de\/index.php\/wp-json\/wp\/v2\/posts"}],"about":[{"href":"https:\/\/www.die-stadtzeitung.de\/index.php\/wp-json\/wp\/v2\/types\/post"}],"author":[{"embeddable":true,"href":"https:\/\/www.die-stadtzeitung.de\/index.php\/wp-json\/wp\/v2\/users\/7"}],"replies":[{"embeddable":true,"href":"https:\/\/www.die-stadtzeitung.de\/index.php\/wp-json\/wp\/v2\/comments?post=83079"}],"version-history":[{"count":2,"href":"https:\/\/www.die-stadtzeitung.de\/index.php\/wp-json\/wp\/v2\/posts\/83079\/revisions"}],"predecessor-version":[{"id":83120,"href":"https:\/\/www.die-stadtzeitung.de\/index.php\/wp-json\/wp\/v2\/posts\/83079\/revisions\/83120"}],"wp:attachment":[{"href":"https:\/\/www.die-stadtzeitung.de\/index.php\/wp-json\/wp\/v2\/media?parent=83079"}],"wp:term":[{"taxonomy":"category","embeddable":true,"href":"https:\/\/www.die-stadtzeitung.de\/index.php\/wp-json\/wp\/v2\/categories?post=83079"},{"taxonomy":"post_tag","embeddable":true,"href":"https:\/\/www.die-stadtzeitung.de\/index.php\/wp-json\/wp\/v2\/tags?post=83079"}],"curies":[{"name":"wp","href":"https:\/\/api.w.org\/{rel}","templated":true}]}}