{"id":82915,"date":"2025-04-11T12:10:27","date_gmt":"2025-04-11T10:10:27","guid":{"rendered":"https:\/\/www.die-stadtzeitung.de\/?p=82915"},"modified":"2025-04-21T17:01:34","modified_gmt":"2025-04-21T15:01:34","slug":"open-air-urban-art-museum-ukw-waechst-weiter","status":"publish","type":"post","link":"https:\/\/www.die-stadtzeitung.de\/index.php\/2025\/04\/11\/open-air-urban-art-museum-ukw-waechst-weiter\/","title":{"rendered":"Open Air Urban-Art-Museum &#8222;UKW&#8220; w\u00e4chst weiter"},"content":{"rendered":"<div id=\"attachment_82918\" class=\"wp-caption alignnone\" style=\"max-width: 1010px;\"><img loading=\"lazy\" decoding=\"async\" class=\"wp-image-82918 size-full\" src=\"\/wp-content\/uploads\/2025\/04\/Artez-Bourgoin-Jallieu.jpg\" alt=\"\" width=\"1000\" height=\"756\" \/><span class=\"wp-caption-text\">Ein Werk des K\u00fcnstlers Artez aus Belgrad (Serbien) &#8211; \u00a9 wupperone929 urabanart e.V.<\/span><\/div>\n<p>Initiatorin Valentina Manojlov: \u201eUKW \u2013 das ist eine kreative Explosion von Kulturen, exportieren und importieren von Heimatgef\u00fchlen, schaffen von lebendigen Lebensr\u00e4umen und erm\u00f6glichen von vielf\u00e4ltigen Begegnungen \u2013 einfach gro\u00dfartige Kunst from da Street to da people.\u201c<\/p>\n<p>Das Ergebnis: 24 Quartiere, 24 Werkst\u00e4tten, 24 Fassaden und 24 internationale K\u00fcnstler entlang der Wuppertaler Talachse, von Vohwinkel bis Langerfeld-Mitte. Ein sehr gro\u00dfes Projekt mit einer sehr gro\u00dfen Aufgabe geht nun in die 3. Edition.<\/p>\n<h4>R\u00dcCKBLICK \u2013 Edition 2024<\/h4>\n<p>11 Murals, 2 Preise, jede Menge Begegnung und viel Aufmerksamkeit &#8211; so ist die Edition 2024 zu Ende gegangen.<\/p>\n<p>Murals, die neu entstanden sind und dadurch die Sammlung des OpenAir-Museums auf insgesamt 20 Werke erweiterten und die sich nun un\u00fcbersehbar von Vohwinkel bis Oberbarmen entlang der Talachse schl\u00e4ngeln.<\/p>\n<div id=\"attachment_82929\" class=\"wp-caption alignnone\" style=\"max-width: 2570px;\"><img loading=\"lazy\" decoding=\"async\" class=\"size-full wp-image-82929\" src=\"\/wp-content\/uploads\/2025\/04\/UKW_Presse_230411-001sw-scaled-1.jpg\" alt=\"\" width=\"2560\" height=\"1960\" \/><span class=\"wp-caption-text\">Valentina Manojlov mit ihren Team-Kollegen J\u00f6rg Degenkolb-Degerli (l.) und Christoph Sch\u00f6nbach \u2013 \u00a9 WupperOne929 UrbanArt<\/span><\/div>\n<p>K\u00fcnstler aus Portugal, Polen, der Schweiz, aus Frankreich, Spanien, Australien, Belgien und dem deutschen Erding waren zu Gast in der Stadt. Sie haben \u00fcberall ihre Spuren hinterlassen, sind in den Austausch mit B\u00fcrgern und Besuchern gegangen, haben rund um die Werke kleine Geschichten zur\u00fcckgelassen und ein kleines St\u00fcck Wuppertal mit Hause genommen.<\/p>\n<p>Mittlerweile findet sich auch Wuppertal im \u201eMarco Polo Trendguide 2025\u201c als unentdeckter Ort wieder. Dekoriert wurde der Verein \u201cWUPPERONE929 URBANART e.V.\u201c 2024 f\u00fcr das kreative Projekt mit Wirtschaftspreis f\u00fcr Stadtmarketing und auch mit dem Springmann Preis. Das WDR-Kulturmagazin \u201eWestArt\u201c adelte das \u00f6ffentliche Kunst-Projekt mit einem sehr positiven, ausf\u00fchrlichen Fernsehbeitrag.<\/p>\n<div id=\"attachment_82919\" class=\"wp-caption alignnone\" style=\"max-width: 1090px;\"><img loading=\"lazy\" decoding=\"async\" class=\"wp-image-82919 size-full\" src=\"\/wp-content\/uploads\/2025\/04\/MadC-Bautzen.webp\" alt=\"\" width=\"1080\" height=\"1080\" \/><span class=\"wp-caption-text\">Ein imposantes Mural des K\u00fcnstlers MadC aus Bautzen (Sachsen) &#8211; \u00a9 wupperone929 urbanart e.V.<\/span><\/div>\n<p>Au\u00dferdem gab die Deutsche Post eine Briefmarke heraus mit dem Mural \u201eHeimat\u201c als Motiv. Das StreetArt-Werk wurde in der Edition 2023 vom deutschen K\u00fcnstler Case Maclaim geschaffen. Last but not least stattete Ina Scharrenbach, NRW-Ministerin f\u00fcr Heimat, Kommunales, Bau und Digitalisierung, dem au\u00dfergew\u00f6hnlichen Open-Air-Kunst-Museum einen Besuch ab.<\/p>\n<p>Auch bei den Wuppertalerinnen und Wuppertaler selbst findet das Projekt viel positiven Anklang. Den Eindruck gewannen Valentina Manojlov und ihr Team in vielen Gespr\u00e4chen mit B\u00fcrgerinnen und B\u00fcrgern in den Wuppertaler Quartieren. Und die attraktiven StreetArt-Kunstwerke locken inzwischen auch immer mehr Touristen an.<\/p>\n<div id=\"attachment_82920\" class=\"wp-caption alignnone\" style=\"max-width: 1034px;\"><img loading=\"lazy\" decoding=\"async\" class=\"wp-image-82920 size-full\" src=\"\/wp-content\/uploads\/2025\/04\/Studio-Giftig.jpg\" alt=\"\" width=\"1024\" height=\"576\" \/><span class=\"wp-caption-text\">Ein Werk des Duos Studio Giftig aus Eindhoven (Niederlande) &#8211; \u00a9 wupperone929 urbanart e.V.<\/span><\/div>\n<p>Valentina Manojlov (Head of Project): \u201eEs gab viel Besuch aus dem nahen Umfeld, aber auch aus weiter Ferne. Und ansonsten waren wir auch wieder quer durch die Stadt unterwegs und haben mit den Menschen in den Quartieren gequatscht, versucht neue Blickwinkel auf die Stadt zu kriegen und neue Einblicke in ihre Lebenswirklichkeiten zu gewinnen, deren Stimmungen wir in der Podcast-Reihe \u201aUrbaner KunstRaum Wuppertal \u2013 Mit Kunst Heimat gestalten\u2018, eingefangen.\u201c<\/p>\n<p>Der Podcast ist \u00fcbrigens auf\u00a0<a href=\"http:\/\/www.urbaner-kunstraum.de\">http:\/\/www.urbaner-kunstraum.de<\/a> wie auch auf allen g\u00e4ngigen Streaming-Plattformen zu h\u00f6ren sind.<\/p>\n<h4>AUSBLICK \u2013 EDITION 2025<\/h4>\n<p>In diesem Jahr startet die letzte Edition. Nach einer umfangreichen Planungs- und Vorbereitungsphase stehen fast alle K\u00fcnstler f\u00fcr 2025 fest: Der K\u00fcnstler Artez (Belgrad) mit seiner Mischung aus Fotorealismus und Illustration, das Duo Studio Giftig (Eindhoven) mit ihren fotorealistischen Figuren eingebettet in surrealen Welten, MadC (Bautzen), die immer wieder neue Spannungsfelder zwischen Schrift und Abstraktion schafft.<\/p>\n<div id=\"attachment_82921\" class=\"wp-caption alignnone\" style=\"max-width: 970px;\"><img loading=\"lazy\" decoding=\"async\" class=\"wp-image-82921 size-full\" src=\"\/wp-content\/uploads\/2025\/04\/Deih-XLF-6.jpg\" alt=\"\" width=\"960\" height=\"674\" \/><span class=\"wp-caption-text\">Ein StreetArt-Werk des K\u00fcnstlers Deih aus Valencia (Spanien) &#8211; \u00a9 wupperone9292 urbanart e.V.<\/span><\/div>\n<p>Insane51 (Athen) bekannt f\u00fcr seinen selbstkreierten \u201eDouble Exposure 3D\u201c Style und so insane wie sein Name, Guido van Helten (Bribane), der Meister der atemberaubenden monochromen Portr\u00e4ts, Zoer aus Paris, der sich der Faszination Auto widmet in einer Vielfalt von Ausdrucksm\u00f6glichkeiten, Nuno Viegas (Quarteira) und seine Hommage an die Graffitikunst in einer unfassbaren Klarheit und Deih (Valencia) mit seinem visuellen Universum zwischen der Comicreihe Tank Girl und dem Zeichner Jack Kirby.<\/p>\n<p>Valentina Manojlov: \u201eEs geht erst mal mit acht K\u00fcnstlern an den Start und wieder ein Line Up, das sich wirklich sehen lassen kann und das worldwide. Aber auch in unserer letzten Edition werden wir wieder um die H\u00e4user ziehen und mit den Menschen quatschen. Mit von der Partie sind der Sonnborner SC \u2013 da gab es schon ein Gespr\u00e4ch, ebenso mit dem Wuppertaler Miniaturland in Kombination mit dem MEC Wuppertal. Gespr\u00e4che mit der Hochschule f\u00fcr Tanz und Musik K\u00f6ln sowie dem Wi4U Jugendzentrum in Verbindung mit dem JMD im Quartier Wichlinghausen sind noch geplant. \u00a0Aber das sind l\u00e4ngst noch nicht alle. Let\u2019s get it started &#8211; wir freuen uns auf Euch!\u201c<\/p>\n<div id=\"attachment_82922\" class=\"wp-caption alignnone\" style=\"max-width: 1930px;\"><img loading=\"lazy\" decoding=\"async\" class=\"wp-image-82922 size-full\" src=\"\/wp-content\/uploads\/2025\/04\/Guido-van-Helten-Brisbane.jpg\" alt=\"\" width=\"1920\" height=\"1523\" \/><span class=\"wp-caption-text\">Dieses beeindruckende Mural schuf der K\u00fcnstler Guido van Helten aus Brisbane (Australien) &#8211; \u00a9 wupperone929 urbanart e.V.<\/span><\/div>\n<p><strong>Urbaner KunstRaum Wuppertal \u2013 OpenAir UrbanArt Museum<\/strong><\/p>\n<p><a href=\"http:\/\/www.urbaner-kunstraum.de\">http:\/\/www.urbaner-kunstraum.de<\/a><\/p>\n<h4><\/h4>\n","protected":false},"excerpt":{"rendered":"<p>Der Urbane Kunstraum Wuppertal (UKW), die Menschen, die Stadt und viel Kunst \u2013 \u00f6ffentlich und f\u00fcr alle sichtbar und erlebbar. In drei Jahren (2023-2025) h\u00fcbscht der Verein \u201cWUPPERONE929 URBANART e.V.\u201c die Stadt mit internationaler StreetArt zu lokalen Themen auf und initiiert so die StreetArt-Sammlung f\u00fcr ein einmaliges OpenAir-Museum.<\/p>\n","protected":false},"author":7,"featured_media":0,"comment_status":"open","ping_status":"open","sticky":false,"template":"","format":"standard","meta":{"footnotes":""},"categories":[29],"tags":[],"class_list":["post-82915","post","type-post","status-publish","format-standard","hentry","category-kultur"],"publishpress_future_action":{"enabled":false,"date":"2026-05-09 08:01:08","action":"change-status","newStatus":"draft","terms":[],"taxonomy":"category","extraData":[]},"publishpress_future_workflow_manual_trigger":{"enabledWorkflows":[]},"_links":{"self":[{"href":"https:\/\/www.die-stadtzeitung.de\/index.php\/wp-json\/wp\/v2\/posts\/82915","targetHints":{"allow":["GET"]}}],"collection":[{"href":"https:\/\/www.die-stadtzeitung.de\/index.php\/wp-json\/wp\/v2\/posts"}],"about":[{"href":"https:\/\/www.die-stadtzeitung.de\/index.php\/wp-json\/wp\/v2\/types\/post"}],"author":[{"embeddable":true,"href":"https:\/\/www.die-stadtzeitung.de\/index.php\/wp-json\/wp\/v2\/users\/7"}],"replies":[{"embeddable":true,"href":"https:\/\/www.die-stadtzeitung.de\/index.php\/wp-json\/wp\/v2\/comments?post=82915"}],"version-history":[{"count":10,"href":"https:\/\/www.die-stadtzeitung.de\/index.php\/wp-json\/wp\/v2\/posts\/82915\/revisions"}],"predecessor-version":[{"id":82934,"href":"https:\/\/www.die-stadtzeitung.de\/index.php\/wp-json\/wp\/v2\/posts\/82915\/revisions\/82934"}],"wp:attachment":[{"href":"https:\/\/www.die-stadtzeitung.de\/index.php\/wp-json\/wp\/v2\/media?parent=82915"}],"wp:term":[{"taxonomy":"category","embeddable":true,"href":"https:\/\/www.die-stadtzeitung.de\/index.php\/wp-json\/wp\/v2\/categories?post=82915"},{"taxonomy":"post_tag","embeddable":true,"href":"https:\/\/www.die-stadtzeitung.de\/index.php\/wp-json\/wp\/v2\/tags?post=82915"}],"curies":[{"name":"wp","href":"https:\/\/api.w.org\/{rel}","templated":true}]}}