{"id":82785,"date":"2025-04-02T09:53:04","date_gmt":"2025-04-02T07:53:04","guid":{"rendered":"https:\/\/www.die-stadtzeitung.de\/?p=82785"},"modified":"2025-04-09T12:10:04","modified_gmt":"2025-04-09T10:10:04","slug":"wsv-erster-sieg-2025-aber-das-bangen-geht-weiter","status":"publish","type":"post","link":"https:\/\/www.die-stadtzeitung.de\/index.php\/2025\/04\/02\/wsv-erster-sieg-2025-aber-das-bangen-geht-weiter\/","title":{"rendered":"WSV:\u00a0Erster Sieg 2025 &#8211; aber das Bangen geht weiter"},"content":{"rendered":"<div id=\"attachment_82787\" class=\"wp-caption alignnone\" style=\"max-width: 2570px;\"><img loading=\"lazy\" decoding=\"async\" class=\"wp-image-82787 size-full\" src=\"\/wp-content\/uploads\/2025\/04\/Classen-05-04-2025-290-scaled.jpg\" alt=\"\" width=\"2560\" height=\"1814\" \/><span class=\"wp-caption-text\">Endlich einmal wieder Grund zum Jubeln beim WSV. Die drei Torsch\u00fctzen (v.l.) Etienne-Noel Reck, Dildar Atmaca und Benedikt Wimmer (2 Tore) &#8211; \u00a9 Jochen Classen<\/span><\/div>\n<p>Aus mehrerer Gr\u00fcnden muss um den Klassenerhalt des WSV aber weiter gebangt werden. Erstaunlich war schon, dass die D\u00fcrener \u00fcberhaupt im Wuppertaler Stadion antreten konnten, nachdem der Club in Insolvenz geraten war und\u00a0 die gesamte erste Elf samt Trainer gek\u00fcndigt hatte.<\/p>\n<p>So lief die Zweitvertretung (U19\/ U23-Spieler) aus dem Aachener Raum auf, die sonst in der Landesliga Mittelrhein agiert, mithin zwei Klassen unter der Regionalliga. &#8222;Das wird heute zweistellig\u201c, frohlockten schon einige Trib\u00fcnenbesucher vor dem Anpfiff.<\/p>\n<h4>Dynamik \u201eDavid gegen Goliath\u201c<\/h4>\n<p>Doch sie sollten sich irren, hatten nicht mit der Dynamik \u201eDavid gegen Goliath\u201c in diesem zun\u00e4chst absolut ungleich scheinenden Kampf gerechnet. In der 15. Spielminute schien sich gar eine Sensation anzubahnen, als die G\u00e4ste mit 1:0 in F\u00fchrung gingen. Sollten die Wuppertaler wieder Nerven zeigen oder weiter vom Pech verfolgt bleiben?<\/p>\n<div id=\"attachment_82788\" class=\"wp-caption alignnone\" style=\"max-width: 2310px;\"><img loading=\"lazy\" decoding=\"async\" class=\"wp-image-82788 size-full\" src=\"\/wp-content\/uploads\/2025\/04\/Classen-05-04-2025-080.jpg\" alt=\"\" width=\"2300\" height=\"1533\" \/><span class=\"wp-caption-text\">Dildar Atmaca erzielte das 3:1 f\u00fcr den Wuppertaler SV &#8211; \u00a9 Jochen Classen<\/span><\/div>\n<p>Der an diesem Tage \u00e4lteste und zugleich beste D\u00fcrener Akteur, Philipp Simon (31), hatte einen schnellen Entlastungs-Angriff bis in den Wuppertaler Strafraum gestartet, wo das Leder WSV-Verteidiger Subaru Nishimura bei dessen Kl\u00e4rungsversuch an die Hand sprang. Schiedsrichter Sch\u00f6neseiffen (Bornheim) erkannte auf Elfmeter, den Phillip Simon (bisher 10 Saisontore) sicher verwandelte.<\/p>\n<p>Danach gab es sogar noch einmal bange Momente f\u00fcr den WSV, als jener Philipp Simon in der 24. Marcel Fabian Olschewski bediente, WSV-Keeper Luyambula aber Schlimmeres verhinderte. Erste Pfiffe kamen bereits auf, ehe Abwehr-Recke Benedikt Wimmer im Anschluss an die f\u00fcnfte, jetzt von Terrazzino getretene Ecke, per Kopfball in der 31. Spielminute zum Ausgleich einnickte und damit den Pausenstand herstellte.<\/p>\n<p>WSV-Cheftrainer Tyrala reagierte zur zweiten Halbzeit und wechselte mit Etienne-Noel Reck und Ricardo Grym zwei weitere Angreifer ein. Doch wieder war es Benedikt Wimmer, der vier Minuten nach dem Seitenwechsel mit einem tollem energischen R\u00fcckzieher aus kurzer Distanz zum 2:1 einschoss. Danach lief es besser f\u00fcr die Rotblauen. Dildar Atmaca (61.) und Etienne-Noel Reck (63.) erh\u00f6hten zum 4:1 Endstand. D\u00fcren kam zwar noch einmal zu einer Gro\u00dfchance, doch ein Schuss von Samy Jaksic verfehlte das WSV-Geh\u00e4use (74.) knapp.<\/p>\n<div id=\"attachment_82789\" class=\"wp-caption alignnone\" style=\"max-width: 2570px;\"><img loading=\"lazy\" decoding=\"async\" class=\"wp-image-82789 size-full\" src=\"\/wp-content\/uploads\/2025\/04\/Classen-05-04-2025-142-scaled.jpg\" alt=\"\" width=\"2560\" height=\"1706\" \/><span class=\"wp-caption-text\">WSV-Cheftrainer Sebastian Tyrala erteilt hochengagiert Anweisungen vom Spielfeldrand &#8211; \u00a9 Jochen Classen<\/span><\/div>\n<h4>Hoffnungstr\u00e4ger Hugo Schmidt und Emil Metz<\/h4>\n<p>Trainer Sebastian Tyrala brachte im Schluss-Drittel noch Yousef Qashi sowie zwei Eigengew\u00e4chse, die Youngster Hugo Schmidt und Emil Metz. F\u00fcr den jungen Metz war es die mit viel Beifall bedachte Regionalliga-Premiere. Tyrala sah sich sp\u00e4ter mit dieser richtigen und zukunftsweisenden Entscheidung in der Kritik, nicht genug f\u00fcr das Torverh\u00e4ltnis getan zu haben.<\/p>\n<p>Tats\u00e4chlich aber hatten seine Spieler hierzu zuvor ausreichend Gelegenheiten, ohne sie genutzt zu haben. In diesem Punkt offenbarten sich einmal mehr sehr deutlich die strukturellen Angriffs-Schw\u00e4chen seines Teams. Tyrala sagte sp\u00e4ter: \u201eWir haben zuletzt richtig gute Spiele gemacht und Punkte verloren, heute haben wir gegen einen Gegner, der sehr tief stand, nicht so gut gespielt, aber gewonnen. Ich h\u00e4tte in der heutigen Situation auch ein 1:0 genommen.\u201c<\/p>\n<p>Dann mit einem Blick in die unsichere D\u00fcrener Zukunft: \u201eIch hoffe, dass D\u00fcren zu Ende spielt und wir die Punkte auch behalten k\u00f6nnen.\u201c Tats\u00e4chlich steht da angesichts der D\u00fcrener Millionen-Schulden noch einiges, auch ein R\u00fcckzug aus der Regionalliga, zu bef\u00fcrchten. Dies h\u00e4tte f\u00fcr den WSV einen Verlust von vier Punkten zur Folge.<\/p>\n<div id=\"attachment_82790\" class=\"wp-caption alignnone\" style=\"max-width: 2428px;\"><img loading=\"lazy\" decoding=\"async\" class=\"wp-image-82790 size-full\" src=\"\/wp-content\/uploads\/2025\/04\/Classen-05-04-2025-102.jpg\" alt=\"\" width=\"2418\" height=\"1612\" \/><span class=\"wp-caption-text\">Dominik Wimmer traf per Kopf zum zwischenzeitlichen 1:1-Ausgleich, sp\u00e4ter erzielte er auch noch das 2:1 &#8211; \u00a9 Jochen Classen<\/span><\/div>\n<h4>H\u00e4lt der FC D\u00fcren bis zum Saison-Ende durch?<\/h4>\n<p>In D\u00fcren werden inzwischen arbeitslose Kicker gesucht, um den Spielbetrieb aufrecht erhalten zu k\u00f6nnen. Ziemlich sicher d\u00fcrfte nur sein, dass D\u00fcren das n\u00e4chste Heimspiel gegen Spitzenreiter MSV Duisburg noch bestreitet, der gro\u00dfes Zuschauerinteresse und damit eine gro\u00dfe Einnahme verspricht.<\/p>\n<p>D\u00fcrens Interims-Trainer Luca Lausberg (30) hatte seinen Stolz \u00fcber die Leistung seiner Mannschaft zum Ausdruck gebracht, konnte aber unsere Frage, wie man demn\u00e4chst weiterspielen werde,\u00a0nicht beantworten. \u201eDas wird erst am kommende Dienstag entschieden\u201c, sagte er.<\/p>\n<p>Der WSV spielt indessen am kommenden Freitag Abend beim 1.FC K\u00f6ln II, ehe Ostersamstag der Tabellenzweite Borussia M\u00f6nchengladbach im Zoostadion antritt.<\/p>\n<p><b>Text: Siegfried J\u00e4hne<\/b><\/p>\n<div id=\"attachment_82791\" class=\"wp-caption alignnone\" style=\"max-width: 2570px;\"><img loading=\"lazy\" decoding=\"async\" class=\"wp-image-82791 size-full\" src=\"\/wp-content\/uploads\/2025\/04\/Classen-05-04-2025-307-scaled.jpg\" alt=\"\" width=\"2560\" height=\"1050\" \/><span class=\"wp-caption-text\">Drei Punkte geholt und trotzdem keine \u00fcberschw\u00e4ngliche Freude bei WSV-Cheftrainer Sebastian Tyrala (r.). D\u00fcrens Interims-Trainer Luca Lausberg konnte mit der Leistung seiner Not-Elf zufrieden sein. Geleitet wurde die Pressekonferenz nach dem Spiel von Jonas P\u00fctz &#8211; \u00a9 Jochen Classen<\/span><\/div>\n<h4>Wuppertaler SV &#8211; 1. FC D\u00fcren 4:1 (1:1)<\/h4>\n<p><strong>Aufstellung des WSV: <\/strong><\/p>\n<p>Luyambula (81. Metz) \u2013 Gembalies \u2013 Hagemann \u2013 Nishimura (46. Grym) \u2013 Wimmer \u2013 Atmaca \u2013 Ercan \u2013 J. Munsters (46. Reck) \u2013 Saric (64. Qashi) \u2013 Terrazzino (71. Schmidt) \u00a0\u2013 Cejas<\/p>\n<p><strong>Tore:<\/strong> 1:0 Simon (16. EM) \u2013 1:1 Wimmer (32.) \u2013 2:1 Wimmer (49.) \u2013 3:1 Atmaca (61.) \u2013 4:1 Reck (63.)<\/p>\n<p><strong>Schiedsrichter: <\/strong>Sch\u00f6neseiffen (Bornheim)<\/p>\n<p><strong>Zuschauer:<\/strong> 1.786<\/p>\n<p><strong>Stadion:<\/strong> Stadion am Zoo<\/p>\n<p>&nbsp;<\/p>\n<p>&nbsp;<\/p>\n<p>&nbsp;<\/p>\n<p>&nbsp;<\/p>\n<p>&nbsp;<\/p>\n<p>&nbsp;<\/p>\n","protected":false},"excerpt":{"rendered":"<p>Es ist ein Lichtblick f\u00fcr den Wuppertaler SV, mehr leider nicht. Die Rotblauen bezwangen im Heimspiel vor 1.786 Besuchern das \u201eNot-Team\u201c des in arge Bedr\u00e4ngnis geratenen 1.FC D\u00fcren nach 0:1-R\u00fcckstand mit 4:1 Toren. Der erste Sieg dieses Jahr brachte dem Tyrala-Team mit Rang 13 und zwei Punkte Abstand zur Gefahrenzone einen Nicht-Abstiegsplatz.<\/p>\n","protected":false},"author":7,"featured_media":0,"comment_status":"open","ping_status":"open","sticky":false,"template":"","format":"standard","meta":{"footnotes":""},"categories":[20],"tags":[],"class_list":["post-82785","post","type-post","status-publish","format-standard","hentry","category-sport"],"publishpress_future_action":{"enabled":false,"date":"2026-05-08 01:13:31","action":"change-status","newStatus":"draft","terms":[],"taxonomy":"category","extraData":[]},"publishpress_future_workflow_manual_trigger":{"enabledWorkflows":[]},"_links":{"self":[{"href":"https:\/\/www.die-stadtzeitung.de\/index.php\/wp-json\/wp\/v2\/posts\/82785","targetHints":{"allow":["GET"]}}],"collection":[{"href":"https:\/\/www.die-stadtzeitung.de\/index.php\/wp-json\/wp\/v2\/posts"}],"about":[{"href":"https:\/\/www.die-stadtzeitung.de\/index.php\/wp-json\/wp\/v2\/types\/post"}],"author":[{"embeddable":true,"href":"https:\/\/www.die-stadtzeitung.de\/index.php\/wp-json\/wp\/v2\/users\/7"}],"replies":[{"embeddable":true,"href":"https:\/\/www.die-stadtzeitung.de\/index.php\/wp-json\/wp\/v2\/comments?post=82785"}],"version-history":[{"count":11,"href":"https:\/\/www.die-stadtzeitung.de\/index.php\/wp-json\/wp\/v2\/posts\/82785\/revisions"}],"predecessor-version":[{"id":82801,"href":"https:\/\/www.die-stadtzeitung.de\/index.php\/wp-json\/wp\/v2\/posts\/82785\/revisions\/82801"}],"wp:attachment":[{"href":"https:\/\/www.die-stadtzeitung.de\/index.php\/wp-json\/wp\/v2\/media?parent=82785"}],"wp:term":[{"taxonomy":"category","embeddable":true,"href":"https:\/\/www.die-stadtzeitung.de\/index.php\/wp-json\/wp\/v2\/categories?post=82785"},{"taxonomy":"post_tag","embeddable":true,"href":"https:\/\/www.die-stadtzeitung.de\/index.php\/wp-json\/wp\/v2\/tags?post=82785"}],"curies":[{"name":"wp","href":"https:\/\/api.w.org\/{rel}","templated":true}]}}