{"id":82735,"date":"2025-03-31T18:40:01","date_gmt":"2025-03-31T16:40:01","guid":{"rendered":"https:\/\/www.die-stadtzeitung.de\/?p=82735"},"modified":"2025-04-06T08:23:16","modified_gmt":"2025-04-06T06:23:16","slug":"wsv-absurde-wundertuete-regelwerk-wird-zu-einer-farce","status":"publish","type":"post","link":"https:\/\/www.die-stadtzeitung.de\/index.php\/2025\/03\/31\/wsv-absurde-wundertuete-regelwerk-wird-zu-einer-farce\/","title":{"rendered":"WSV: Absurde Wundert\u00fcte, Regelwerk wird zu einer Farce\u00a0"},"content":{"rendered":"<div class=\"moz-text-html\" lang=\"x-unicode\">\n<div id=\"attachment_82737\" class=\"wp-caption alignnone\" style=\"max-width: 2570px;\"><img loading=\"lazy\" decoding=\"async\" class=\"wp-image-82737 size-full\" src=\"\/wp-content\/uploads\/2025\/04\/IMG_1267-scaled.jpg\" alt=\"\" width=\"2560\" height=\"1674\" \/><span class=\"wp-caption-text\">Bei der Pressekonferenz vor dem Spiel gegen D\u00fcren: (v.l.) WSV-Spieler Vincent Gembalies, Pressesprecher Max Schleicher und Cheftrainer Sebastian Tyrala &#8211; \u00a9 Siegfried J\u00e4hne<\/span><\/div>\n<p>D\u00fcren hat n\u00e4mlich Insolvenz angemeldet. Erst am heutigen Mittag (03.04.) gegen 12:30 Uhr wurde aus D\u00fcren gemeldet, man werde in Wuppertal antreten.\u00a0Insgesamt 26 Personen haben den 1.FC D\u00fcren verlassen.\u00a0 Er verlor damit nicht nur seine Mannschaft und das Trainerteam, sondern wird zus\u00e4tzlich mit einem Abzug von neun Punkten bestraft. D\u00fcren liegt damit aber immer noch mit 26 Punkten auf Rang 11, f\u00fcnf Punkte besser als der WSV, der es erst auf 21 Z\u00e4hler gebracht hat.<\/p>\n<h4>D\u00fcren kommt mit geschw\u00e4chtem Ersatz-Team<\/h4>\n<p>Da aber alle D\u00fcrener Spieler gek\u00fcndigt haben, sind diese nicht mehr spielberichtigt. D\u00fcren wird also Akteure aus der U23 (Landesliga) oder kurzfristig andere Spieler rekrutieren und zwangsl\u00e4ufig mit einem stark geschw\u00e4chten Team weitermachen. Eine Farce f\u00fcr\u00a0 die Mannschaften, die bisher gegen eine starke D\u00fcrener Mannschaft antreten mussten. Da darf man getrost von Wettbewerbsverzerrung sprechen.<\/p>\n<p>WSV-Trainer Sebastian Tyrala machte bei der Pressekonferenz zuvor aus seinem Herzen keine M\u00f6rdergrube: &#8222;Das ist ein nerviges Thema. Nett ausgedr\u00fcckt, geht mir das auf die Eier\u201c. Das Bild der Liga wird noch mehr verzerrt, als das es durch den R\u00fcckzug von T\u00fcrkspor Dortmund ohnehin schon geschah.\u00a0 Neben D\u00fcren drohte bis zuletzt auch beim KFC Uerdingen die Einstellung des Spielbetriebes.<\/p>\n<p>Doch nach Zahlung eines bis dato unbekannten sechsstelligen Geldbetrages gab der Klub aus der Regionalliga West in letzter Minute erstmal Entwarnung. Allerdings rutschten die Krefelder nach der Insolvenz und dem damit verbundenen neun Punkte Abzug auf den vorletzten Tabellenplatz ab. Der KFC rangiert damit jetzt sechs Punkte hinter dem WSV.<\/p>\n<h4>Werden es drei Punkte ohne Wert?<\/h4>\n<p>Viele spricht jetzt daf\u00fcr, dass die Wuppertaler am Samstag zu ihrem ersten Sieg in diesem Jahr kommen k\u00f6nnten. Trainer Tyrala kann seine besteMannschaft aufbieten. Die Frager ist nat\u00fcrlich, welchen Wert die dann erzielten drei Punkte h\u00e4tten? Trainer Tyrala: \u201eDer Worst Case w\u00e4re dann, dass uns sp\u00e4ter die Punkte wieder entzogen w\u00fcrden, sollte D\u00fcren die Saison nicht zu Ende bringen.<\/p>\n<div id=\"attachment_82738\" class=\"wp-caption alignnone\" style=\"max-width: 560px;\"><img loading=\"lazy\" decoding=\"async\" class=\"wp-image-82738 size-full\" src=\"\/wp-content\/uploads\/2025\/04\/IMG_1259.jpg\" alt=\"\" width=\"550\" height=\"718\" \/><span class=\"wp-caption-text\">Vincent Gembalies: WSV-Abwehrspieler und Leistungstr\u00e4ger &#8211; \u00a9 Siegfried J\u00e4hne<\/span><\/div>\n<p>Aber auch sonst ist bei weitem noch nicht alles gekl\u00e4rt. Nach Ablauf der Saison 2024\/25 steigen insgesamt vier Mannschaften aus der West-Gruppe in die jeweilige Oberliga &#8211; Mittelrhein, Niederrhein oder Westfalen &#8211; ab. Allerdings erkl\u00e4rt der Westdeutsche Fu\u00dfballverband (WDFV) in seinem Regelwerk auch, dass verschiedene Szenarien die Zahl der Absteiger reduzieren k\u00f6nnen.<\/p>\n<h4>Gefahr droht auch vom einem m\u00f6glichen Drittliga-Absteiger<\/h4>\n<p>Gibt es beispielsweise keinen Drittliga-Absteiger aus Nordrhein-Westfalen, steigen nur drei Regionalligisten ab. Das bedeutet im Endeffekt, dass drei Absteiger sicher sind und ein vierter dazukommen kann. Die Gefahr eines Drittliga-Absteigers ist nicht gering. Denn Borussia Dortmunds U23 legte zuletzt eine beispiellose Negativ-Serie hin und belegt inzwischen schon einen solchen Abstiegsplatz. Der WSV ist aktuell Drittletzter der Regionalliga und w\u00e4re betroffen, sollte er in den restlichen Spielen nicht noch einige Punkte einfahren.<\/p>\n<p><b>Text: Siegfried J\u00e4hne<\/b><\/p>\n<\/div>\n","protected":false},"excerpt":{"rendered":"<p>Die Fu\u00dfball-Regionalliga ist wie eine Wundert\u00fcte. Der WSV erlebt eine ganz absurde Entwicklung. Der Spielplan sieht am kommenden 27. Spieltag am Samstag die Partie gegen den 1.FC D\u00fcren vor. Zwei Tage vor der Begegnung\u00a0 war man beim Wuppertaler SV noch im ungewissen, ob das Spiel am Samstag im Stadion am Zoo (14 Uhr)) stattfinden wird. Jetzt steht fest, es wird gekickt.\u00a0<\/p>\n","protected":false},"author":7,"featured_media":0,"comment_status":"open","ping_status":"open","sticky":false,"template":"","format":"standard","meta":{"footnotes":""},"categories":[20],"tags":[],"class_list":["post-82735","post","type-post","status-publish","format-standard","hentry","category-sport"],"publishpress_future_action":{"enabled":false,"date":"2026-05-08 14:47:45","action":"change-status","newStatus":"draft","terms":[],"taxonomy":"category","extraData":[]},"publishpress_future_workflow_manual_trigger":{"enabledWorkflows":[]},"_links":{"self":[{"href":"https:\/\/www.die-stadtzeitung.de\/index.php\/wp-json\/wp\/v2\/posts\/82735","targetHints":{"allow":["GET"]}}],"collection":[{"href":"https:\/\/www.die-stadtzeitung.de\/index.php\/wp-json\/wp\/v2\/posts"}],"about":[{"href":"https:\/\/www.die-stadtzeitung.de\/index.php\/wp-json\/wp\/v2\/types\/post"}],"author":[{"embeddable":true,"href":"https:\/\/www.die-stadtzeitung.de\/index.php\/wp-json\/wp\/v2\/users\/7"}],"replies":[{"embeddable":true,"href":"https:\/\/www.die-stadtzeitung.de\/index.php\/wp-json\/wp\/v2\/comments?post=82735"}],"version-history":[{"count":4,"href":"https:\/\/www.die-stadtzeitung.de\/index.php\/wp-json\/wp\/v2\/posts\/82735\/revisions"}],"predecessor-version":[{"id":82741,"href":"https:\/\/www.die-stadtzeitung.de\/index.php\/wp-json\/wp\/v2\/posts\/82735\/revisions\/82741"}],"wp:attachment":[{"href":"https:\/\/www.die-stadtzeitung.de\/index.php\/wp-json\/wp\/v2\/media?parent=82735"}],"wp:term":[{"taxonomy":"category","embeddable":true,"href":"https:\/\/www.die-stadtzeitung.de\/index.php\/wp-json\/wp\/v2\/categories?post=82735"},{"taxonomy":"post_tag","embeddable":true,"href":"https:\/\/www.die-stadtzeitung.de\/index.php\/wp-json\/wp\/v2\/tags?post=82735"}],"curies":[{"name":"wp","href":"https:\/\/api.w.org\/{rel}","templated":true}]}}