{"id":82714,"date":"2025-04-01T11:21:16","date_gmt":"2025-04-01T09:21:16","guid":{"rendered":"https:\/\/www.die-stadtzeitung.de\/?p=82714"},"modified":"2025-04-03T11:21:25","modified_gmt":"2025-04-03T09:21:25","slug":"neue-parkinson-selbsthilfegruppe-ist-unter-dach-und-fach","status":"publish","type":"post","link":"https:\/\/www.die-stadtzeitung.de\/index.php\/2025\/04\/01\/neue-parkinson-selbsthilfegruppe-ist-unter-dach-und-fach\/","title":{"rendered":"Neue Parkinson-Selbsthilfegruppe ist unter Dach und Fach"},"content":{"rendered":"<div id=\"attachment_82716\" class=\"wp-caption alignnone\" style=\"max-width: 2228px;\"><img loading=\"lazy\" decoding=\"async\" class=\"wp-image-82716 size-full\" src=\"\/wp-content\/uploads\/2025\/04\/20250314_153307.jpg\" alt=\"\" width=\"2218\" height=\"1568\" \/><span class=\"wp-caption-text\">Tanzen kann man auch im Sitzen: Bridget Petzold (r.), ausgebildete Vort\u00e4nzerin, und ihre Assistentin Karin Brehm &#8211; \u00a9 &#8220; Wuppertal Parkinson e.V.&#8220;<\/span><\/div>\n<p>Die schon bislang sehr erfolgreiche Arbeit der fr\u00fcher zur in schwere Wasser geratenen Deutschen Parkinson-Vereinigung geh\u00f6renden Gruppe kann fortgesetzt werden. Der alte und neue Vorsitzende hei\u00dft Uwe Brehm, die zweite Vorsitzende Bettina Steinmetz, der eingetragene Verein verf\u00fcgt mit Hartmut Philipp \u00fcber einen Schriftf\u00fchrer, mit Doris Hering \u00fcber eine Kassenwartin und mit B\u00e4rbel Garbe-Hubert \u00fcber eine Kassenpr\u00fcferin.<\/p>\n<p>Die Selbsthilfegruppe ist urspr\u00fcnglich 2024 gegr\u00fcndet worden und verf\u00fcgt \u00fcber exakt 93 zahlende Mitglieder. Das Einzugsgebiet umfasst Wuppertal und den Ennepe-Ruhr-Kreis. Erkl\u00e4rtes Ziel ist es, sich mit der Krankheit, die nicht heilbar ist, auseinanderzusetzen, Isolation, Vereinsamung und Vorurteilen entgegenzuwirken, Selbstvertrauen zu vermitteln und Selbstst\u00e4ndigkeit zu f\u00f6rdern. Motto: Wir f\u00fchren trotz der Krankheit ein aktives Leben.<\/p>\n<p>Bei Krankengymnastik und Ged\u00e4chtnistraining sowie beim anschlie\u00dfenden Kaffee und Kuchen werden in geselliger Runde Erfahrungen ausgetauscht. Ausfl\u00fcge in die n\u00e4here Umgebung (darunter zu Fachkliniken und Reformh\u00e4usern), Studienfahrten, Grillfest, Reibekuchenessen und eine Weihnachtsfeier st\u00e4rken das Gemeinschaftsgef\u00fchl.<\/p>\n<div id=\"attachment_82717\" class=\"wp-caption alignnone\" style=\"max-width: 2570px;\"><img loading=\"lazy\" decoding=\"async\" class=\"wp-image-82717 size-full\" src=\"\/wp-content\/uploads\/2025\/04\/20250314_163330-scaled.jpg\" alt=\"\" width=\"2560\" height=\"924\" \/><span class=\"wp-caption-text\">Die Vereinsmitglieder Im Saal machen beim au\u00dfergew\u00f6hnlichen Tanztee begeistert mit &#8211; \u00a9 &#8220; Wuppertal Parkinson e.V.&#8220;<\/span><\/div>\n<p>In regelm\u00e4\u00dfigen Abst\u00e4nden gibt es Informationen, Vortr\u00e4ge und Hilfestellungen zur Alltagsbew\u00e4ltigung, zu Therapiem\u00f6glichkeiten und \u00fcber alle Arten von Hilfsmitteln. Zu den Partnern der Selbsthilfegruppe z\u00e4hlen die Initiative \u201eDie Alltagsbegleiter\u201c, die Praxis f\u00fcr Ergotherapie Wittenstein, die Physiopraxis Keller, Logop\u00e4die Th\u00f6len sowie die Sanit\u00e4tsh\u00e4user Beuthel und Rahm.<\/p>\n<p>Unbeschadet dessen, dass die aktiven Mitglieder und deren Familienangeh\u00f6rige in der Regel \u00e4lter sind, pflegt man sich dennoch moderner Kommunikationsmethoden zu bedienen. Sehr beliebt und reichlich genutzt wird die eigene Whatsapp-Gruppe.<\/p>\n<p><strong>Weitere Infos unter:<\/strong>\u00a0 <a href=\"http:\/\/www.wuppertal-parkinson.de\">www.wuppertal-parkinson.de<\/a>.<\/p>\n<p>&nbsp;<\/p>\n<p>&nbsp;<\/p>\n<p>&nbsp;<\/p>\n<p>&nbsp;<\/p>\n<p>&nbsp;<\/p>\n<p>&nbsp;<\/p>\n<p>&nbsp;<\/p>\n<p>&nbsp;<\/p>\n<p>&nbsp;<\/p>\n<p>&nbsp;<\/p>\n","protected":false},"excerpt":{"rendered":"<p>Ein Kraftakt sondergleichen, der aber jetzt seinen Abschluss gefunden hat: Die Selbsthilfegruppe \u201eWuppertal-Parkinson e. V.\u201c ist beim Amtsgericht angemeldet, der Vorstand ist gew\u00e4hlt, der Antrag auf Gemeinn\u00fctzigkeit gestellt und genehmigt.<\/p>\n","protected":false},"author":7,"featured_media":0,"comment_status":"open","ping_status":"open","sticky":false,"template":"","format":"standard","meta":{"footnotes":""},"categories":[24],"tags":[],"class_list":["post-82714","post","type-post","status-publish","format-standard","hentry","category-wuppertal"],"publishpress_future_action":{"enabled":false,"date":"2026-05-09 11:02:47","action":"change-status","newStatus":"draft","terms":[],"taxonomy":"category","extraData":[]},"publishpress_future_workflow_manual_trigger":{"enabledWorkflows":[]},"_links":{"self":[{"href":"https:\/\/www.die-stadtzeitung.de\/index.php\/wp-json\/wp\/v2\/posts\/82714","targetHints":{"allow":["GET"]}}],"collection":[{"href":"https:\/\/www.die-stadtzeitung.de\/index.php\/wp-json\/wp\/v2\/posts"}],"about":[{"href":"https:\/\/www.die-stadtzeitung.de\/index.php\/wp-json\/wp\/v2\/types\/post"}],"author":[{"embeddable":true,"href":"https:\/\/www.die-stadtzeitung.de\/index.php\/wp-json\/wp\/v2\/users\/7"}],"replies":[{"embeddable":true,"href":"https:\/\/www.die-stadtzeitung.de\/index.php\/wp-json\/wp\/v2\/comments?post=82714"}],"version-history":[{"count":2,"href":"https:\/\/www.die-stadtzeitung.de\/index.php\/wp-json\/wp\/v2\/posts\/82714\/revisions"}],"predecessor-version":[{"id":82718,"href":"https:\/\/www.die-stadtzeitung.de\/index.php\/wp-json\/wp\/v2\/posts\/82714\/revisions\/82718"}],"wp:attachment":[{"href":"https:\/\/www.die-stadtzeitung.de\/index.php\/wp-json\/wp\/v2\/media?parent=82714"}],"wp:term":[{"taxonomy":"category","embeddable":true,"href":"https:\/\/www.die-stadtzeitung.de\/index.php\/wp-json\/wp\/v2\/categories?post=82714"},{"taxonomy":"post_tag","embeddable":true,"href":"https:\/\/www.die-stadtzeitung.de\/index.php\/wp-json\/wp\/v2\/tags?post=82714"}],"curies":[{"name":"wp","href":"https:\/\/api.w.org\/{rel}","templated":true}]}}