{"id":82538,"date":"2025-04-19T13:02:22","date_gmt":"2025-04-19T11:02:22","guid":{"rendered":"https:\/\/www.die-stadtzeitung.de\/?p=82538"},"modified":"2025-04-27T09:04:12","modified_gmt":"2025-04-27T07:04:12","slug":"rtl-moderatorin-katja-burkard-liest-aus-ihrer-biografie","status":"publish","type":"post","link":"https:\/\/www.die-stadtzeitung.de\/index.php\/2025\/04\/19\/rtl-moderatorin-katja-burkard-liest-aus-ihrer-biografie\/","title":{"rendered":"RTL-Moderatorin Katja Burkard liest aus ihrer Biografie"},"content":{"rendered":"<div id=\"attachment_82545\" class=\"wp-caption alignnone\" style=\"max-width: 1193px;\"><img loading=\"lazy\" decoding=\"async\" class=\"wp-image-82545 size-full\" src=\"\/wp-content\/uploads\/2025\/03\/1-Kopie-2.jpg\" alt=\"\" width=\"1183\" height=\"879\" \/><span class=\"wp-caption-text\">Die beliebte RTL-Moderatorin und Buchautorin Katja Burkard &#8211; \u00a9 Stephan Pick<\/span><\/div>\n<p>Am 21. April wird Katja Burkard, eine der bekanntesten, deutschen\u00a0Fernseh-Moderatorinnen, 60 Jahre alt. Anlass f\u00fcr sie, das Buch \u201e60 ist das neue 60 \u2013 Und warum das \u00fcberhaupt nicht wehtut\u201c zu schreiben. Am 30. April stellt die beliebte RTL-Journalistin ihre spektakul\u00e4re Biografie bei einer Lesung im exklusiven Rahmen in der Kunst- &amp; Kultur-Galerie \u201eS-ART\u201c in Essen vor.<\/p>\n<p>Seit 1997 ist Katja Burkard Hauptmoderatorin des beliebten RTL-Mittagsmagazins \u201ePunkt 12\u201c und seit 1998 Lebensgef\u00e4hrtin des Medien-Managers und Ex-RTL-Chefredakteurs Hans Mahr. Gemeinsam haben sie zwei T\u00f6chter.<\/p>\n<p>\u201e60 ist die neu 60\u201c ist ihr zweites Buch nach der Ver\u00f6ffentlichung von \u201eWechseljahre? Keine Panik!\u201c. Aufmerksam au\u00dferhalb ihrer Pr\u00e4senz als Fernseh-Moderatorin erzielte sie durch Gastauftritte u.a. bei \u201eDoctor\u2019s Diary\u201c, \u201eLichter! Lafer! Lecker!\u201c, \u201eLet\u2019s Dance\u201c, \u201eThe Masked Singer\u201c, \u201eGrill den Henssler\u201c, \u201eWer wei\u00df denn sowas?\u201c und \u201eSchlag den Star\u201c.<\/p>\n<h4>Berufliches und Privates<\/h4>\n<p>In ihrem Buch verr\u00e4t die weit \u00fcber Deutschland bekannte TV-Journalistin spannende Anekdoten und Details aus ihren Berufs-, aber auch aus ihrem ansonsten gut beh\u00fcteten Privat-Leben. So auch, dass sie und ihr langj\u00e4hriger Lebensgef\u00e4hrte Hans Mahr einmal f\u00fcr 12 Monate eine Beziehungspause eingelegt haben. Und vieles mehr.<\/p>\n<p>Am 30.04.2024 ist Katja Burkard Star- Gast der Autoren-Reihe \u201eSHARY`s Les-ART\u201c in der Kunst- und Kultur-Galerie \u201eS-ART\u201c, die der Essener Architekt und K\u00fcnstler Sharyar Azhdari mit seiner Ehefrau Azadeh, ebenfalls Architektin, betreibt .<\/p>\n<div id=\"attachment_82542\" class=\"wp-caption alignnone\" style=\"max-width: 460px;\"><img loading=\"lazy\" decoding=\"async\" class=\"wp-image-82542 size-full\" src=\"\/wp-content\/uploads\/2025\/03\/71BjKyMxDL._SL1500_-Kopie.jpg\" alt=\"\" width=\"450\" height=\"750\" \/><span class=\"wp-caption-text\">&#8222;60 ist das neue 60 &#8211; Und warum das \u00fcberhaupt nicht wehtut&#8220; &#8211; Katja Burkard &#8211; Blanvalet Verlag &#8211; 208 Seiten &#8211; ISBH-10: 3764508906 &#8211; ISBN-13: 978-3764508906<\/span><\/div>\n<p><strong>Termin:<\/strong><\/p>\n<p><strong>Autoren-Lesung der Reihe \u201eSHARY\u2019s S-ART\u201c<\/strong><\/p>\n<p><strong>KATJA BURKARD<\/strong><\/p>\n<p><strong>\u201e60 ist die neue 60 \u2013 Und warum es \u00fcberhaupt nicht wehtut\u201c<\/strong><\/p>\n<p>Gala-Lesung mit exklusiven \u201eFlying-Buffet\u201c des Essener Spitzen-Restaurants \u201eChefs &amp; Butchers\u201c<\/p>\n<p><strong>Support:<\/strong> Maxi Strange &#8211; SingerSongwriter aus D\u00fcsseldorf<\/p>\n<p><strong>Mittwoch \u2013 30. April 2025 \u2013 20:00 Uhr \u2013 Einlass: 18:30 Uhr<\/strong><\/p>\n<p>Kunst- &amp; Kultur-Galerie \u201eS-ART\u201c \u2013 Lindengalerie \u2013 Lindenallee 10 \u2013 4512 Essen<\/p>\n<p>Parkhaus am Deutschlandhaus direkt hinter der Lindengalerie (Lindenalle 10B)<\/p>\n<p><strong>Tickets<\/strong> unter <a href=\"mailto:Azhdari@gmx.de\">Azhdari@gmx.de<\/a> und bei ReserviX unter diesem <strong>LINK:<\/strong><\/p>\n<p><a href=\"https:\/\/www.reservix.de\/tickets-katja-burkard-autorenlesung-60-ist-die-neue-60-in-essen-galerie-s-art-am-30-4-2025\/e2394910\">https:\/\/www.reservix.de\/tickets-katja-burkard-autorenlesung-60-ist-die-neue-60-in-essen-galerie-s-art-am-30-4-2025\/e2394910<\/a><\/p>\n","protected":false},"excerpt":{"rendered":"<p>F\u00fcr viele ist sie eine gute Bekannte, fast schon eine Freundin, die regelm\u00e4\u00dfig zu Besuch kommt. F\u00fcnfmal in der Woche erscheint Katja Burkard 1auf der Mattscheibe und moderiert souver\u00e4n und charmant das zweist\u00fcndige RTL-Mittagsmagazin \u201ePunkt 12\u201c. <\/p>\n","protected":false},"author":7,"featured_media":0,"comment_status":"open","ping_status":"open","sticky":false,"template":"","format":"standard","meta":{"footnotes":""},"categories":[29],"tags":[],"class_list":["post-82538","post","type-post","status-publish","format-standard","hentry","category-kultur"],"publishpress_future_action":{"enabled":false,"date":"2026-05-09 15:06:18","action":"change-status","newStatus":"draft","terms":[],"taxonomy":"category","extraData":[]},"publishpress_future_workflow_manual_trigger":{"enabledWorkflows":[]},"_links":{"self":[{"href":"https:\/\/www.die-stadtzeitung.de\/index.php\/wp-json\/wp\/v2\/posts\/82538","targetHints":{"allow":["GET"]}}],"collection":[{"href":"https:\/\/www.die-stadtzeitung.de\/index.php\/wp-json\/wp\/v2\/posts"}],"about":[{"href":"https:\/\/www.die-stadtzeitung.de\/index.php\/wp-json\/wp\/v2\/types\/post"}],"author":[{"embeddable":true,"href":"https:\/\/www.die-stadtzeitung.de\/index.php\/wp-json\/wp\/v2\/users\/7"}],"replies":[{"embeddable":true,"href":"https:\/\/www.die-stadtzeitung.de\/index.php\/wp-json\/wp\/v2\/comments?post=82538"}],"version-history":[{"count":10,"href":"https:\/\/www.die-stadtzeitung.de\/index.php\/wp-json\/wp\/v2\/posts\/82538\/revisions"}],"predecessor-version":[{"id":83037,"href":"https:\/\/www.die-stadtzeitung.de\/index.php\/wp-json\/wp\/v2\/posts\/82538\/revisions\/83037"}],"wp:attachment":[{"href":"https:\/\/www.die-stadtzeitung.de\/index.php\/wp-json\/wp\/v2\/media?parent=82538"}],"wp:term":[{"taxonomy":"category","embeddable":true,"href":"https:\/\/www.die-stadtzeitung.de\/index.php\/wp-json\/wp\/v2\/categories?post=82538"},{"taxonomy":"post_tag","embeddable":true,"href":"https:\/\/www.die-stadtzeitung.de\/index.php\/wp-json\/wp\/v2\/tags?post=82538"}],"curies":[{"name":"wp","href":"https:\/\/api.w.org\/{rel}","templated":true}]}}