{"id":81994,"date":"2025-02-27T10:16:00","date_gmt":"2025-02-27T09:16:00","guid":{"rendered":"https:\/\/www.die-stadtzeitung.de\/?p=81994"},"modified":"2025-02-28T10:16:19","modified_gmt":"2025-02-28T09:16:19","slug":"skulpturenpark-christian-koch-neuer-geschaeftsfuehrer","status":"publish","type":"post","link":"https:\/\/www.die-stadtzeitung.de\/index.php\/2025\/02\/27\/skulpturenpark-christian-koch-neuer-geschaeftsfuehrer\/","title":{"rendered":"Skulpturenpark: Christian Koch neuer Gesch\u00e4ftsf\u00fchrer"},"content":{"rendered":"<div id=\"attachment_81995\" class=\"wp-caption alignnone\" style=\"max-width: 2570px;\"><img loading=\"lazy\" decoding=\"async\" class=\"wp-image-81995 size-full\" src=\"\/wp-content\/uploads\/2025\/02\/Chrsitian-Koch-c-Anna-Schwartz-scaled.jpg\" alt=\"\" width=\"2560\" height=\"1613\" \/><span class=\"wp-caption-text\">Christian Koch, neuer Gesch\u00e4ftsf\u00fchrer des Skulpturenparks &#8222;Waldfrieden&#8220; &#8211; \u00a9 Anna Schwartz<\/span><\/div>\n<p>Christian Koch ist studierter Germanist und Historiker. Nach T\u00e4tigkeiten als Buchh\u00e4ndler und Zeitschriftenredakteur \u00fcbernahm er 2006 die Verwaltungsleitung des W\u00fcrttembergischen Kunstvereins Stuttgart. Von 2009 bis 2012 war er Gesch\u00e4ftsf\u00fchrer von PACT Zollverein Essen.<\/p>\n<p>Mit Wuppertal verbindet Christian Koch bereits die Arbeit f\u00fcr verschiedene Projekte: 2012 bis 2014 war er als Administrator f\u00fcr das Festival Pina 40 \u2013 40 Jahre Tanztheater Wuppertal Pina Bausch t\u00e4tig. Danach, 2014 \u2013 2016, war er Gesch\u00e4ftsf\u00fchrer der Pina Bausch Foundation, schlie\u00dflich bis 2018 f\u00fcr die Stadt Wuppertal als Projektleiter f\u00fcr das Projekt Pina Bausch Zentrum.<\/p>\n<p>Seit 2012 arbeitet Christian Koch in verschiedenen Konstellationen und Funktionen mit K\u00fcnstlerinnen und K\u00fcnstlern sowie K\u00fcnstlerkollektiven und freien Kulturinstitutionen zusammen.<\/p>\n<p>\u201eDie \u00dcbernahme der Gesch\u00e4ftsf\u00fchrung des Skulpturenparks Waldfrieden ist f\u00fcr mich nicht nur der Sprung in eine spannende, herausfordernde Aufgabe im Dienst eines der sch\u00f6nsten Orte f\u00fcr Kunst, die ich kenne. Sie ist auch eine zweifache R\u00fcckkehr: Zur Bildenden Kunst und nach Wuppertal. Ich freue mich auf viele interessante und bereichernde Begegnungen an diesem einmaligen Ort und ganz besonders auf die Zusammenarbeit mit Tony Cragg und dem gesamten Team.\u201c<\/p>\n<p>&nbsp;<\/p>\n","protected":false},"excerpt":{"rendered":"<p>Der Skulpturenpark &#8222;Waldfrieden&#8220; bekommt eine neue Gesch\u00e4ftsf\u00fchrung. Ab dem 01. M\u00e4rz leitet Christian Koch die kaufm\u00e4nnischen Geschicke im international gesch\u00e4tzten Freiluft-Museum des weltber\u00fchmten Bildhauers Tony Cragg. Er ist Nachfolger von Michael Mader, der diese Position von 2009 bis 2024 bekleidete.<\/p>\n","protected":false},"author":7,"featured_media":0,"comment_status":"open","ping_status":"open","sticky":false,"template":"","format":"standard","meta":{"footnotes":""},"categories":[29],"tags":[],"class_list":["post-81994","post","type-post","status-publish","format-standard","hentry","category-kultur"],"publishpress_future_action":{"enabled":false,"date":"2026-05-07 04:10:19","action":"change-status","newStatus":"draft","terms":[],"taxonomy":"category","extraData":[]},"publishpress_future_workflow_manual_trigger":{"enabledWorkflows":[]},"_links":{"self":[{"href":"https:\/\/www.die-stadtzeitung.de\/index.php\/wp-json\/wp\/v2\/posts\/81994","targetHints":{"allow":["GET"]}}],"collection":[{"href":"https:\/\/www.die-stadtzeitung.de\/index.php\/wp-json\/wp\/v2\/posts"}],"about":[{"href":"https:\/\/www.die-stadtzeitung.de\/index.php\/wp-json\/wp\/v2\/types\/post"}],"author":[{"embeddable":true,"href":"https:\/\/www.die-stadtzeitung.de\/index.php\/wp-json\/wp\/v2\/users\/7"}],"replies":[{"embeddable":true,"href":"https:\/\/www.die-stadtzeitung.de\/index.php\/wp-json\/wp\/v2\/comments?post=81994"}],"version-history":[{"count":2,"href":"https:\/\/www.die-stadtzeitung.de\/index.php\/wp-json\/wp\/v2\/posts\/81994\/revisions"}],"predecessor-version":[{"id":81997,"href":"https:\/\/www.die-stadtzeitung.de\/index.php\/wp-json\/wp\/v2\/posts\/81994\/revisions\/81997"}],"wp:attachment":[{"href":"https:\/\/www.die-stadtzeitung.de\/index.php\/wp-json\/wp\/v2\/media?parent=81994"}],"wp:term":[{"taxonomy":"category","embeddable":true,"href":"https:\/\/www.die-stadtzeitung.de\/index.php\/wp-json\/wp\/v2\/categories?post=81994"},{"taxonomy":"post_tag","embeddable":true,"href":"https:\/\/www.die-stadtzeitung.de\/index.php\/wp-json\/wp\/v2\/tags?post=81994"}],"curies":[{"name":"wp","href":"https:\/\/api.w.org\/{rel}","templated":true}]}}