{"id":81990,"date":"2025-02-20T08:10:26","date_gmt":"2025-02-20T07:10:26","guid":{"rendered":"https:\/\/www.die-stadtzeitung.de\/?p=81990"},"modified":"2025-03-01T18:33:06","modified_gmt":"2025-03-01T17:33:06","slug":"wsv-abstiegskampf-gegen-den-sc-wiedenbrueck","status":"publish","type":"post","link":"https:\/\/www.die-stadtzeitung.de\/index.php\/2025\/02\/20\/wsv-abstiegskampf-gegen-den-sc-wiedenbrueck\/","title":{"rendered":"WSV: Abstiegskampf gegen den SC Wiedenbr\u00fcck"},"content":{"rendered":"<div id=\"attachment_56602\" class=\"wp-caption alignnone\" style=\"max-width: 2570px;\"><img loading=\"lazy\" decoding=\"async\" class=\"size-full wp-image-56602\" src=\"\/wp-content\/uploads\/2022\/11\/Classen-05-11-2022-046-2-scaled.jpg\" alt=\"\" width=\"2560\" height=\"1707\" \/><span class=\"wp-caption-text\">WSV-Kapit\u00e4n Kevin Hagemann kann gegen den SC Wiedenbr\u00fcck im Abstiegsduell wieder auflaufen\u00a0 &#8211; \u00a9 Archivfoto Jochen Classen<\/span><\/div>\n<p>Es sind bekanntlich einschlie\u00dflich der Partie gegen Wiedenbr\u00fcck bis Saisonende noch 11 Spieltage. Gleichwohl hat die Begegnung gegen den 17. der Tabelle eine gro\u00dfe psychologische Bedeutung \u2013 zumal es sich um ein Heimspiel handelt.<\/p>\n<p>Auch das sechste Spiel hintereinander nicht zu gewinnen, w\u00e4re schon eine schwere Hypothek f\u00fcr die restlichen Spieltage der Saison, die f\u00fcr den WSV bisher sehr entt\u00e4uschend verlief.<\/p>\n<p>Sebastian Tyrala hat die Qual der Wahl, auch wenn feststeht, dass Stammtorh\u00fcter Krystian Torwart Wozniak wegen eines Fingerbruchs erneut nicht spielen kann. Daf\u00fcr ist \u00a0Mannschaftskapit\u00e4n Kevin Hagemann aber \u00a0wieder genesen und kann eingesetzt werden.<\/p>\n<p>Semir Saric macht \u00fcbrigens am Samstag sein 201. Spiel f\u00fcr den WSV und strahlt ebenso wie sein Trainer Sebastian Tyrala Optimismus aus. Beide hoffen auch auf starke Unterst\u00fctzung von den R\u00e4ngen.<\/p>\n<p>\u00dcbrigens hatten beide Mannschaften am letzten Wochenende mit 0:1 verloren. Die WSV-Fans hoffen jedenfalls, dass die Niederlagen-Serie ihrer Mannschaft endlich rei\u00dft. <strong>(sj)<\/strong><\/p>\n<p>&nbsp;<\/p>\n<p>&nbsp;<\/p>\n<p>&nbsp;<\/p>\n","protected":false},"excerpt":{"rendered":"<p>Der Wuppertaler SV, mit 23 Punkten 13. Der Regionalliga-West, empf\u00e4ngt am Samstag (01.03. \u2013 14 Uhr) den Tabellenvorletzten SC Wiedenbr\u00fcck (18 Z\u00e4hler) im Stadion am Zoo zum Abstiegs-Duell. Von einem Endspiel m\u00f6chte WSV-Cheftrainer Sebastian Tyrala aber noch nicht sprechen.<\/p>\n","protected":false},"author":7,"featured_media":0,"comment_status":"open","ping_status":"open","sticky":false,"template":"","format":"standard","meta":{"footnotes":""},"categories":[20],"tags":[],"class_list":["post-81990","post","type-post","status-publish","format-standard","hentry","category-sport"],"publishpress_future_action":{"enabled":false,"date":"2026-05-07 06:32:51","action":"change-status","newStatus":"draft","terms":[],"taxonomy":"category","extraData":[]},"publishpress_future_workflow_manual_trigger":{"enabledWorkflows":[]},"_links":{"self":[{"href":"https:\/\/www.die-stadtzeitung.de\/index.php\/wp-json\/wp\/v2\/posts\/81990","targetHints":{"allow":["GET"]}}],"collection":[{"href":"https:\/\/www.die-stadtzeitung.de\/index.php\/wp-json\/wp\/v2\/posts"}],"about":[{"href":"https:\/\/www.die-stadtzeitung.de\/index.php\/wp-json\/wp\/v2\/types\/post"}],"author":[{"embeddable":true,"href":"https:\/\/www.die-stadtzeitung.de\/index.php\/wp-json\/wp\/v2\/users\/7"}],"replies":[{"embeddable":true,"href":"https:\/\/www.die-stadtzeitung.de\/index.php\/wp-json\/wp\/v2\/comments?post=81990"}],"version-history":[{"count":1,"href":"https:\/\/www.die-stadtzeitung.de\/index.php\/wp-json\/wp\/v2\/posts\/81990\/revisions"}],"predecessor-version":[{"id":81991,"href":"https:\/\/www.die-stadtzeitung.de\/index.php\/wp-json\/wp\/v2\/posts\/81990\/revisions\/81991"}],"wp:attachment":[{"href":"https:\/\/www.die-stadtzeitung.de\/index.php\/wp-json\/wp\/v2\/media?parent=81990"}],"wp:term":[{"taxonomy":"category","embeddable":true,"href":"https:\/\/www.die-stadtzeitung.de\/index.php\/wp-json\/wp\/v2\/categories?post=81990"},{"taxonomy":"post_tag","embeddable":true,"href":"https:\/\/www.die-stadtzeitung.de\/index.php\/wp-json\/wp\/v2\/tags?post=81990"}],"curies":[{"name":"wp","href":"https:\/\/api.w.org\/{rel}","templated":true}]}}