{"id":81922,"date":"2025-02-25T07:12:04","date_gmt":"2025-02-25T06:12:04","guid":{"rendered":"https:\/\/www.die-stadtzeitung.de\/?p=81922"},"modified":"2025-02-28T10:55:58","modified_gmt":"2025-02-28T09:55:58","slug":"charles-petersohn-cmone-die-vielseitige-kuenstlerin","status":"publish","type":"post","link":"https:\/\/www.die-stadtzeitung.de\/index.php\/2025\/02\/25\/charles-petersohn-cmone-die-vielseitige-kuenstlerin\/","title":{"rendered":"Charles Petersohn: C:MONE &#8211; die vielseitige K\u00fcnstlerin"},"content":{"rendered":"<div id=\"attachment_81926\" class=\"wp-caption alignnone\" style=\"max-width: 1090px;\"><img loading=\"lazy\" decoding=\"async\" class=\"size-full wp-image-81926\" src=\"\/wp-content\/uploads\/2025\/02\/DJ-C_MONE.jpg\" alt=\"\" width=\"1080\" height=\"821\" \/><span class=\"wp-caption-text\">DJ C:MONE, eine tolle, vielseitige K\u00fcnstlerin tritt am\u00a0 Freitag im KuKuNa-Atlier auf &#8211; \u00a9 KuKuNa<\/span><\/div>\n<p>&#8222;F\u00fcr mich pers\u00f6nlich wird es ab dem kommenden Wochenende spannend. Kann es kaum erwarten. Am Freitag (28. Februar) wird das erste St\u00fcck meiner EP \u201eCHILDREN OF ZU ZU\u201c bei Compost Records ver\u00f6ffentlicht.<\/p>\n<p>Beim Warming Up f\u00fcr \u201eC:MONE\u201c im KuKuNa-Atelier werde ich einige St\u00fccke der Platte spielen. Erste Reviews, z.B. im JAZZTHING, sind sehr verhei\u00dfungsvoll. Auch das Feedback einiger Freundinnen, Freunde sowie DJs, Promoter und Produzenten vor allem in England, machen mich schon jetzt einigerma\u00dfen gl\u00fccklich.<\/p>\n<p>Wie kann man mit so viel &#8222;Vorschuss-Lorbeeren&#8220; rechnen? Ein lang gehegter Traum geht in Erf\u00fcllung. Erste selbst produzierte Platte,\u00a0ver\u00f6ffentlicht bei einem meiner Lieblings-Plattenlabel und viele gute Vibes vorab aus dem Mekka der Club Culture, London, Manchester und Co.!<\/p>\n<div id=\"attachment_50603\" class=\"wp-caption alignnone\" style=\"max-width: 453px;\"><img loading=\"lazy\" decoding=\"async\" class=\"wp-image-50603 size-full\" src=\"\/wp-content\/uploads\/2022\/03\/charles.petersohn-osswald-fotografie-2-1024x721-2.jpeg\" alt=\"\" width=\"443\" height=\"191\" \/><span class=\"wp-caption-text\">Der K\u00fcnstler Charles Petersohn &#8211; \u00a9 Bettina Osswald<\/span><\/div>\n<p>Kommt am Freitag ins KuKuNa-Atelier, dann k\u00f6nnen wir gemeinsam tanzen und feiern. Wir zelebrieren die Finissage der Ausstellung des \u201eBlack History Month\u201c mit dem K\u00fcnstler <a href=\"https:\/\/www.instagram.com\/zerie.ge\/\">FEDEN GEBREYESSUS<\/a>.<\/p>\n<p>Beginn ist 19 Uhr. Um 20:30 Uhr starte ich mit dem Warm Up DJ-Set f\u00fcr die wunderbare <a href=\"https:\/\/soundcloud.com\/tuincybright\/epiq-nights-set-may-2024\">C:MONE<\/a>.\u00a0 Sie ist \u00e4u\u00dferst vielseitig. Das passt wunderbar. Wir werden uns toll erg\u00e4nzen k\u00f6nnen.<\/p>\n<p>Wir freuen uns auf euren Besuch im KuKuNa-Atelier!!!&#8220;<\/p>\n<p><strong>Euer Charles Petersohn<\/strong><\/p>\n<div id=\"attachment_81928\" class=\"wp-caption alignnone\" style=\"max-width: 360px;\"><img loading=\"lazy\" decoding=\"async\" class=\"wp-image-81928 size-full\" src=\"\/wp-content\/uploads\/2025\/02\/2025.02.-BHM25_Insta_FinissageundDJ.png_299954938.png\" alt=\"\" width=\"350\" height=\"350\" \/><span class=\"wp-caption-text\">Das Plakat zur Veranstaltung &#8211; \u00a9 KuKuNa<\/span><\/div>\n<h2>Pre Release von &#8222;CHILDEN OF ZU ZU&#8220;<\/h2>\n<p>Ihr k\u00f6nnt die Platte und das digitale Album vorbestellen und einen ersten Eindruck bekommen. Auf Spotify, Youtube, Soundcloud, etc. Den Titeltrack kann man sofort h\u00f6ren und\/oder kaufen. Besonderer Dank gilt auch meinem Freund Daniel Schmitt, der dieses tolle Foto aus dem Township e&#8217;Malahleni (Ort der Kohle) in S\u00fcdafrika f\u00fcr die Platte zur Verf\u00fcgung gestellt hat.<\/p>\n<p>Und auch Compost Records in M\u00fcnchen, die an den Sound glauben, und seit Monaten alles daf\u00fcr tun, dass die Musik und die Botschaft, die auch mit dem Cover vermittelt wird, weltweit Geh\u00f6r findet!<\/p>\n<div id=\"attachment_82004\" class=\"wp-caption alignnone\" style=\"max-width: 410px;\"><img loading=\"lazy\" decoding=\"async\" class=\"wp-image-82004 size-full\" src=\"\/wp-content\/uploads\/2025\/02\/Cover_CP_Children-Of-Zu-Zu-Kopie.jpg\" alt=\"\" width=\"400\" height=\"400\" \/><span class=\"wp-caption-text\">Das Cover von &#8222;Children Of Zu Zu&#8220; &#8211; \u00a9 Charles Petersohn<\/span><\/div>\n<h4>Hier geht es zum Pre Release<\/h4>\n<div>\n<p><strong>HEUTE IT GOES LOOSE &gt;&gt;&gt;<\/strong> <strong><a href=\"https:\/\/compostrecords.bandcamp.com\/album\/children-of-zu-zu-ep\">children of zu zu pre release<\/a><\/strong><\/p>\n<p>&nbsp;<\/p>\n<\/div>\n<div><\/div>\n<div><\/div>\n","protected":false},"excerpt":{"rendered":"<p>Charles Petersohn, Musiker, Komponist, DJ, Moderator, l\u00e4sst seine Fans in seiner Kolumne regelm\u00e4ssig an seiner k\u00fcnstlerischen und musikalischen Gef\u00fchlswelt teilhaben. Und er macht auch auf Veranstaltungen aufmerksam, bei denen er oder seine Musik-Kolleginnen und -Kollegen f\u00fcr das coole Feeling und den Groove sorgen.<\/p>\n","protected":false},"author":7,"featured_media":0,"comment_status":"open","ping_status":"open","sticky":false,"template":"","format":"standard","meta":{"footnotes":""},"categories":[29],"tags":[],"class_list":["post-81922","post","type-post","status-publish","format-standard","hentry","category-kultur"],"publishpress_future_action":{"enabled":false,"date":"2026-05-07 13:37:53","action":"change-status","newStatus":"draft","terms":[],"taxonomy":"category","extraData":[]},"publishpress_future_workflow_manual_trigger":{"enabledWorkflows":[]},"_links":{"self":[{"href":"https:\/\/www.die-stadtzeitung.de\/index.php\/wp-json\/wp\/v2\/posts\/81922","targetHints":{"allow":["GET"]}}],"collection":[{"href":"https:\/\/www.die-stadtzeitung.de\/index.php\/wp-json\/wp\/v2\/posts"}],"about":[{"href":"https:\/\/www.die-stadtzeitung.de\/index.php\/wp-json\/wp\/v2\/types\/post"}],"author":[{"embeddable":true,"href":"https:\/\/www.die-stadtzeitung.de\/index.php\/wp-json\/wp\/v2\/users\/7"}],"replies":[{"embeddable":true,"href":"https:\/\/www.die-stadtzeitung.de\/index.php\/wp-json\/wp\/v2\/comments?post=81922"}],"version-history":[{"count":9,"href":"https:\/\/www.die-stadtzeitung.de\/index.php\/wp-json\/wp\/v2\/posts\/81922\/revisions"}],"predecessor-version":[{"id":82006,"href":"https:\/\/www.die-stadtzeitung.de\/index.php\/wp-json\/wp\/v2\/posts\/81922\/revisions\/82006"}],"wp:attachment":[{"href":"https:\/\/www.die-stadtzeitung.de\/index.php\/wp-json\/wp\/v2\/media?parent=81922"}],"wp:term":[{"taxonomy":"category","embeddable":true,"href":"https:\/\/www.die-stadtzeitung.de\/index.php\/wp-json\/wp\/v2\/categories?post=81922"},{"taxonomy":"post_tag","embeddable":true,"href":"https:\/\/www.die-stadtzeitung.de\/index.php\/wp-json\/wp\/v2\/tags?post=81922"}],"curies":[{"name":"wp","href":"https:\/\/api.w.org\/{rel}","templated":true}]}}