{"id":81867,"date":"2025-03-05T10:44:59","date_gmt":"2025-03-05T09:44:59","guid":{"rendered":"https:\/\/www.die-stadtzeitung.de\/?p=81867"},"modified":"2025-03-15T10:14:06","modified_gmt":"2025-03-15T09:14:06","slug":"love-songs-benny-joyce-steven-mageney-jay-oh","status":"publish","type":"post","link":"https:\/\/www.die-stadtzeitung.de\/index.php\/2025\/03\/05\/love-songs-benny-joyce-steven-mageney-jay-oh\/","title":{"rendered":"Love-Songs: Benny &#038; Joyce, Steven Mageney &#038; Jay Oh"},"content":{"rendered":"<div id=\"attachment_82243\" class=\"wp-caption alignnone\" style=\"max-width: 2061px;\"><img loading=\"lazy\" decoding=\"async\" class=\"wp-image-82243 size-full\" src=\"\/wp-content\/uploads\/2025\/03\/cropped-IMG_1006-scaled-1.jpg\" alt=\"\" width=\"2051\" height=\"1328\" \/><span class=\"wp-caption-text\">Der S\u00e4nger Jay Oh und die S\u00e4ngerin Joyce van de Pol bei einem gemeinsamen Konzert in einer Essener U-Bahn-Station &#8211; \u00a9 Paul Coon<\/span><\/div>\n<p>Am kommenden Freitag (14.03.) pr\u00e4sentieren die drei Vollblut-Musiker wieder in der Kunst- &amp; Kultur-Galerie \u201eS-Art\u201c (Essen) in Candlelight-Atmosph\u00e4re die sch\u00f6nsten Love-Songs der Rock-, Pop-, und Soul-Geschichte.<\/p>\n<p>Der Reiz und das Alleinstellungsmerkmal des erfolgreichen Projekts liegt nicht zuletzt darin, dass die drei Protagonisten eigentlich in v\u00f6llig unterschiedlichen Musikwelten zuhause sind.<\/p>\n<p>Joyce van de Pol, Absolventin der renommierten ber\u00fchmten Folkwang-Musikhochschule in Essen, ihr Ehemann Benjamin Nausch\u00fctz, begnadeter S\u00e4nger und Keyboarder, der neben seiner Musikkarriere noch als Rechtsanwalt arbeitet, kommen aus der Jazz-, Soul-, Pop- &amp; Blues-Ecke. Als Duo \u201eBenny &amp; Joyce\u201c sind die beiden seit vielen Jahren Deutschland weit und dar\u00fcber hinaus erfolgreich unterwegs.<\/p>\n<div id=\"attachment_81873\" class=\"wp-caption alignnone\" style=\"max-width: 2570px;\"><img loading=\"lazy\" decoding=\"async\" class=\"wp-image-81873 size-full\" src=\"\/wp-content\/uploads\/2025\/02\/DSC08589-scaled-1.jpg\" alt=\"\" width=\"2560\" height=\"1771\" \/><span class=\"wp-caption-text\">Stehen hinter dem erfolgreichen Projekt &#8222;Night of Ballads&#8220;: (v.l.) Steven Mageney, Joyce van de Pol und Benjamin Nausch\u00fctz &#8211; \u00a9 Ha Lin<\/span><\/div>\n<p>Steven Mageney ist S\u00e4nger und Frontmann der Wuppertaler Hardrock-Cover-Band \u201eBourbon Street\u201c und der Schweizer Melodic-Hardrock-Legende \u201eCrystal Ball\u201c, die seit Jahren in dem Alpenland und in ganz Europa bei Konzerten und auf Festivals mit ihrem Power-Sound kr\u00e4ftig abrocken.<\/p>\n<p>So unterschiedlich auch die musikalischen Wurzeln sind, bei der \u201eNight Of Ballads\u201c harmoniert das Trio kongenial und liefert Satzgesang vom Feinsten ab. Zum Repertoire der drei geh\u00f6ren Balladen-Klassiker wie \u201eWish You Were Here\u201c (Pink Floyd) \u2013 \u201eBridge Over Troubled Water\u201c (Simon &amp; Garfunkel) \u2013 \u201eI Wonna Know What Love Is\u201c (Foreigner) \u2013 \u201eCan You Feel The Love Tonight\u201c (Elton John) \u2013 \u201eDream On\u201c (Nazareth) \u2013 \u201eFragile\u201c (Sting) \u2013 \u201ePurple Rain\u201c (Prince) \u2013 Angels (Robin Williams) -\u201eHymn\u201c (Barclay James Harvest) und viele mehr.<\/p>\n<p>Steven Mageney, freut sich sehr auf das Konzert, das am 14 M\u00e4rz in der S-Art-Galerie in der Lindenallee mitten in der Essener City stattfinden wird: \u201eEs ist f\u00fcr mich immer wieder ein tolles Wiedersehen unter Freunden, die auch musikalisch super harmonieren und auch nach \u00fcber 15 Jahren \u201eNight of Ballads\u201c immer noch hochmotiviert sind, neue Songs aus der gro\u00dfen weiten Welt der Balladen zu pr\u00e4sentieren und noch besser zu performen. Und das in toller Club-Atmosph\u00e4re.\u201c<\/p>\n<div id=\"attachment_78975\" class=\"wp-caption alignnone\" style=\"max-width: 2570px;\"><img loading=\"lazy\" decoding=\"async\" class=\"size-full wp-image-78975\" src=\"\/wp-content\/uploads\/2024\/10\/Shary-185-1-scaled.jpg\" alt=\"\" width=\"2560\" height=\"1949\" \/><span class=\"wp-caption-text\">Wurden bei der &#8222;Night of Ballads&#8220; im M\u00e4rz 2024 vom Publikum gefeiert: (v.l.) Joyce van de Pol, Benjamin Nausch\u00fctz und Steven Mageney &#8211; \u00a9 Archivfoto Galerie S-Art<\/span><\/div>\n<p>Das sehen Joyce van de Pol und Benjamin Nausch\u00fctz \u00fcbrigens\u00a0 genauso. \u201eDie Leute sind immer wieder \u00fcberrascht, zu erleben, was dabei heraus kommt, wenn zwei v\u00f6llig unterschiedliche Musikwelten aufeinanderprallen.\u201c<\/p>\n<h4>\u00dcber den &#8222;Supertalent&#8220;-Gewinner Jay Oh<\/h4>\n<p>Der S\u00e4nger Jay Oh, der in Arnsberg geboren wurde, machte erstmals 2008 als Mitglied der Pop-Gruppe &#8222;Culture Box&#8220; auf sich aufmerksam. 2009 schaffte er es in den Recall der siebten Staffel der RTL-Casting-Show &#8222;Deutschland sucht den Superstar&#8220; (DSDS). 2015 gewann er den TV-Wettbewerb &#8222;Das Supertalent&#8220; (RTL). Mit Diana Scheider bildet er das Gesangs-Duo &#8222;ZweiLand&#8220;, das mit der Single &#8222;Komm wir heben ab&#8220; einen Achtungserfolg landete. Beim Musik-Projekt &#8222;Night of Ballads&#8220; gibt der begnadete S\u00e4nger jetzt eine Kostprobe seines K\u00f6nnens.\u00a0<strong>(pp)<\/strong><\/p>\n<p><img loading=\"lazy\" decoding=\"async\" class=\"alignnone size-full wp-image-81871\" src=\"\/wp-content\/uploads\/2025\/02\/detailEvent_2363700.jpg\" alt=\"\" width=\"280\" height=\"280\" \/><\/p>\n<p><strong>Termin:<\/strong><\/p>\n<p><strong>NIGHT OF BALLADS<\/strong><\/p>\n<p>Joyce van de Pol \u2013 Benjamin Nausch\u00fctz \u2013 Steven Mageney<\/p>\n<p><strong>Special Guest: Jay Oh<\/strong><\/p>\n<p><strong>Freitag \u2013 14.03.2025 \u2013 20:00 Uhr &#8211; Einla\u00df 18:30 Uhr<\/strong><\/p>\n<p>S-Art-Galerie \u2013 Lindenallee \u2013 Lindenalle 10 \u2013 45127<\/p>\n<p>Parkhaus in unmittelbarer N\u00e4he<\/p>\n<p><strong>Tickets: 20 \u20ac zzgl. Vvk.Geb. unter RESERVIX:\u00a0<a href=\"https:\/\/www.reservix.de\/tickets-night-of-ballads-in-essen-galerie-s-art-am-14-3-2025\/e2363700\">https:\/\/www.reservix.de\/tickets-night-of-ballads-in-essen-galerie-s-art-am-14-3-2025\/e2363700<\/a><\/strong><\/p>\n<p><strong>Tickets &amp; Infos auf der Webseite der &#8222;Kunst- &amp; Kultur-Galerie S-ART&#8220;:<\/strong><\/p>\n<p><a href=\"http:\/\/www.sartinfinity.com\">http:\/\/www.sartinfinity.com<\/a><\/p>\n<p>und an der <strong>Abendkasse<\/strong><\/p>\n<p><a href=\"http:\/\/www.bennyundjoyce.de\">www.bennyundjoyce.de<\/a><\/p>\n<p>www.stefanmageney.de<\/p>\n<p><a href=\"http:\/\/www.wuppertal-hilft.de\">www.wuppertal-hilft.de<\/a><\/p>\n<p>&nbsp;<\/p>\n","protected":false},"excerpt":{"rendered":"<p>Die Welt ist in Aufruhr, Krisen hier und da, jahrzehntelangen Beziehungen drohen zu zerbrechen. Zeit, einmal f\u00fcr ein paar Stunden abzuschalten und in die heile Welt der Musik zu fl\u00fcchten. In die Welt von \u201eNight Of Ballads\u201c, dem Musik-Projekt von Joyce van de Pol, Benjamin Nausch\u00fctz und dem Wuppertaler S\u00e4nger Steven Mageney. Als Special Guest ist &#8222;Supertalent&#8220;-Gewinner Jay Oh dabei.<\/p>\n","protected":false},"author":7,"featured_media":0,"comment_status":"open","ping_status":"open","sticky":false,"template":"","format":"standard","meta":{"footnotes":""},"categories":[29],"tags":[],"class_list":["post-81867","post","type-post","status-publish","format-standard","hentry","category-kultur"],"publishpress_future_action":{"enabled":false,"date":"2026-05-06 22:19:19","action":"change-status","newStatus":"draft","terms":[],"taxonomy":"category","extraData":[]},"publishpress_future_workflow_manual_trigger":{"enabledWorkflows":[]},"_links":{"self":[{"href":"https:\/\/www.die-stadtzeitung.de\/index.php\/wp-json\/wp\/v2\/posts\/81867","targetHints":{"allow":["GET"]}}],"collection":[{"href":"https:\/\/www.die-stadtzeitung.de\/index.php\/wp-json\/wp\/v2\/posts"}],"about":[{"href":"https:\/\/www.die-stadtzeitung.de\/index.php\/wp-json\/wp\/v2\/types\/post"}],"author":[{"embeddable":true,"href":"https:\/\/www.die-stadtzeitung.de\/index.php\/wp-json\/wp\/v2\/users\/7"}],"replies":[{"embeddable":true,"href":"https:\/\/www.die-stadtzeitung.de\/index.php\/wp-json\/wp\/v2\/comments?post=81867"}],"version-history":[{"count":16,"href":"https:\/\/www.die-stadtzeitung.de\/index.php\/wp-json\/wp\/v2\/posts\/81867\/revisions"}],"predecessor-version":[{"id":82248,"href":"https:\/\/www.die-stadtzeitung.de\/index.php\/wp-json\/wp\/v2\/posts\/81867\/revisions\/82248"}],"wp:attachment":[{"href":"https:\/\/www.die-stadtzeitung.de\/index.php\/wp-json\/wp\/v2\/media?parent=81867"}],"wp:term":[{"taxonomy":"category","embeddable":true,"href":"https:\/\/www.die-stadtzeitung.de\/index.php\/wp-json\/wp\/v2\/categories?post=81867"},{"taxonomy":"post_tag","embeddable":true,"href":"https:\/\/www.die-stadtzeitung.de\/index.php\/wp-json\/wp\/v2\/tags?post=81867"}],"curies":[{"name":"wp","href":"https:\/\/api.w.org\/{rel}","templated":true}]}}