{"id":81689,"date":"2025-02-17T22:01:41","date_gmt":"2025-02-17T21:01:41","guid":{"rendered":"https:\/\/www.die-stadtzeitung.de\/?p=81689"},"modified":"2025-02-21T16:46:50","modified_gmt":"2025-02-21T15:46:50","slug":"iryna-grossu-kunst-trifft-auf-psychologie","status":"publish","type":"post","link":"https:\/\/www.die-stadtzeitung.de\/index.php\/2025\/02\/17\/iryna-grossu-kunst-trifft-auf-psychologie\/","title":{"rendered":"Iryna Grossu: Kunst trifft auf Psychologie"},"content":{"rendered":"<div id=\"attachment_81694\" class=\"wp-caption alignnone\" style=\"max-width: 841px;\"><img loading=\"lazy\" decoding=\"async\" class=\"wp-image-81694 size-full\" src=\"\/wp-content\/uploads\/2025\/02\/PHOTO-2025-02-14-09-46-20-Kopie.jpg\" alt=\"\" width=\"831\" height=\"589\" \/><span class=\"wp-caption-text\">Iryna Grossu erkl\u00e4rt beim &#8222;Psynergie Forum&#8220; die Hintergr\u00fcnde ihres Ansatzes, Kunst und Psychologie zu verbinden &#8211; \u00a9 Psynergie Forum<\/span><\/div>\n<p>Das \u201ePsynergie Forum\u201c ist eine Plattform, die sie gemeinsam mit Nina Himmelspach, Coachin aus Balingen, entwickelt\u00a0 und mit Leben erf\u00fcllt hat. Das Forum bringt psychologische Berater, Coaches und Experten aus verschiedenen Bereichen zusammen, f\u00fcr die ganzheitlich K\u00f6rper, Seele und Geist im Mittelpunkt stehen. Ziel des Forums ist es, Wissen zu teilen, innovative Ans\u00e4tze zu f\u00f6rdern und Fachkr\u00e4fte in ihrer pers\u00f6nlichen und beruflichen Entwicklung zu unterst\u00fctzen.<\/p>\n<p>Iryna Grossu ist geb\u00fcrtige Ukrainerin und lebt seit 2006 in Deutschland. Ihr neues Zuhause ist Wuppertal. Gemeinsam mit ihrem Ehemann, dem Unternehmer Yevgen Besedin, hat sie den Charity-Verein \u201eStand with UA\u201c gegr\u00fcndet, der Fl\u00fcchtlinge aus der von Russlands Pr\u00e4sident Putin \u00fcberfallenen Ukraine unterst\u00fctzt.<\/p>\n<p>Iryna Grossu verfolgt mit ihrer allt\u00e4glichen Arbeit ein tiefgehendes Anliegen: Die Integration und psychologische Unterst\u00fctzung f\u00fcr Menschen mit Migrationshintergrund sowie die Begleitung von Senioren. Die von ihr geschaffene Kunst geht dabei weit \u00fcber \u00e4sthetische Darstellungen hinaus \u2013 sie wird zu einem Werkzeug der Selbstreflexion und Pers\u00f6nlichkeitsentwicklung.<\/p>\n<div id=\"attachment_81695\" class=\"wp-caption alignnone\" style=\"max-width: 560px;\"><img loading=\"lazy\" decoding=\"async\" class=\"wp-image-81695 size-full\" src=\"\/wp-content\/uploads\/2025\/02\/PHOTO-2025-02-14-09-43-42ccv.jpg\" alt=\"\" width=\"550\" height=\"538\" \/><span class=\"wp-caption-text\">Ein Teil der Werke von Iryna Grossu &#8211; \u00a9 Iryna Grossu<\/span><\/div>\n<p>Die Ausstellung zeigte eine Auswahl ihrer Werke, aus denen assoziative Karten f\u00fcr die psychologische Arbeit entstanden. Diese metaphorischen Karten helfen Menschen, tiefere Einblicke in ihre Emotionen und inneren Prozesse zu erhalten. Sie werden bereits erfolgreich in der psychologischen Beratung und im Coaching eingesetzt.<\/p>\n<p>Iryna Grossu ist bereits Autorin von drei Kartensets:<\/p>\n<p>\u201eSoul Pieces\u201c \u2013 Karten mit Gesichtern, die emotionale Resonanz und innere Anteile spiegeln.<\/p>\n<p>\u201eSoul Visions\u201c \u2013 abstrakte Karten zur Arbeit mit Intuition, Ressourcen und inneren Prozessen.<\/p>\n<p>\u201eSoul Says\u201c \u2013 Karten mit poetischen Texten, die zum Nachdenken anregen und intuitive Erkenntnisse erm\u00f6glichen.<\/p>\n<div id=\"attachment_81696\" class=\"wp-caption alignnone\" style=\"max-width: 560px;\"><img loading=\"lazy\" decoding=\"async\" class=\"wp-image-81696 size-full\" src=\"\/wp-content\/uploads\/2025\/02\/PHOTO-2025-02-14-09-56-57vvg.jpg\" alt=\"\" width=\"550\" height=\"428\" \/><span class=\"wp-caption-text\">Die Arbeiten von Iryna Grossu fanden auf der Ausstellung gro\u00dfes Interesse &#8211; \u00a9 Iryna Grossu<\/span><\/div>\n<p>Doch die K\u00fcnstlerin und Beraterin denkt schon ein ganzes St\u00fcck weiter: Sie plant die Gr\u00fcndung eines Vereins, der sich der Unterst\u00fctzung von Senioren und Fachkr\u00e4ften im psychologischen Bereich widmet. Besonders \u00e4ltere Menschen stehen oft vor emotionalen Herausforderungen, sei es durch Einsamkeit, Lebensumbr\u00fcche oder mangelnde gesellschaftliche Integration.<\/p>\n<p>Iryna Grossu m\u00f6chte ein Netzwerk schaffen, das Fachkr\u00e4fte aus Psychologie, Coaching und Gesundheitswesen zusammen bringt, um gezielt Angebote f\u00fcr diese Zielgruppe zu entwickeln.<\/p>\n<p>Mit ihrer Ausstellung hat Iryna Grossu neben der Pr\u00e4sentation ihrer Kunst auch einen wichtigen gesellschaftlichen Impuls gesetzt. Ihr Credo: \u201ePsychologische Unterst\u00fctzung, k\u00fcnstlerische Reflexion und Integration geh\u00f6ren zusammen \u2013 und sie k\u00f6nnen Leben ver\u00e4ndern.\u201c Klingt nicht nur spannend \u2013 ist es auch. <strong>(pp)<\/strong><\/p>\n<p><a href=\"http:\/\/www.grossu.de\">http:\/\/www.grossu.de<\/a><\/p>\n<div id=\"attachment_81697\" class=\"wp-caption alignnone\" style=\"max-width: 560px;\"><img loading=\"lazy\" decoding=\"async\" class=\"wp-image-81697 size-full\" src=\"\/wp-content\/uploads\/2025\/02\/PHOTO-2025-02-14-09-43-42.jpg\" alt=\"\" width=\"550\" height=\"601\" \/><span class=\"wp-caption-text\">Werke mit den denen Iryna Grossu Kunst und Psychologie in Einklang bringt &#8211; \u00a9 Iryna Grossu<\/span><\/div>\n","protected":false},"excerpt":{"rendered":"<p>Kunst trifft auf Psychologie! Iryna Grossu, psychologische Beraterin und K\u00fcnstlerin, geht neue Wege. Im November 2024 hat die Wahl-Wuppertalerin ihre au\u00dfergew\u00f6hnliche, vielbeachtete Ausstellung im Rahmen des \u201ePsynergie Forums\u201c in M\u00fcnchen pr\u00e4sentiert.<\/p>\n","protected":false},"author":7,"featured_media":0,"comment_status":"open","ping_status":"open","sticky":false,"template":"","format":"standard","meta":{"footnotes":""},"categories":[29],"tags":[],"class_list":["post-81689","post","type-post","status-publish","format-standard","hentry","category-kultur"],"publishpress_future_action":{"enabled":false,"date":"2026-05-05 12:27:53","action":"change-status","newStatus":"draft","terms":[],"taxonomy":"category","extraData":[]},"publishpress_future_workflow_manual_trigger":{"enabledWorkflows":[]},"_links":{"self":[{"href":"https:\/\/www.die-stadtzeitung.de\/index.php\/wp-json\/wp\/v2\/posts\/81689","targetHints":{"allow":["GET"]}}],"collection":[{"href":"https:\/\/www.die-stadtzeitung.de\/index.php\/wp-json\/wp\/v2\/posts"}],"about":[{"href":"https:\/\/www.die-stadtzeitung.de\/index.php\/wp-json\/wp\/v2\/types\/post"}],"author":[{"embeddable":true,"href":"https:\/\/www.die-stadtzeitung.de\/index.php\/wp-json\/wp\/v2\/users\/7"}],"replies":[{"embeddable":true,"href":"https:\/\/www.die-stadtzeitung.de\/index.php\/wp-json\/wp\/v2\/comments?post=81689"}],"version-history":[{"count":5,"href":"https:\/\/www.die-stadtzeitung.de\/index.php\/wp-json\/wp\/v2\/posts\/81689\/revisions"}],"predecessor-version":[{"id":81699,"href":"https:\/\/www.die-stadtzeitung.de\/index.php\/wp-json\/wp\/v2\/posts\/81689\/revisions\/81699"}],"wp:attachment":[{"href":"https:\/\/www.die-stadtzeitung.de\/index.php\/wp-json\/wp\/v2\/media?parent=81689"}],"wp:term":[{"taxonomy":"category","embeddable":true,"href":"https:\/\/www.die-stadtzeitung.de\/index.php\/wp-json\/wp\/v2\/categories?post=81689"},{"taxonomy":"post_tag","embeddable":true,"href":"https:\/\/www.die-stadtzeitung.de\/index.php\/wp-json\/wp\/v2\/tags?post=81689"}],"curies":[{"name":"wp","href":"https:\/\/api.w.org\/{rel}","templated":true}]}}